{"id":20586,"date":"2022-08-17T10:48:18","date_gmt":"2022-08-17T13:48:18","guid":{"rendered":"https:\/\/radiorevelacionfm.cl\/?p=20586"},"modified":"2022-08-17T11:26:25","modified_gmt":"2022-08-17T14:26:25","slug":"en-su-visita-a-la-region-directivos-de-foji-relevan-trabajo-de-las-orquestas-escolares-ayseninas","status":"publish","type":"post","link":"https:\/\/radiorevelacionfm.cl\/?p=20586","title":{"rendered":"En su visita a la regi\u00f3n directivos de FOJI relevan trabajo de las orquestas escolares ayseninas"},"content":{"rendered":"<div class=\"flex_column av_one_full  flex_column_div av-zero-column-padding first  avia-builder-el-0  el_before_av_one_full  avia-builder-el-first  \" style='border-radius:0px; '><div  class='avia-image-container  av-styling-    avia-builder-el-1  avia-builder-el-no-sibling  avia-align-center '  itemprop=\"image\" itemscope=\"itemscope\" itemtype=\"https:\/\/schema.org\/ImageObject\"  ><div class='avia-image-container-inner'><div class='avia-image-overlay-wrap'><img decoding=\"async\" class='wp-image-20590 avia-img-lazy-loading-not-20590 avia_image' src=\"https:\/\/radiorevelacionfm.cl\/wp-content\/uploads\/2022\/08\/298878764_5336359929824291_8191115926373853046_n-1-1_optimized.jpg\" alt='' title='298878764_5336359929824291_8191115926373853046_n-(1)-(1)_optimized' height=\"600\" width=\"923\"  itemprop=\"thumbnailUrl\" srcset=\"https:\/\/radiorevelacionfm.cl\/wp-content\/uploads\/2022\/08\/298878764_5336359929824291_8191115926373853046_n-1-1_optimized.jpg 923w, https:\/\/radiorevelacionfm.cl\/wp-content\/uploads\/2022\/08\/298878764_5336359929824291_8191115926373853046_n-1-1_optimized-300x195.jpg 300w, https:\/\/radiorevelacionfm.cl\/wp-content\/uploads\/2022\/08\/298878764_5336359929824291_8191115926373853046_n-1-1_optimized-768x499.jpg 768w, https:\/\/radiorevelacionfm.cl\/wp-content\/uploads\/2022\/08\/298878764_5336359929824291_8191115926373853046_n-1-1_optimized-705x458.jpg 705w, https:\/\/radiorevelacionfm.cl\/wp-content\/uploads\/2022\/08\/298878764_5336359929824291_8191115926373853046_n-1-1_optimized-600x390.jpg 600w\" sizes=\"(max-width: 923px) 100vw, 923px\" \/><\/div><\/div><\/div><\/div><div class=\"flex_column av_one_full  flex_column_div av-zero-column-padding first  avia-builder-el-2  el_after_av_one_full  el_before_av_one_full  column-top-margin\" style='border-radius:0px; '><section class=\"av_textblock_section \"  itemscope=\"itemscope\" itemtype=\"https:\/\/schema.org\/BlogPosting\" itemprop=\"blogPost\" ><div class='avia_textblock  '   itemprop=\"text\" ><p style=\"text-align: center;\"><strong><span style=\"font-size: 18pt;\">En su visita a la regi\u00f3n directivos de FOJI relevan trabajo de las orquestas escolares ayseninas<\/span><\/strong><\/p>\n<div id=\"gtx-trans\" style=\"position: absolute; left: -50px; top: 4.31534px;\">\n<div class=\"gtx-trans-icon\"><\/div>\n<\/div>\n<\/div><\/section><\/div><\/p>\n<div class=\"flex_column av_one_full  flex_column_div av-zero-column-padding first  avia-builder-el-4  el_after_av_one_full  el_before_av_hr  column-top-margin\" style='border-radius:0px; '><section class=\"av_textblock_section \"  itemscope=\"itemscope\" itemtype=\"https:\/\/schema.org\/BlogPosting\" itemprop=\"blogPost\" ><div class='avia_textblock  '   itemprop=\"text\" ><p style=\"text-align: justify;\">Una jornada marcada por la cultura y, especialmente, por la m\u00fasica se vivi\u00f3 este martes cuando se dio el vamos a la agenda que por estos d\u00edas desarrollan los directivos nacionales de la Fundaci\u00f3n de Orquestas Juveniles e Infantiles de Chile, FOJI, en Puerto Ays\u00e9n. Y cuyo objetivo apunta a conocer el importante trabajo musical que se est\u00e1 ejecutando al interior de las escuelas municipalizadas de la comuna, al alero de la unidad de Orquestas Escolares de la Direcci\u00f3n de Educaci\u00f3n Municipal aysenina.<\/p>\n<p style=\"text-align: justify;\">Es as\u00ed que la comitiva, encabezada por la presidenta de la fundaci\u00f3n, Irina Karamanos junto al director ejecutivo, Miguel Far\u00edas, busca relevar el talento local de ni\u00f1os y j\u00f3venes, as\u00ed como hacer carne la premisa de esta entidad social de la presidencia, como es entregar oportunidades mediante la m\u00fasica a la poblaci\u00f3n infantil y juvenil, sin importar su condici\u00f3n u origen.<\/p>\n<p style=\"text-align: justify;\">De esta manera, la visita inici\u00f3 en horas de la ma\u00f1ana, en que los directivos, acompa\u00f1ados por el alcalde de Ays\u00e9n, Julio Uribe y el director DEM, Patricio B\u00f3rquez; recorrieron las escuelas \u00a0Almirante Simpson, en Puerto Chacabuco; Litoral Austral y liceo Polit\u00e9cnico, en Puerto Ays\u00e9n; donde pudieron conocer las orquestas escolares que dan vida a estos recintos educativos, a trav\u00e9s de la formaci\u00f3n de distintos cuerpos musicales, como son camerata de cuerdas, orquestas infantil y juvenil entre otras.<\/p>\n<p style=\"text-align: justify;\">Al respecto, el alcalde de la comuna, Julio Uribe, destac\u00f3 la visita de la entidad socio cultural, que viene a ratificar el importante trabajo que se ha desarrollado a trav\u00e9s de la direcci\u00f3n de Educaci\u00f3n Municipal, mediante la unidad de Orquestas Escolares, y que actualmente congrega a m\u00e1s de 300 ni\u00f1os y adolescentes en las diversas escuelas y liceos a lo largo del territorio comunal.<\/p>\n<p style=\"text-align: justify;\">\u201cUno de los objetivos que tenemos como administraci\u00f3n es poder potenciar estas orquestas, fortalecer el trabajo de Patricia Araya, nuestra directora, que ha hecho un trabajo totalmente integral, a la cultura y a la formaci\u00f3n de nuestros estudiantes, especialmente, porque sabemos que la m\u00fasica es uno de los alicientes m\u00e1s grandes, as\u00ed que agradecido de esta visita\u201d, indic\u00f3 la primera autoridad comunal.<\/p>\n<p style=\"text-align: justify;\"><strong>CONCIERTO ORQUESTA PRE INFANTIL <\/strong><\/p>\n<p style=\"text-align: justify;\">Avanzando la jornada, en horas de la tarde de este martes la primera orquesta pre infantil de la regi\u00f3n, perteneciente a la escuela Ays\u00e9n, brind\u00f3 un concierto para las visitas, quienes disfrutaron del talento de la veintena de estudiantes, que interpretaron diversas piezas musicales, bajo la supervisi\u00f3n de sus profesores de m\u00fasica, M\u00f3nica Rojas y Marko Kaelin, dirigidos por la directora musical de la Unidad, Patricia Araya.<\/p>\n<p style=\"text-align: justify;\">Al respecto, \u201cuno de los objetivos de esta visita es trabajar por una mayor descentralizaci\u00f3n, eso significa que las decisiones que tomemos, no importa donde sea, tengan que ver con lo que est\u00e1 sucediendo en todas partes. Y en todas partes est\u00e1 sucediendo que est\u00e1 presente la FOJI, pero queremos que esta fundaci\u00f3n sea m\u00e1s estable en el tiempo, y eso significa no solamente escuchar a los profesores, sino que tambi\u00e9n a las familias, a los ni\u00f1os y a las ni\u00f1as, mirarnos cara a cara y saber cu\u00e1les son las cosas que deber\u00edamos cambiar, tanto aqu\u00ed como en otras regiones, por eso estamos muy emocionados de poder ser parte de este concierto. Porque realmente no pensamos que era tan grande el compromiso, y nosotros estamos as\u00ed mismo, muy comprometidos con la regi\u00f3n y con tratar de fortalecer lo que se est\u00e1 impulsando\u201d, indic\u00f3 Irina Karamanos.<\/p>\n<p style=\"text-align: justify;\">Por su parte, el director ejecutivo de la fundaci\u00f3n, Miguel Far\u00edas, relev\u00f3 el arribo a tierras ayseninas, indicando que es parte del gran desaf\u00edo de FOJI. \u201cLos ni\u00f1os, ni\u00f1as y j\u00f3venes pueden y deben tener acceso a aprender a tocar un instrumento, a practicar m\u00fasica, a construir comunidad a trav\u00e9s de la m\u00fasica\u201d. Agreg\u00f3 que \u201cen general, a trav\u00e9s de la pr\u00e1ctica orquestal de los ni\u00f1os que se juntan a tocar con otros ni\u00f1os se potencian muchas habilidades que tienen que ver con educaci\u00f3n, pero tambi\u00e9n que tiene que ver con distintas cosas que les van a servir para toda la vida. Nuestro deber como fundaci\u00f3n no es s\u00f3lo formar m\u00fasicos profesionales, eso llegar\u00e1, lo m\u00e1s importante es lograr una buena sociedad, lograr espacios donde cada regi\u00f3n, cada territorio tenga su propia identidad, formas y maneras para ser parte de la cultura del pa\u00eds. Esa es nuestra tarea, por eso estamos hoy en Ays\u00e9n\u201d.<\/p>\n<p style=\"text-align: justify;\">En la instancia tambi\u00e9n estuvo presente la gobernadora regional, Andrea Mac\u00edas, quien manifest\u00f3 lo positivo de trabajar mancomunadamente con las instituciones, generando alianzas estrat\u00e9gicas en pos de los habitantes de la regi\u00f3n. \u201cHoy d\u00eda la fundaci\u00f3n ha realizado un trabajo important\u00edsimo en todo el pa\u00eds. Y sabemos que esto traer\u00e1 s\u00f3lo beneficios a nuestros m\u00e1s peque\u00f1os, que son finalmente quienes queremos puedan aportar desde todo ese aprendizaje que entrega del desarrollo de las actividades art\u00edsticas. Reafirmamos nuestro compromiso con miras hacia poder avanzar en un programa que nos permita tener un funcionamiento de orquestas en la regi\u00f3n de manera permanente\u201d, subray\u00f3.<\/p>\n<p style=\"text-align: justify;\">Posterior al concierto, Karamanos y Far\u00edas se reunieron con los padres y apoderados de los peque\u00f1os y peque\u00f1as integrantes de la orquesta pre infantil de la escuela Ays\u00e9n, con quienes compartieron relatos, experiencia y proyecci\u00f3n, reconociendo adem\u00e1s lo positivo que ha significado que estos alumnos aprendan y disfruten de la m\u00fasica.<\/p>\n<p style=\"text-align: justify;\">La agenda, que se extender\u00e1 hasta el d\u00eda viernes, incorpora reuniones con diversas autoridades, as\u00ed como visitas a orquestas escolares en localidades como son Puerto Ib\u00e1\u00f1ez, Bah\u00eda Murta y Cochrane, para finalizar en Puerto Ays\u00e9n con un concierto comunal denominado \u201cOrquestas de Ays\u00e9n\u201d, en que participar\u00e1n los conjuntos musicales de siete escuelas y liceos municipalizados de la comuna aysenina.<\/p>\n<\/div><\/section><\/div>\n<div  style='height:50px' class='hr hr-invisible   avia-builder-el-6  el_after_av_one_full  el_before_av_social_share '><span class='hr-inner ' ><span class='hr-inner-style'><\/span><\/span><\/div>\n<div  class='av-social-sharing-box  avia-builder-el-7  el_after_av_hr  el_before_av_hr  '><div class='av-share-box'><h5 class='av-share-link-description av-no-toc '>Compartir esta noticia<\/h5><ul class='av-share-box-list noLightbox'><li class='av-share-link av-social-link-facebook' ><a target=\"_blank\" aria-label=\"Compartir en Facebook\" href='https:\/\/www.facebook.com\/sharer.php?u=https:\/\/radiorevelacionfm.cl\/?p=20586&#038;t=En%20su%20visita%20a%20la%20regi%C3%B3n%20directivos%20de%20FOJI%20relevan%20trabajo%20de%20las%20orquestas%20escolares%20ayseninas' aria-hidden='false' data-av_icon='\ue8f3' data-av_iconfont='entypo-fontello' title='' data-avia-related-tooltip='Compartir en Facebook' rel=\"noopener\"><span class='avia_hidden_link_text'>Compartir en Facebook<\/span><\/a><\/li><li class='av-share-link av-social-link-twitter' ><a target=\"_blank\" aria-label=\"Compartir en Twitter\" href='https:\/\/twitter.com\/share?text=En%20su%20visita%20a%20la%20regi%C3%B3n%20directivos%20de%20FOJI%20relevan%20trabajo%20de%20las%20orquestas%20escolares%20ayseninas&#038;url=https:\/\/radiorevelacionfm.cl\/?p=20586' aria-hidden='false' data-av_icon='\ue8f1' data-av_iconfont='entypo-fontello' title='' data-avia-related-tooltip='Compartir en Twitter' rel=\"noopener\"><span class='avia_hidden_link_text'>Compartir en Twitter<\/span><\/a><\/li><li class='av-share-link av-social-link-whatsapp' ><a target=\"_blank\" aria-label=\"Compartir en Whatsapp\" href='https:\/\/api.whatsapp.com\/send?text=https:\/\/radiorevelacionfm.cl\/?p=20586' aria-hidden='false' data-av_icon='\uf232' data-av_iconfont='entypo-fontello' title='' data-avia-related-tooltip='Compartir en Whatsapp' rel=\"noopener\"><span class='avia_hidden_link_text'>Compartir en Whatsapp<\/span><\/a><\/li><li class='av-share-link av-social-link-linkedin' ><a target=\"_blank\" aria-label=\"Compartir en LinkedIn\" href='https:\/\/linkedin.com\/shareArticle?mini=true&#038;title=En%20su%20visita%20a%20la%20regi%C3%B3n%20directivos%20de%20FOJI%20relevan%20trabajo%20de%20las%20orquestas%20escolares%20ayseninas&#038;url=https:\/\/radiorevelacionfm.cl\/?p=20586' aria-hidden='false' data-av_icon='\ue8fc' data-av_iconfont='entypo-fontello' title='' data-avia-related-tooltip='Compartir en LinkedIn' rel=\"noopener\"><span class='avia_hidden_link_text'>Compartir en LinkedIn<\/span><\/a><\/li><li class='av-share-link av-social-link-mail' ><a  aria-label=\"Compartir por correo\" href='mailto:?subject=En%20su%20visita%20a%20la%20regi%C3%B3n%20directivos%20de%20FOJI%20relevan%20trabajo%20de%20las%20orquestas%20escolares%20ayseninas&#038;body=https:\/\/radiorevelacionfm.cl\/?p=20586' aria-hidden='false' data-av_icon='\ue805' data-av_iconfont='entypo-fontello' title='' data-avia-related-tooltip='Compartir por correo'><span class='avia_hidden_link_text'>Compartir por correo<\/span><\/a><\/li><\/ul><\/div><\/div>\n<div  style='height:50px' class='hr hr-invisible   avia-builder-el-8  el_after_av_social_share  el_before_av_comments_list '><span class='hr-inner ' ><span class='hr-inner-style'><\/span><\/span><\/div>\n<div  class='av-buildercomment  av-blog-meta-html-info-disabled av-blog-meta-tag-disabled  '><\/div>\n","protected":false},"excerpt":{"rendered":"","protected":false},"author":1,"featured_media":20590,"comment_status":"open","ping_status":"open","sticky":false,"template":"","format":"standard","meta":{"footnotes":""},"categories":[38],"tags":[],"class_list":["post-20586","post","type-post","status-publish","format-standard","has-post-thumbnail","hentry","category-regional"],"jetpack_featured_media_url":"https:\/\/radiorevelacionfm.cl\/wp-content\/uploads\/2022\/08\/298878764_5336359929824291_8191115926373853046_n-1-1_optimized.jpg","_links":{"self":[{"href":"https:\/\/radiorevelacionfm.cl\/index.php?rest_route=\/wp\/v2\/posts\/20586","targetHints":{"allow":["GET"]}}],"collection":[{"href":"https:\/\/radiorevelacionfm.cl\/index.php?rest_route=\/wp\/v2\/posts"}],"about":[{"href":"https:\/\/radiorevelacionfm.cl\/index.php?rest_route=\/wp\/v2\/types\/post"}],"author":[{"embeddable":true,"href":"https:\/\/radiorevelacionfm.cl\/index.php?rest_route=\/wp\/v2\/users\/1"}],"replies":[{"embeddable":true,"href":"https:\/\/radiorevelacionfm.cl\/index.php?rest_route=%2Fwp%2Fv2%2Fcomments&post=20586"}],"version-history":[{"count":3,"href":"https:\/\/radiorevelacionfm.cl\/index.php?rest_route=\/wp\/v2\/posts\/20586\/revisions"}],"predecessor-version":[{"id":20592,"href":"https:\/\/radiorevelacionfm.cl\/index.php?rest_route=\/wp\/v2\/posts\/20586\/revisions\/20592"}],"wp:featuredmedia":[{"embeddable":true,"href":"https:\/\/radiorevelacionfm.cl\/index.php?rest_route=\/wp\/v2\/media\/20590"}],"wp:attachment":[{"href":"https:\/\/radiorevelacionfm.cl\/index.php?rest_route=%2Fwp%2Fv2%2Fmedia&parent=20586"}],"wp:term":[{"taxonomy":"category","embeddable":true,"href":"https:\/\/radiorevelacionfm.cl\/index.php?rest_route=%2Fwp%2Fv2%2Fcategories&post=20586"},{"taxonomy":"post_tag","embeddable":true,"href":"https:\/\/radiorevelacionfm.cl\/index.php?rest_route=%2Fwp%2Fv2%2Ftags&post=20586"}],"curies":[{"name":"wp","href":"https:\/\/api.w.org\/{rel}","templated":true}]}}