{"id":20583,"date":"2022-08-17T13:29:13","date_gmt":"2022-08-17T16:29:13","guid":{"rendered":"https:\/\/radiorevelacionfm.cl\/?p=20583"},"modified":"2022-08-17T13:29:13","modified_gmt":"2022-08-17T16:29:13","slug":"realizan-segunda-version-de-la-escuela-de-voluntariado-para-juventudes-en-puerto-aysen","status":"publish","type":"post","link":"https:\/\/radiorevelacionfm.cl\/?p=20583","title":{"rendered":"Realizan segunda versi\u00f3n de la Escuela de Voluntariado para juventudes en Puerto Ays\u00e9n"},"content":{"rendered":"<div class=\"flex_column av_one_full  flex_column_div av-zero-column-padding first  avia-builder-el-0  el_before_av_one_full  avia-builder-el-first  \" style='border-radius:0px; '><div  class='avia-image-container  av-styling-    avia-builder-el-1  avia-builder-el-no-sibling  avia-align-center '  itemprop=\"image\" itemscope=\"itemscope\" itemtype=\"https:\/\/schema.org\/ImageObject\"  ><div class='avia-image-container-inner'><div class='avia-image-overlay-wrap'><img decoding=\"async\" class='wp-image-20584 avia-img-lazy-loading-not-20584 avia_image' src=\"https:\/\/radiorevelacionfm.cl\/wp-content\/uploads\/2022\/08\/img-voljuvpat-muniaysen4-1-1.jpg\" alt='' title='img-voljuvpat-muniaysen4 (1) (1)' height=\"600\" width=\"750\"  itemprop=\"thumbnailUrl\" srcset=\"https:\/\/radiorevelacionfm.cl\/wp-content\/uploads\/2022\/08\/img-voljuvpat-muniaysen4-1-1.jpg 750w, https:\/\/radiorevelacionfm.cl\/wp-content\/uploads\/2022\/08\/img-voljuvpat-muniaysen4-1-1-300x240.jpg 300w, https:\/\/radiorevelacionfm.cl\/wp-content\/uploads\/2022\/08\/img-voljuvpat-muniaysen4-1-1-705x564.jpg 705w, https:\/\/radiorevelacionfm.cl\/wp-content\/uploads\/2022\/08\/img-voljuvpat-muniaysen4-1-1-600x480.jpg 600w\" sizes=\"(max-width: 750px) 100vw, 750px\" \/><\/div><\/div><\/div><\/div><div class=\"flex_column av_one_full  flex_column_div av-zero-column-padding first  avia-builder-el-2  el_after_av_one_full  el_before_av_one_full  column-top-margin\" style='border-radius:0px; '><section class=\"av_textblock_section \"  itemscope=\"itemscope\" itemtype=\"https:\/\/schema.org\/BlogPosting\" itemprop=\"blogPost\" ><div class='avia_textblock  '   itemprop=\"text\" ><p style=\"text-align: center;\"><strong><span style=\"font-size: 18pt;\">Realizan segunda versi\u00f3n de la Escuela de Voluntariado para juventudes en Puerto Ays\u00e9n <\/span><\/strong><\/p>\n<div id=\"gtx-trans\" style=\"position: absolute; left: -50px; top: 4.31534px;\">\n<div class=\"gtx-trans-icon\"><\/div>\n<\/div>\n<\/div><\/section><\/div><div class=\"flex_column av_one_full  flex_column_div av-zero-column-padding first  avia-builder-el-4  el_after_av_one_full  el_before_av_hr  column-top-margin\" style='border-radius:0px; '><section class=\"av_textblock_section \"  itemscope=\"itemscope\" itemtype=\"https:\/\/schema.org\/BlogPosting\" itemprop=\"blogPost\" ><div class='avia_textblock  '   itemprop=\"text\" ><p style=\"text-align: justify;\">Con la consigna de la erradicaci\u00f3n en violencia de g\u00e9nero y la defensa de los Derechos Humanos. La Ilustre Municipalidad de Ays\u00e9n en colaboraci\u00f3n con el Servicio Nacional de la Mujer y Equidad de G\u00e9nero (SernamEG) y el Instituto Nacional de Derechos Humanos (INDH) efectu\u00f3 por segundo a\u00f1o consecutivo la Escuela de Voluntariado para Juventudes de la Patagonia. Una iniciativa que a trav\u00e9s de diversas din\u00e1micas de interacci\u00f3n e integraci\u00f3n dot\u00f3 de nuevos conocimientos a m\u00e1s de una treintena de adolescentes ayseninos para efectuar los cambios culturales que como sociedad se necesitan para avanzar en igualdad de derechos y respeto por la diversidad.<\/p>\n<p style=\"text-align: justify;\">Frente a este hecho, el alcalde de Ays\u00e9n, Julio Uribe Alvarado, expres\u00f3 su felicidad por el trabajo efectuado con los j\u00f3venes locales, destacando que esto congreg\u00f3 a estudiantes de diversos establecimientos educaciones \u201ctenemos un grupo de j\u00f3venes geniales que estar\u00e1n trabajando como voluntarios para transmitirles estos conceptos a sus dem\u00e1s compa\u00f1eros y poder avanzar en la erradicaci\u00f3n de la Violencia contra las Mujeres, quisiera desearles que sigan trabajando en estas y otras materias tambi\u00e9n a nuestros j\u00f3venes que han participado en esta Escuela\u201d.<\/p>\n<p style=\"text-align: justify;\">Por su parte la directora (s) SernamEG, Carla Arriagada Malague\u00f1o, realiz\u00f3 un \u00e9nfasis en el trabajo que realiza el Programa de Prevenci\u00f3n en Violencia contra la Mujer, actor fundamental para esta Escuela, el cual se encuentra principalmente orientado en los j\u00f3venes entre los 14 a 19 a\u00f1os. Recalcando que es de importancia para el Servicio incorporar estas competencias en los establecimientos apostando de esta manera a generar personas como \u201cagentes de cambio\u201d en la comuna porte\u00f1a y en la Regi\u00f3n.<\/p>\n<p style=\"text-align: justify;\">En tanto, el jefe regional del INDH en Ays\u00e9n, Joaqu\u00edn Bizama Tiznado, indic\u00f3 que esta iniciativa pretende entre otras materias \u201centregar herramientas, conocimiento y generar un espacio de reflexi\u00f3n entorno a c\u00f3mo los j\u00f3venes pueden aportar en la vida de sus respectivas comunidades\u201d, llevando a efecto una sinergia que permita crear espacios de respeto, la b\u00fasqueda de soluciones pacificas y alejadas de los entornos de violencia. El personero en DD.HH. espera continuar con estas acciones en los a\u00f1os venideros.<\/p>\n<p style=\"text-align: justify;\">Para Leslie Bruna Bustamante, encargada territorial del Programa en Prevenci\u00f3n de Violencia contra la Mujer del Centro Naa Alver\u00e9 estas jornadas buscaron dotar de nociones te\u00f3ricas y aplicaciones pr\u00e1cticas a los j\u00f3venes para abordar la Violencias de g\u00e9nero y contra las mujeres, en un enfoque apegado a los derechos humanos y esenciales para la promoci\u00f3n de una vida que conlleve entorno saludables para las poblaciones juveniles potenciando para esto a los l\u00edderes y lideresas del territorio aysenino.<\/p>\n<p style=\"text-align: justify;\">Tras los m\u00f3dulos correspondientes, Elisa Jacob, estudiante del Liceo San Jos\u00e9 UR declar\u00f3 que esta es la segunda oportunidad en la que participa de esta Escuela y manifest\u00f3 su conformidad, ya que a su juicio este espacio \u201ces bastante c\u00f3modo, una se siente bastante segura y comparte con gente que es de otros colegios y en eso uno crea lazos\u201d, esto \u00faltimo considerando la participaci\u00f3n del estudiantado de los establecimientos Kalem, Santa Teresa y Ra\u00fal Broussain de Puerto Ays\u00e9n.<\/p>\n<p style=\"text-align: justify;\">Su par, Jaris Vidal, proveniente del mismo colegio coment\u00f3 que \u201cfue una actividad muy bonita en la cual nos abrieron los ojos por decirlo de una forma, yo encuentro que eso es algo muy importante para todos nosotros porque siempre va a llegar, tristemente, un momento en que nos vulneren nuestros derechos y nosotros debemos saber c\u00f3mo defendernos. Es algo muy necesario para cada uno\u201d.<\/p>\n<p style=\"text-align: justify;\">Finalmente, Valentina Celis del Liceo Santa Teresa de los Andes, expres\u00f3 que las jornadas permitieron entender diversas situaciones que generalmente no son conocidas del todo a su edad \u201csolamente se han escuchado o realmente no nos hemos enterado del trasfondo de estas cosas. Las monitoras fueron un siete, se portaron excelente con nosotros y espero que se repita\u201d, sentenci\u00f3 la estudiante puertoaysenina.<\/p>\n<\/div><\/section><\/div><div  style='height:50px' class='hr hr-invisible   avia-builder-el-6  el_after_av_one_full  el_before_av_social_share '><span class='hr-inner ' ><span class='hr-inner-style'><\/span><\/span><\/div><\/p>\n<div  class='av-social-sharing-box  avia-builder-el-7  el_after_av_hr  el_before_av_hr  '><div class='av-share-box'><h5 class='av-share-link-description av-no-toc '>Compartir esta noticia<\/h5><ul class='av-share-box-list noLightbox'><li class='av-share-link av-social-link-facebook' ><a target=\"_blank\" aria-label=\"Compartir en Facebook\" href='https:\/\/www.facebook.com\/sharer.php?u=https:\/\/radiorevelacionfm.cl\/?p=20583&#038;t=Realizan%20segunda%20versi%C3%B3n%20de%20la%20Escuela%20de%20Voluntariado%20para%20juventudes%20en%20Puerto%20Ays%C3%A9n' aria-hidden='false' data-av_icon='\ue8f3' data-av_iconfont='entypo-fontello' title='' data-avia-related-tooltip='Compartir en Facebook' rel=\"noopener\"><span class='avia_hidden_link_text'>Compartir en Facebook<\/span><\/a><\/li><li class='av-share-link av-social-link-twitter' ><a target=\"_blank\" aria-label=\"Compartir en Twitter\" href='https:\/\/twitter.com\/share?text=Realizan%20segunda%20versi%C3%B3n%20de%20la%20Escuela%20de%20Voluntariado%20para%20juventudes%20en%20Puerto%20Ays%C3%A9n&#038;url=https:\/\/radiorevelacionfm.cl\/?p=20583' aria-hidden='false' data-av_icon='\ue8f1' data-av_iconfont='entypo-fontello' title='' data-avia-related-tooltip='Compartir en Twitter' rel=\"noopener\"><span class='avia_hidden_link_text'>Compartir en Twitter<\/span><\/a><\/li><li class='av-share-link av-social-link-whatsapp' ><a target=\"_blank\" aria-label=\"Compartir en Whatsapp\" href='https:\/\/api.whatsapp.com\/send?text=https:\/\/radiorevelacionfm.cl\/?p=20583' aria-hidden='false' data-av_icon='\uf232' data-av_iconfont='entypo-fontello' title='' data-avia-related-tooltip='Compartir en Whatsapp' rel=\"noopener\"><span class='avia_hidden_link_text'>Compartir en Whatsapp<\/span><\/a><\/li><li class='av-share-link av-social-link-linkedin' ><a target=\"_blank\" aria-label=\"Compartir en LinkedIn\" href='https:\/\/linkedin.com\/shareArticle?mini=true&#038;title=Realizan%20segunda%20versi%C3%B3n%20de%20la%20Escuela%20de%20Voluntariado%20para%20juventudes%20en%20Puerto%20Ays%C3%A9n&#038;url=https:\/\/radiorevelacionfm.cl\/?p=20583' aria-hidden='false' data-av_icon='\ue8fc' data-av_iconfont='entypo-fontello' title='' data-avia-related-tooltip='Compartir en LinkedIn' rel=\"noopener\"><span class='avia_hidden_link_text'>Compartir en LinkedIn<\/span><\/a><\/li><li class='av-share-link av-social-link-mail' ><a  aria-label=\"Compartir por correo\" href='mailto:?subject=Realizan%20segunda%20versi%C3%B3n%20de%20la%20Escuela%20de%20Voluntariado%20para%20juventudes%20en%20Puerto%20Ays%C3%A9n&#038;body=https:\/\/radiorevelacionfm.cl\/?p=20583' aria-hidden='false' data-av_icon='\ue805' data-av_iconfont='entypo-fontello' title='' data-avia-related-tooltip='Compartir por correo'><span class='avia_hidden_link_text'>Compartir por correo<\/span><\/a><\/li><\/ul><\/div><\/div>\n<div  style='height:50px' class='hr hr-invisible   avia-builder-el-8  el_after_av_social_share  el_before_av_comments_list '><span class='hr-inner ' ><span class='hr-inner-style'><\/span><\/span><\/div>\n<div  class='av-buildercomment  av-blog-meta-html-info-disabled av-blog-meta-tag-disabled  '><\/div>\n","protected":false},"excerpt":{"rendered":"","protected":false},"author":1,"featured_media":20584,"comment_status":"open","ping_status":"open","sticky":false,"template":"","format":"standard","meta":{"footnotes":""},"categories":[38],"tags":[],"class_list":["post-20583","post","type-post","status-publish","format-standard","has-post-thumbnail","hentry","category-regional"],"jetpack_featured_media_url":"https:\/\/radiorevelacionfm.cl\/wp-content\/uploads\/2022\/08\/img-voljuvpat-muniaysen4-1-1.jpg","_links":{"self":[{"href":"https:\/\/radiorevelacionfm.cl\/index.php?rest_route=\/wp\/v2\/posts\/20583","targetHints":{"allow":["GET"]}}],"collection":[{"href":"https:\/\/radiorevelacionfm.cl\/index.php?rest_route=\/wp\/v2\/posts"}],"about":[{"href":"https:\/\/radiorevelacionfm.cl\/index.php?rest_route=\/wp\/v2\/types\/post"}],"author":[{"embeddable":true,"href":"https:\/\/radiorevelacionfm.cl\/index.php?rest_route=\/wp\/v2\/users\/1"}],"replies":[{"embeddable":true,"href":"https:\/\/radiorevelacionfm.cl\/index.php?rest_route=%2Fwp%2Fv2%2Fcomments&post=20583"}],"version-history":[{"count":2,"href":"https:\/\/radiorevelacionfm.cl\/index.php?rest_route=\/wp\/v2\/posts\/20583\/revisions"}],"predecessor-version":[{"id":20604,"href":"https:\/\/radiorevelacionfm.cl\/index.php?rest_route=\/wp\/v2\/posts\/20583\/revisions\/20604"}],"wp:featuredmedia":[{"embeddable":true,"href":"https:\/\/radiorevelacionfm.cl\/index.php?rest_route=\/wp\/v2\/media\/20584"}],"wp:attachment":[{"href":"https:\/\/radiorevelacionfm.cl\/index.php?rest_route=%2Fwp%2Fv2%2Fmedia&parent=20583"}],"wp:term":[{"taxonomy":"category","embeddable":true,"href":"https:\/\/radiorevelacionfm.cl\/index.php?rest_route=%2Fwp%2Fv2%2Fcategories&post=20583"},{"taxonomy":"post_tag","embeddable":true,"href":"https:\/\/radiorevelacionfm.cl\/index.php?rest_route=%2Fwp%2Fv2%2Ftags&post=20583"}],"curies":[{"name":"wp","href":"https:\/\/api.w.org\/{rel}","templated":true}]}}