{"id":20580,"date":"2022-08-17T11:58:11","date_gmt":"2022-08-17T14:58:11","guid":{"rendered":"https:\/\/radiorevelacionfm.cl\/?p=20580"},"modified":"2022-08-17T11:58:11","modified_gmt":"2022-08-17T14:58:11","slug":"municipio-de-aysen-fortalece-su-accionar-con-el-campesinado-a-traves-de-capacitaciones","status":"publish","type":"post","link":"https:\/\/radiorevelacionfm.cl\/?p=20580","title":{"rendered":"Municipio de Ays\u00e9n fortalece su accionar con el campesinado a trav\u00e9s de capacitaciones"},"content":{"rendered":"<div class=\"flex_column av_one_full  flex_column_div av-zero-column-padding first  avia-builder-el-0  el_before_av_one_full  avia-builder-el-first  \" style='border-radius:0px; '><div  class='avia-image-container  av-styling-    avia-builder-el-1  avia-builder-el-no-sibling  avia-align-center '  itemprop=\"image\" itemscope=\"itemscope\" itemtype=\"https:\/\/schema.org\/ImageObject\"  ><div class='avia-image-container-inner'><div class='avia-image-overlay-wrap'><img decoding=\"async\" class='wp-image-20581 avia-img-lazy-loading-not-20581 avia_image' src=\"https:\/\/radiorevelacionfm.cl\/wp-content\/uploads\/2022\/08\/img-ESCampesino-muniaysen1-1-1.jpg\" alt='' title='img-ESCampesino-muniaysen1 (1) (1)' height=\"600\" width=\"800\"  itemprop=\"thumbnailUrl\" srcset=\"https:\/\/radiorevelacionfm.cl\/wp-content\/uploads\/2022\/08\/img-ESCampesino-muniaysen1-1-1.jpg 800w, https:\/\/radiorevelacionfm.cl\/wp-content\/uploads\/2022\/08\/img-ESCampesino-muniaysen1-1-1-300x225.jpg 300w, https:\/\/radiorevelacionfm.cl\/wp-content\/uploads\/2022\/08\/img-ESCampesino-muniaysen1-1-1-768x576.jpg 768w, https:\/\/radiorevelacionfm.cl\/wp-content\/uploads\/2022\/08\/img-ESCampesino-muniaysen1-1-1-705x529.jpg 705w, https:\/\/radiorevelacionfm.cl\/wp-content\/uploads\/2022\/08\/img-ESCampesino-muniaysen1-1-1-600x450.jpg 600w\" sizes=\"(max-width: 800px) 100vw, 800px\" \/><\/div><\/div><\/div><\/div><div class=\"flex_column av_one_full  flex_column_div av-zero-column-padding first  avia-builder-el-2  el_after_av_one_full  el_before_av_one_full  column-top-margin\" style='border-radius:0px; '><section class=\"av_textblock_section \"  itemscope=\"itemscope\" itemtype=\"https:\/\/schema.org\/BlogPosting\" itemprop=\"blogPost\" ><div class='avia_textblock  '   itemprop=\"text\" ><p style=\"text-align: center;\"><strong><span style=\"font-size: 18pt;\">Municipio de Ays\u00e9n fortalece su accionar con el campesinado a trav\u00e9s de capacitaciones<\/span><\/strong><\/p>\n<div id=\"gtx-trans\" style=\"position: absolute; left: -50px; top: 4.31534px;\">\n<div class=\"gtx-trans-icon\"><\/div>\n<\/div>\n<\/div><\/section><\/div><div class=\"flex_column av_one_full  flex_column_div av-zero-column-padding first  avia-builder-el-4  el_after_av_one_full  el_before_av_hr  column-top-margin\" style='border-radius:0px; '><section class=\"av_textblock_section \"  itemscope=\"itemscope\" itemtype=\"https:\/\/schema.org\/BlogPosting\" itemprop=\"blogPost\" ><div class='avia_textblock  '   itemprop=\"text\" ><p style=\"text-align: justify;\">En una in\u00e9dita medida por medio de la recientemente creada Oficina del Campesino, la Ilustre Municipalidad de Ays\u00e9n comenz\u00f3 una ronda de capacitaciones denominada \u201cEscuela del Campesino\u201d. Iniciativa que se desplegar\u00e1 por todo el territorio llevando hasta los diversos puntos que conforman la comuna porte\u00f1a conocimientos te\u00f3ricos y pr\u00e1cticos para quienes ya trabajan la tierra de manera productiva o deseen impulsar un emprendimiento en esta l\u00ednea. La primera sesi\u00f3n convoc\u00f3 a m\u00e1s de 40 personas en el Edificio Consistorial y cont\u00f3 con la colaboraci\u00f3n de la Autoridad Sanitaria para abordar procesos de inocuidad alimentaria.<\/p>\n<p style=\"text-align: justify;\">Al respecto, el alcalde de Ays\u00e9n, Julio Uribe Alvarado, expres\u00f3 la importancia que tiene esta iniciativa que inaugura la ronda de capacitaciones que brindar\u00e1 la casa edilicia para este grupo de vecinos y vecinas. En este sentido, Uribe tambi\u00e9n explic\u00f3 que estas instancias permiten al municipio tener una retroalimentaci\u00f3n para aprender a generar proyectos que vayan en favor de las soluciones que presenten los y las campesinas de la comuna, en este caso, referido a las soluciones sanitarias que son imprescindibles para la venta de productos elaborados.<\/p>\n<p style=\"text-align: justify;\">A\u00f1adiendo con ello, que \u201ceso para nosotros es fenomenal porque est\u00e1 en toda la l\u00ednea que hemos potenciado, que es la salud de nuestros vecinos y al tener alimentos saludables vamos a poder colaborar en la nutrici\u00f3n de nuestros ni\u00f1os, por ejemplo, donde existe un alto \u00edndice de obesidad infantil y podemos tal vez con estas medidas mitigar estos flagelos y avanzar en tener una mejor salud. As\u00ed es que, muy contento de lo que se est\u00e1 produciendo en el municipio de Ays\u00e9n y lo que est\u00e1 generando para nuestros vecinos que es la capacitaci\u00f3n que es lo mejor que le podemos entregar para tener un Ays\u00e9n mejor\u201d.<\/p>\n<p style=\"text-align: justify;\">Por su parte, la encargada de la Oficina del Campesino, Nadia Bravo Burgos, destac\u00f3 su felicidad ante la amplia convocatoria obtenida, reafirmando el compromiso que posee el municipio aysenino con los vecinos por medio de las capacitaciones que se entregar\u00e1n \u201cmes a mes tendremos distintos cursos, talleres te\u00f3ricos y pr\u00e1cticos en donde todos los habitantes de Ays\u00e9n podr\u00e1n adquirir nuevos conocimientos. Adem\u00e1s, estamos trabajando en un proyecto en conjunto con SECPLAN para ir en beneficio de los vecinos que tengan, por ejemplo, un pozo negro y posean problema con su Agua Potable\u201d.<\/p>\n<p style=\"text-align: justify;\">Para Ana Mar\u00eda Jim\u00e9nez, asistente a la actividad, estas herramientas planteadas por la administraci\u00f3n encabezada por Julio Uribe responden a una \u201cexcelente idea\u201d, ya que en su caso existe un inter\u00e9s especial en formular iniciativas desde este polo productivo. \u201cHay mucha gente haciendo cosas de manera informal un poco porque existe mucho desconocimiento al respecto, hoy hay mujeres que son tan empe\u00f1osas, tan bacanes y me parece s\u00faper interesante aprender para formalizar, porque la formalizaci\u00f3n de un negocio o un emprendimiento es s\u00faper important\u00edsimo por lo que ya nos explicaban, por un tema econ\u00f3mico, le pone un valor agregado a tu producto, me parece maravillosa la idea\u201d, destac\u00f3 la vecina del radio urbano de Puerto Ays\u00e9n.<\/p>\n<p style=\"text-align: justify;\">Finalmente, Alicia Rivera, integrante de la agrupaci\u00f3n cheneuquen, enfatiz\u00f3 en su conformidad con la sesi\u00f3n efectuada, ya que a su juicio \u201cesto abre las puertas a muchas personas que a lo mejor llevan mucho tiempo trabajando de manera an\u00f3nima y ahora van a ver que pueden incrementar sus ventas y se pondr\u00e1 todo m\u00e1s bonito\u201d. Acu\u00f1ando, adem\u00e1s, que el trabajo que efect\u00faan en su organizaci\u00f3n es variado desde la horticultura hasta la madera y que presentada esta oferta por parte de la Oficina del Campesino optar\u00e1n por aprender de las capacitaciones puestas a disposici\u00f3n de los habitantes de Ays\u00e9n.<\/p>\n<\/div><\/section><\/div><div  style='height:50px' class='hr hr-invisible   avia-builder-el-6  el_after_av_one_full  el_before_av_social_share '><span class='hr-inner ' ><span class='hr-inner-style'><\/span><\/span><\/div><\/p>\n<div  class='av-social-sharing-box  avia-builder-el-7  el_after_av_hr  el_before_av_hr  '><div class='av-share-box'><h5 class='av-share-link-description av-no-toc '>Compartir esta noticia<\/h5><ul class='av-share-box-list noLightbox'><li class='av-share-link av-social-link-facebook' ><a target=\"_blank\" aria-label=\"Compartir en Facebook\" href='https:\/\/www.facebook.com\/sharer.php?u=https:\/\/radiorevelacionfm.cl\/?p=20580&#038;t=Municipio%20de%20Ays%C3%A9n%20fortalece%20su%20accionar%20con%20el%20campesinado%20a%20trav%C3%A9s%20de%20capacitaciones' aria-hidden='false' data-av_icon='\ue8f3' data-av_iconfont='entypo-fontello' title='' data-avia-related-tooltip='Compartir en Facebook' rel=\"noopener\"><span class='avia_hidden_link_text'>Compartir en Facebook<\/span><\/a><\/li><li class='av-share-link av-social-link-twitter' ><a target=\"_blank\" aria-label=\"Compartir en Twitter\" href='https:\/\/twitter.com\/share?text=Municipio%20de%20Ays%C3%A9n%20fortalece%20su%20accionar%20con%20el%20campesinado%20a%20trav%C3%A9s%20de%20capacitaciones&#038;url=https:\/\/radiorevelacionfm.cl\/?p=20580' aria-hidden='false' data-av_icon='\ue8f1' data-av_iconfont='entypo-fontello' title='' data-avia-related-tooltip='Compartir en Twitter' rel=\"noopener\"><span class='avia_hidden_link_text'>Compartir en Twitter<\/span><\/a><\/li><li class='av-share-link av-social-link-whatsapp' ><a target=\"_blank\" aria-label=\"Compartir en Whatsapp\" href='https:\/\/api.whatsapp.com\/send?text=https:\/\/radiorevelacionfm.cl\/?p=20580' aria-hidden='false' data-av_icon='\uf232' data-av_iconfont='entypo-fontello' title='' data-avia-related-tooltip='Compartir en Whatsapp' rel=\"noopener\"><span class='avia_hidden_link_text'>Compartir en Whatsapp<\/span><\/a><\/li><li class='av-share-link av-social-link-linkedin' ><a target=\"_blank\" aria-label=\"Compartir en LinkedIn\" href='https:\/\/linkedin.com\/shareArticle?mini=true&#038;title=Municipio%20de%20Ays%C3%A9n%20fortalece%20su%20accionar%20con%20el%20campesinado%20a%20trav%C3%A9s%20de%20capacitaciones&#038;url=https:\/\/radiorevelacionfm.cl\/?p=20580' aria-hidden='false' data-av_icon='\ue8fc' data-av_iconfont='entypo-fontello' title='' data-avia-related-tooltip='Compartir en LinkedIn' rel=\"noopener\"><span class='avia_hidden_link_text'>Compartir en LinkedIn<\/span><\/a><\/li><li class='av-share-link av-social-link-mail' ><a  aria-label=\"Compartir por correo\" href='mailto:?subject=Municipio%20de%20Ays%C3%A9n%20fortalece%20su%20accionar%20con%20el%20campesinado%20a%20trav%C3%A9s%20de%20capacitaciones&#038;body=https:\/\/radiorevelacionfm.cl\/?p=20580' aria-hidden='false' data-av_icon='\ue805' data-av_iconfont='entypo-fontello' title='' data-avia-related-tooltip='Compartir por correo'><span class='avia_hidden_link_text'>Compartir por correo<\/span><\/a><\/li><\/ul><\/div><\/div>\n<div  style='height:50px' class='hr hr-invisible   avia-builder-el-8  el_after_av_social_share  el_before_av_comments_list '><span class='hr-inner ' ><span class='hr-inner-style'><\/span><\/span><\/div>\n<div  class='av-buildercomment  av-blog-meta-html-info-disabled av-blog-meta-tag-disabled  '><\/div>\n","protected":false},"excerpt":{"rendered":"","protected":false},"author":1,"featured_media":20581,"comment_status":"open","ping_status":"open","sticky":false,"template":"","format":"standard","meta":{"footnotes":""},"categories":[38],"tags":[],"class_list":["post-20580","post","type-post","status-publish","format-standard","has-post-thumbnail","hentry","category-regional"],"jetpack_featured_media_url":"https:\/\/radiorevelacionfm.cl\/wp-content\/uploads\/2022\/08\/img-ESCampesino-muniaysen1-1-1.jpg","_links":{"self":[{"href":"https:\/\/radiorevelacionfm.cl\/index.php?rest_route=\/wp\/v2\/posts\/20580","targetHints":{"allow":["GET"]}}],"collection":[{"href":"https:\/\/radiorevelacionfm.cl\/index.php?rest_route=\/wp\/v2\/posts"}],"about":[{"href":"https:\/\/radiorevelacionfm.cl\/index.php?rest_route=\/wp\/v2\/types\/post"}],"author":[{"embeddable":true,"href":"https:\/\/radiorevelacionfm.cl\/index.php?rest_route=\/wp\/v2\/users\/1"}],"replies":[{"embeddable":true,"href":"https:\/\/radiorevelacionfm.cl\/index.php?rest_route=%2Fwp%2Fv2%2Fcomments&post=20580"}],"version-history":[{"count":2,"href":"https:\/\/radiorevelacionfm.cl\/index.php?rest_route=\/wp\/v2\/posts\/20580\/revisions"}],"predecessor-version":[{"id":20599,"href":"https:\/\/radiorevelacionfm.cl\/index.php?rest_route=\/wp\/v2\/posts\/20580\/revisions\/20599"}],"wp:featuredmedia":[{"embeddable":true,"href":"https:\/\/radiorevelacionfm.cl\/index.php?rest_route=\/wp\/v2\/media\/20581"}],"wp:attachment":[{"href":"https:\/\/radiorevelacionfm.cl\/index.php?rest_route=%2Fwp%2Fv2%2Fmedia&parent=20580"}],"wp:term":[{"taxonomy":"category","embeddable":true,"href":"https:\/\/radiorevelacionfm.cl\/index.php?rest_route=%2Fwp%2Fv2%2Fcategories&post=20580"},{"taxonomy":"post_tag","embeddable":true,"href":"https:\/\/radiorevelacionfm.cl\/index.php?rest_route=%2Fwp%2Fv2%2Ftags&post=20580"}],"curies":[{"name":"wp","href":"https:\/\/api.w.org\/{rel}","templated":true}]}}