{"id":2058,"date":"2021-01-24T14:24:28","date_gmt":"2021-01-24T17:24:28","guid":{"rendered":"https:\/\/radiorevelacionfm.cl\/?p=2058"},"modified":"2021-01-24T14:24:28","modified_gmt":"2021-01-24T17:24:28","slug":"intendenta-margarita-ossa-encabezo-reuniones-bilaterales-con-gabinete-regional","status":"publish","type":"post","link":"https:\/\/radiorevelacionfm.cl\/?p=2058","title":{"rendered":"Intendenta Margarita Ossa encabez\u00f3 reuniones bilaterales con Gabinete Regional"},"content":{"rendered":"<div class=\"flex_column av_one_full  flex_column_div av-zero-column-padding first  avia-builder-el-0  el_before_av_one_full  avia-builder-el-first  \" style='border-radius:0px; '><div  class='avia-image-container  av-styling-    avia-builder-el-1  avia-builder-el-no-sibling  avia-align-center '  itemprop=\"image\" itemscope=\"itemscope\" itemtype=\"https:\/\/schema.org\/ImageObject\"  ><div class='avia-image-container-inner'><div class='avia-image-overlay-wrap'><img decoding=\"async\" class='wp-image-0 avia-img-lazy-loading-not-0 avia_image' src=\"https:\/\/radiorevelacionfm.cl\/wp-content\/uploads\/2021\/01\/WhatsApp-Image-2021-01-24-at-13.39.58-1.jpeg\" alt='' title=''   itemprop=\"thumbnailUrl\"  \/><\/div><\/div><\/div><\/div><div class=\"flex_column av_one_full  flex_column_div av-zero-column-padding first  avia-builder-el-2  el_after_av_one_full  el_before_av_one_full  column-top-margin\" style='border-radius:0px; '><section class=\"av_textblock_section \"  itemscope=\"itemscope\" itemtype=\"https:\/\/schema.org\/BlogPosting\" itemprop=\"blogPost\" ><div class='avia_textblock  '   itemprop=\"text\" ><p style=\"text-align: center;\"><span style=\"font-size: 18pt;\"><strong>Intendenta Margarita Ossa encabez\u00f3 reuniones bilaterales con Gabinete Regional<\/strong><\/span><\/p>\n<div id=\"gtx-trans\" style=\"position: absolute; left: -50px; top: 4.31534px;\">\n<div class=\"gtx-trans-icon\"><\/div>\n<\/div>\n<\/div><\/section><\/div><div class=\"flex_column av_one_full  flex_column_div av-zero-column-padding first  avia-builder-el-4  el_after_av_one_full  el_before_av_hr  column-top-margin\" style='border-radius:0px; '><section class=\"av_textblock_section \"  itemscope=\"itemscope\" itemtype=\"https:\/\/schema.org\/BlogPosting\" itemprop=\"blogPost\" ><div class='avia_textblock  '   itemprop=\"text\" ><p style=\"text-align: justify;\"><em>Las citas fueron calificadas como \u201cmuy productivas y provechosas ya que me encontr\u00e9 con un equipo muy comprometido con la regi\u00f3n de Ays\u00e9n\u201d, dijo.<\/em><\/p>\n<p style=\"text-align: justify;\">A casi una semana de su nombramiento, la Intendenta de Ays\u00e9n, Margarita Ossa Rojas, contin\u00faa con su trabajo de asentamiento en el cargo y como una de sus primeras medidas fue encabezar reuniones bilaterales con los miembros del Gabinete Regional.<\/p>\n<p style=\"text-align: justify;\">Fue as\u00ed como hasta el edificio de Plaza 485 se concretaron entre el viernes y el fin de semana citas con los seremis de Agricultura; Bienes Nacionales, Econom\u00eda, Educaci\u00f3n, Desarrollo Social, Mop, Salud, Segegob, Subdere y Transportes y Telecomunicaciones.<\/p>\n<p style=\"text-align: justify;\">Si bien a\u00fan faltan sectores con quienes reunirse, la Intendenta Margarita Ossa se mostr\u00f3 positiva de cara al futuro, calificando las citas como \u201cmuy productivas y provechosas ya que me encontr\u00e9 con un equipo muy comprometido con la regi\u00f3n de Ays\u00e9n y lo mejor de todo es que, con importantes avances por mostrar y con m\u00e1s proyectos por concretar como Gobierno del Presidente Sebasti\u00e1n Pi\u00f1era\u201d.<\/p>\n<p style=\"text-align: justify;\">En esa misma l\u00ednea Ossa recalc\u00f3 que \u201ceste a\u00f1o 2021 tiene que ser el a\u00f1o dela reactivaci\u00f3n econ\u00f3mica y ah\u00ed como Gobierno tenemos un compromiso \u2013dela mano de carteras como Econom\u00eda, Mop y Vivienda- de sacar adelante iniciativas y continuar la senda de recuperaci\u00f3n de empleos, generar inversiones y movilizar las econom\u00edas regionales y comunales; adem\u00e1s de seguir afianzando proyectos para el mundo del agro regional o en materia de conectividad digital, fluvial, terrestre y mar\u00edtima por citar algunos ejemplos\u201d.<\/p>\n<p style=\"text-align: justify;\">Uno de los protagonistas de las bilaterales fue el seremi del MOP, N\u00e9stor Mera, donde junto con se\u00f1alar de que le presentaron a la Ejecutivo Regional el trabajo de la cartera, destac\u00f3 que para el 2021 \u201cel presupuesto del ministerio de Obras P\u00fablicas creci\u00f3 m\u00e1s de un 30%, prueba del compromiso que tiene nuestro Presidente con la regi\u00f3n de Ays\u00e9n, con la reactivaci\u00f3n econ\u00f3mica y con los proyectos de infraestructura p\u00fablica que tanto requiere la regi\u00f3n\u201d agregando sobre lo mismo que \u201ccontamos con un presupuesto que supera los $110 mil millones y eso se traduce en caminos, puentes, mejores aeropuertos, puertos e infraestructura de primer nivel. Y tambi\u00e9n recordar que nuestro plan de recuperaci\u00f3n econ\u00f3mica va implicar la generaci\u00f3n de al menos 5 mil puestos de empleo directo; con el compromiso con la Intendenta de seguir apoyando y trabajando en la misma direcci\u00f3n\u201d.<\/p>\n<p style=\"text-align: justify;\">Desde Transportes y Telecomunicaciones, el seremi Fabi\u00e1n Rojas calific\u00f3 como provechosa la reuni\u00f3n con la Intendenta Ossa, explicando que en la misma \u201cle manifestamos nuestro trabajo que hemos realizado durante estos 3 a\u00f1os. Agradecemos la disposici\u00f3n de nuestra Intendenta en orden a seguir trabajando con los proyectos que ya hab\u00edamos avanzado, darle un impulso a los temas de conectividad y seguir en la l\u00ednea de trabajo y colaboraci\u00f3n que ha tenido tanto la Intendencia como el Gobierno Regional con el ministerio de Transportes y Telecomunicaciones\u201d.<\/p>\n<p style=\"text-align: justify;\">Desde la seremi de Desarrollo Social y Familia, el jefe de la cartera, Marcelo J\u00e9lvez, indic\u00f3 que el acento en el 2021 estar\u00e1 en seguir \u201caportando con los bonos Covid e IFE y llegando a las personas a trav\u00e9s del Registro Social de Hogares y su actualizaci\u00f3n. Tambi\u00e9n en el \u00e1rea de inversiones pretendemos acelerar la m\u00e1quina en los proyectos que est\u00e1n en evaluaci\u00f3n y que son prioridad\u201d.<\/p>\n<p style=\"text-align: justify;\">Su par de Energ\u00eda, Juan Luis Am\u00e9nabar, dijo que en la reuni\u00f3n se abord\u00f3 \u201cla gesti\u00f3n de la seremi de Energ\u00eda ac\u00e1 en la regi\u00f3n, poniendo \u00e9nfasis en los proyectos de electrificaci\u00f3n rural, lo mismo en materia de eficiencia energ\u00e9tica y el cambio de matriz t\u00e9rmica para calefacci\u00f3n; adem\u00e1s de los proyectos de Ley como los biocombustibles s\u00f3lidos que va normar la le\u00f1a y los pellet, tambi\u00e9n el proyecto de sistemas medianos y aislados para tener mejores precios\u201d agregando que \u201cel sector energ\u00eda es muy importante para el desarrollo de nuestra regi\u00f3n, para el mejoramiento del medio ambiente y para ello debemos trabajar conjuntamente con el Minvu y Medio Ambiente para sacar adelante estas importantes iniciativas\u201d, concluy\u00f3.<\/p>\n<\/div><\/section><\/div><div  style='height:50px' class='hr hr-invisible   avia-builder-el-6  el_after_av_one_full  el_before_av_social_share '><span class='hr-inner ' ><span class='hr-inner-style'><\/span><\/span><\/div><\/p>\n<div  class='av-social-sharing-box  avia-builder-el-7  el_after_av_hr  el_before_av_hr  '><div class='av-share-box'><h5 class='av-share-link-description av-no-toc '>Compartir esta noticia<\/h5><ul class='av-share-box-list noLightbox'><li class='av-share-link av-social-link-facebook' ><a target=\"_blank\" aria-label=\"Compartir en Facebook\" href='https:\/\/www.facebook.com\/sharer.php?u=https:\/\/radiorevelacionfm.cl\/?p=2058&#038;t=Intendenta%20Margarita%20Ossa%20encabez%C3%B3%20reuniones%20bilaterales%20con%20Gabinete%20Regional' aria-hidden='false' data-av_icon='\ue8f3' data-av_iconfont='entypo-fontello' title='' data-avia-related-tooltip='Compartir en Facebook' rel=\"noopener\"><span class='avia_hidden_link_text'>Compartir en Facebook<\/span><\/a><\/li><li class='av-share-link av-social-link-twitter' ><a target=\"_blank\" aria-label=\"Compartir en Twitter\" href='https:\/\/twitter.com\/share?text=Intendenta%20Margarita%20Ossa%20encabez%C3%B3%20reuniones%20bilaterales%20con%20Gabinete%20Regional&#038;url=https:\/\/radiorevelacionfm.cl\/?p=2058' aria-hidden='false' data-av_icon='\ue8f1' data-av_iconfont='entypo-fontello' title='' data-avia-related-tooltip='Compartir en Twitter' rel=\"noopener\"><span class='avia_hidden_link_text'>Compartir en Twitter<\/span><\/a><\/li><li class='av-share-link av-social-link-whatsapp' ><a target=\"_blank\" aria-label=\"Compartir en Whatsapp\" href='https:\/\/api.whatsapp.com\/send?text=https:\/\/radiorevelacionfm.cl\/?p=2058' aria-hidden='false' data-av_icon='\uf232' data-av_iconfont='entypo-fontello' title='' data-avia-related-tooltip='Compartir en Whatsapp' rel=\"noopener\"><span class='avia_hidden_link_text'>Compartir en Whatsapp<\/span><\/a><\/li><li class='av-share-link av-social-link-linkedin' ><a target=\"_blank\" aria-label=\"Compartir en LinkedIn\" href='https:\/\/linkedin.com\/shareArticle?mini=true&#038;title=Intendenta%20Margarita%20Ossa%20encabez%C3%B3%20reuniones%20bilaterales%20con%20Gabinete%20Regional&#038;url=https:\/\/radiorevelacionfm.cl\/?p=2058' aria-hidden='false' data-av_icon='\ue8fc' data-av_iconfont='entypo-fontello' title='' data-avia-related-tooltip='Compartir en LinkedIn' rel=\"noopener\"><span class='avia_hidden_link_text'>Compartir en LinkedIn<\/span><\/a><\/li><li class='av-share-link av-social-link-mail' ><a  aria-label=\"Compartir por correo\" href='mailto:?subject=Intendenta%20Margarita%20Ossa%20encabez%C3%B3%20reuniones%20bilaterales%20con%20Gabinete%20Regional&#038;body=https:\/\/radiorevelacionfm.cl\/?p=2058' aria-hidden='false' data-av_icon='\ue805' data-av_iconfont='entypo-fontello' title='' data-avia-related-tooltip='Compartir por correo'><span class='avia_hidden_link_text'>Compartir por correo<\/span><\/a><\/li><\/ul><\/div><\/div>\n<div  style='height:50px' class='hr hr-invisible   avia-builder-el-8  el_after_av_social_share  el_before_av_comments_list '><span class='hr-inner ' ><span class='hr-inner-style'><\/span><\/span><\/div>\n<div  class='av-buildercomment  av-blog-meta-html-info-disabled av-blog-meta-tag-disabled  '><\/div>\n","protected":false},"excerpt":{"rendered":"","protected":false},"author":1,"featured_media":0,"comment_status":"open","ping_status":"open","sticky":false,"template":"","format":"standard","meta":{"footnotes":""},"categories":[38],"tags":[],"class_list":["post-2058","post","type-post","status-publish","format-standard","hentry","category-regional"],"jetpack_featured_media_url":"","_links":{"self":[{"href":"https:\/\/radiorevelacionfm.cl\/index.php?rest_route=\/wp\/v2\/posts\/2058","targetHints":{"allow":["GET"]}}],"collection":[{"href":"https:\/\/radiorevelacionfm.cl\/index.php?rest_route=\/wp\/v2\/posts"}],"about":[{"href":"https:\/\/radiorevelacionfm.cl\/index.php?rest_route=\/wp\/v2\/types\/post"}],"author":[{"embeddable":true,"href":"https:\/\/radiorevelacionfm.cl\/index.php?rest_route=\/wp\/v2\/users\/1"}],"replies":[{"embeddable":true,"href":"https:\/\/radiorevelacionfm.cl\/index.php?rest_route=%2Fwp%2Fv2%2Fcomments&post=2058"}],"version-history":[{"count":1,"href":"https:\/\/radiorevelacionfm.cl\/index.php?rest_route=\/wp\/v2\/posts\/2058\/revisions"}],"predecessor-version":[{"id":2060,"href":"https:\/\/radiorevelacionfm.cl\/index.php?rest_route=\/wp\/v2\/posts\/2058\/revisions\/2060"}],"wp:attachment":[{"href":"https:\/\/radiorevelacionfm.cl\/index.php?rest_route=%2Fwp%2Fv2%2Fmedia&parent=2058"}],"wp:term":[{"taxonomy":"category","embeddable":true,"href":"https:\/\/radiorevelacionfm.cl\/index.php?rest_route=%2Fwp%2Fv2%2Fcategories&post=2058"},{"taxonomy":"post_tag","embeddable":true,"href":"https:\/\/radiorevelacionfm.cl\/index.php?rest_route=%2Fwp%2Fv2%2Ftags&post=2058"}],"curies":[{"name":"wp","href":"https:\/\/api.w.org\/{rel}","templated":true}]}}