{"id":20569,"date":"2022-08-16T20:03:02","date_gmt":"2022-08-16T23:03:02","guid":{"rendered":"https:\/\/radiorevelacionfm.cl\/?p=20569"},"modified":"2022-08-16T20:03:02","modified_gmt":"2022-08-16T23:03:02","slug":"irina-karamanos-inicia-agenda-de-actividades-en-la-region-de-aysen","status":"publish","type":"post","link":"https:\/\/radiorevelacionfm.cl\/?p=20569","title":{"rendered":"Irina Karamanos inicia agenda de actividades en la Regi\u00f3n de Ays\u00e9n"},"content":{"rendered":"<div class=\"flex_column av_one_full  flex_column_div av-zero-column-padding first  avia-builder-el-0  el_before_av_one_full  avia-builder-el-first  \" style='border-radius:0px; '><div  class='avia-image-container  av-styling-    avia-builder-el-1  avia-builder-el-no-sibling  avia-align-center '  itemprop=\"image\" itemscope=\"itemscope\" itemtype=\"https:\/\/schema.org\/ImageObject\"  ><div class='avia-image-container-inner'><div class='avia-image-overlay-wrap'><img decoding=\"async\" class='wp-image-20570 avia-img-lazy-loading-not-20570 avia_image' src=\"https:\/\/radiorevelacionfm.cl\/wp-content\/uploads\/2022\/08\/WhatsApp-Image-2022-08-16-at-6.43.51-PM-1-1.jpeg\" alt='' title='WhatsApp Image 2022-08-16 at 6.43.51 PM (1) (1)' height=\"600\" width=\"789\"  itemprop=\"thumbnailUrl\" srcset=\"https:\/\/radiorevelacionfm.cl\/wp-content\/uploads\/2022\/08\/WhatsApp-Image-2022-08-16-at-6.43.51-PM-1-1.jpeg 789w, https:\/\/radiorevelacionfm.cl\/wp-content\/uploads\/2022\/08\/WhatsApp-Image-2022-08-16-at-6.43.51-PM-1-1-300x228.jpeg 300w, https:\/\/radiorevelacionfm.cl\/wp-content\/uploads\/2022\/08\/WhatsApp-Image-2022-08-16-at-6.43.51-PM-1-1-768x584.jpeg 768w, https:\/\/radiorevelacionfm.cl\/wp-content\/uploads\/2022\/08\/WhatsApp-Image-2022-08-16-at-6.43.51-PM-1-1-705x536.jpeg 705w, https:\/\/radiorevelacionfm.cl\/wp-content\/uploads\/2022\/08\/WhatsApp-Image-2022-08-16-at-6.43.51-PM-1-1-600x456.jpeg 600w\" sizes=\"(max-width: 789px) 100vw, 789px\" \/><\/div><\/div><\/div><\/div><div class=\"flex_column av_one_full  flex_column_div av-zero-column-padding first  avia-builder-el-2  el_after_av_one_full  el_before_av_one_full  column-top-margin\" style='border-radius:0px; '><section class=\"av_textblock_section \"  itemscope=\"itemscope\" itemtype=\"https:\/\/schema.org\/BlogPosting\" itemprop=\"blogPost\" ><div class='avia_textblock  '   itemprop=\"text\" ><p style=\"text-align: center;\"><strong><span style=\"font-size: 18pt;\">Irina Karamanos inicia agenda de actividades en la Regi\u00f3n de Ays\u00e9n<\/span><\/strong><\/p>\n<div id=\"gtx-trans\" style=\"position: absolute; left: -50px; top: 4.31534px;\">\n<div class=\"gtx-trans-icon\"><\/div>\n<\/div>\n<\/div><\/section><\/div><div class=\"flex_column av_one_full  flex_column_div av-zero-column-padding first  avia-builder-el-4  el_after_av_one_full  el_before_av_hr  column-top-margin\" style='border-radius:0px; '><section class=\"av_textblock_section \"  itemscope=\"itemscope\" itemtype=\"https:\/\/schema.org\/BlogPosting\" itemprop=\"blogPost\" ><div class='avia_textblock  '   itemprop=\"text\" ><p style=\"font-weight: 400; text-align: justify;\">La Coordinadora Sociocultural de la Presidencia de la Rep\u00fablica, Irina Karamanos, inici\u00f3 la tarde de este martes una agenda de actividades que se extender\u00e1 hasta el pr\u00f3ximo s\u00e1bado en las comunas de Ays\u00e9n, R\u00edo Ib\u00e1\u00f1ez y Coyhaique, en la Regi\u00f3n de Ays\u00e9n.<\/p>\n<p style=\"font-weight: 400; text-align: justify;\">El programa comenz\u00f3 la tarde de este martes con un saludo protocolar al Delegado Presidencial Regional, Rodrigo Araya, tras lo cual considera actividades con la Fundaci\u00f3n de Orquestas Juveniles e Infantiles de Chile (FOJI), Fundaci\u00f3n Prodemu y Fundaci\u00f3n Integra, entre otras; reuni\u00f3n con la Gobernadora Regional de Ays\u00e9n Andrea Mac\u00edas y di\u00e1logos con apoderados\/as y funcionarios\/as.<\/p>\n<p style=\"font-weight: 400; text-align: justify;\">A su llegada, Irina Karamanos indic\u00f3 que el programa de actividades tiene por objetivo conocer la gesti\u00f3n y la realidad local de manera directa en el territorio y junto a sus propias comunidades.<\/p>\n<p style=\"font-weight: 400; text-align: justify;\">\u201cNos interesaba mucho poder conocer la realidad en el \u00e1mbito de la descentralizaci\u00f3n, que siempre ha sido un \u00e9nfasis de Gobierno. En mi caso, estoy ac\u00e1 para trabajar en conjunto con las fundaciones de Orquestas Juveniles e Infantiles (FOJI), tambi\u00e9n vamos a visitar a Prodemu e Integra. Muchas veces las realidades de las distintas regiones se ven en lo m\u00e1s concreto, cuando uno conversa cara a cara y ve de cerca c\u00f3mo est\u00e1n trabajando las trabajadoras y los trabajadores\u201d, expres\u00f3.<\/p>\n<p style=\"font-weight: 400; text-align: justify;\">El Delegado Rodrigo Araya destac\u00f3 que el programa se desarrolla en distintas comunas y localidades, buscando reforzar el compromiso y trabajo de gobierno con la descentralizaci\u00f3n.<\/p>\n<p style=\"font-weight: 400; text-align: justify;\">\u201cLa descentralizaci\u00f3n se tiene que ejecutar en todas las instancias y en todas las reparticiones p\u00fablicas. Tambi\u00e9n es muy valioso que haya venido en uno de los inviernos m\u00e1s fr\u00edos de los \u00faltimos a\u00f1os, para que conozca c\u00f3mo se vive en la regi\u00f3n y en las distintas localidades que le va a tocar visitar. Tiene una agenda amplia esta semana, para tener ese contacto con la gente que nosotros como gobierno queremos mantener, para tomar buenas decisiones y ayudar a nuestras comunidades a vivir mejor\u201d, indic\u00f3.<\/p>\n<p style=\"font-weight: 400; text-align: justify;\">Entre las actividades destacan este martes un Concierto de la Orquesta Preinfantil Escuela de Ays\u00e9n y di\u00e1logo con los apoderados; visita al proyecto musical Taller instrumental Puerto R\u00edo Tranquilo; visita al proyecto musical Taller de Violines de Bah\u00eda Murta; conversatorio con mujeres campesinas del programa Mujer Rural INDAP-Prodemu y concierto en Polideportivo 21 de abril de Puerto Ays\u00e9n.<\/p>\n<\/div><\/section><\/div><div  style='height:50px' class='hr hr-invisible   avia-builder-el-6  el_after_av_one_full  el_before_av_social_share '><span class='hr-inner ' ><span class='hr-inner-style'><\/span><\/span><\/div><\/p>\n<div  class='av-social-sharing-box  avia-builder-el-7  el_after_av_hr  el_before_av_hr  '><div class='av-share-box'><h5 class='av-share-link-description av-no-toc '>Compartir esta noticia<\/h5><ul class='av-share-box-list noLightbox'><li class='av-share-link av-social-link-facebook' ><a target=\"_blank\" aria-label=\"Compartir en Facebook\" href='https:\/\/www.facebook.com\/sharer.php?u=https:\/\/radiorevelacionfm.cl\/?p=20569&#038;t=Irina%20Karamanos%20inicia%20agenda%20de%20actividades%20en%20la%20Regi%C3%B3n%20de%20Ays%C3%A9n' aria-hidden='false' data-av_icon='\ue8f3' data-av_iconfont='entypo-fontello' title='' data-avia-related-tooltip='Compartir en Facebook' rel=\"noopener\"><span class='avia_hidden_link_text'>Compartir en Facebook<\/span><\/a><\/li><li class='av-share-link av-social-link-twitter' ><a target=\"_blank\" aria-label=\"Compartir en Twitter\" href='https:\/\/twitter.com\/share?text=Irina%20Karamanos%20inicia%20agenda%20de%20actividades%20en%20la%20Regi%C3%B3n%20de%20Ays%C3%A9n&#038;url=https:\/\/radiorevelacionfm.cl\/?p=20569' aria-hidden='false' data-av_icon='\ue8f1' data-av_iconfont='entypo-fontello' title='' data-avia-related-tooltip='Compartir en Twitter' rel=\"noopener\"><span class='avia_hidden_link_text'>Compartir en Twitter<\/span><\/a><\/li><li class='av-share-link av-social-link-whatsapp' ><a target=\"_blank\" aria-label=\"Compartir en Whatsapp\" href='https:\/\/api.whatsapp.com\/send?text=https:\/\/radiorevelacionfm.cl\/?p=20569' aria-hidden='false' data-av_icon='\uf232' data-av_iconfont='entypo-fontello' title='' data-avia-related-tooltip='Compartir en Whatsapp' rel=\"noopener\"><span class='avia_hidden_link_text'>Compartir en Whatsapp<\/span><\/a><\/li><li class='av-share-link av-social-link-linkedin' ><a target=\"_blank\" aria-label=\"Compartir en LinkedIn\" href='https:\/\/linkedin.com\/shareArticle?mini=true&#038;title=Irina%20Karamanos%20inicia%20agenda%20de%20actividades%20en%20la%20Regi%C3%B3n%20de%20Ays%C3%A9n&#038;url=https:\/\/radiorevelacionfm.cl\/?p=20569' aria-hidden='false' data-av_icon='\ue8fc' data-av_iconfont='entypo-fontello' title='' data-avia-related-tooltip='Compartir en LinkedIn' rel=\"noopener\"><span class='avia_hidden_link_text'>Compartir en LinkedIn<\/span><\/a><\/li><li class='av-share-link av-social-link-mail' ><a  aria-label=\"Compartir por correo\" href='mailto:?subject=Irina%20Karamanos%20inicia%20agenda%20de%20actividades%20en%20la%20Regi%C3%B3n%20de%20Ays%C3%A9n&#038;body=https:\/\/radiorevelacionfm.cl\/?p=20569' aria-hidden='false' data-av_icon='\ue805' data-av_iconfont='entypo-fontello' title='' data-avia-related-tooltip='Compartir por correo'><span class='avia_hidden_link_text'>Compartir por correo<\/span><\/a><\/li><\/ul><\/div><\/div>\n<div  style='height:50px' class='hr hr-invisible   avia-builder-el-8  el_after_av_social_share  el_before_av_comments_list '><span class='hr-inner ' ><span class='hr-inner-style'><\/span><\/span><\/div>\n<div  class='av-buildercomment  av-blog-meta-html-info-disabled av-blog-meta-tag-disabled  '><\/div>\n","protected":false},"excerpt":{"rendered":"","protected":false},"author":1,"featured_media":20570,"comment_status":"open","ping_status":"open","sticky":false,"template":"","format":"standard","meta":{"footnotes":""},"categories":[38],"tags":[],"class_list":["post-20569","post","type-post","status-publish","format-standard","has-post-thumbnail","hentry","category-regional"],"jetpack_featured_media_url":"https:\/\/radiorevelacionfm.cl\/wp-content\/uploads\/2022\/08\/WhatsApp-Image-2022-08-16-at-6.43.51-PM-1-1.jpeg","_links":{"self":[{"href":"https:\/\/radiorevelacionfm.cl\/index.php?rest_route=\/wp\/v2\/posts\/20569","targetHints":{"allow":["GET"]}}],"collection":[{"href":"https:\/\/radiorevelacionfm.cl\/index.php?rest_route=\/wp\/v2\/posts"}],"about":[{"href":"https:\/\/radiorevelacionfm.cl\/index.php?rest_route=\/wp\/v2\/types\/post"}],"author":[{"embeddable":true,"href":"https:\/\/radiorevelacionfm.cl\/index.php?rest_route=\/wp\/v2\/users\/1"}],"replies":[{"embeddable":true,"href":"https:\/\/radiorevelacionfm.cl\/index.php?rest_route=%2Fwp%2Fv2%2Fcomments&post=20569"}],"version-history":[{"count":2,"href":"https:\/\/radiorevelacionfm.cl\/index.php?rest_route=\/wp\/v2\/posts\/20569\/revisions"}],"predecessor-version":[{"id":20572,"href":"https:\/\/radiorevelacionfm.cl\/index.php?rest_route=\/wp\/v2\/posts\/20569\/revisions\/20572"}],"wp:featuredmedia":[{"embeddable":true,"href":"https:\/\/radiorevelacionfm.cl\/index.php?rest_route=\/wp\/v2\/media\/20570"}],"wp:attachment":[{"href":"https:\/\/radiorevelacionfm.cl\/index.php?rest_route=%2Fwp%2Fv2%2Fmedia&parent=20569"}],"wp:term":[{"taxonomy":"category","embeddable":true,"href":"https:\/\/radiorevelacionfm.cl\/index.php?rest_route=%2Fwp%2Fv2%2Fcategories&post=20569"},{"taxonomy":"post_tag","embeddable":true,"href":"https:\/\/radiorevelacionfm.cl\/index.php?rest_route=%2Fwp%2Fv2%2Ftags&post=20569"}],"curies":[{"name":"wp","href":"https:\/\/api.w.org\/{rel}","templated":true}]}}