{"id":20566,"date":"2022-08-17T10:22:03","date_gmt":"2022-08-17T13:22:03","guid":{"rendered":"https:\/\/radiorevelacionfm.cl\/?p=20566"},"modified":"2022-08-17T10:22:03","modified_gmt":"2022-08-17T13:22:03","slug":"con-gran-adhesion-se-realizo-capacitacion-a-dirigentes-sociales-de-la-comuna-de-aysen","status":"publish","type":"post","link":"https:\/\/radiorevelacionfm.cl\/?p=20566","title":{"rendered":"Con gran adhesi\u00f3n se realiz\u00f3 capacitaci\u00f3n a dirigentes sociales de la comuna de Ays\u00e9n"},"content":{"rendered":"<div class=\"flex_column av_one_full  flex_column_div av-zero-column-padding first  avia-builder-el-0  el_before_av_one_full  avia-builder-el-first  \" style='border-radius:0px; '><div  class='avia-image-container  av-styling-    avia-builder-el-1  avia-builder-el-no-sibling  avia-align-center '  itemprop=\"image\" itemscope=\"itemscope\" itemtype=\"https:\/\/schema.org\/ImageObject\"  ><div class='avia-image-container-inner'><div class='avia-image-overlay-wrap'><img decoding=\"async\" class='wp-image-20567 avia-img-lazy-loading-not-20567 avia_image' src=\"https:\/\/radiorevelacionfm.cl\/wp-content\/uploads\/2022\/08\/img-CTDS-muniaysen1-1-1.jpg\" alt='' title='img-CTDS-muniaysen1 (1) (1)' height=\"600\" width=\"812\"  itemprop=\"thumbnailUrl\" srcset=\"https:\/\/radiorevelacionfm.cl\/wp-content\/uploads\/2022\/08\/img-CTDS-muniaysen1-1-1.jpg 812w, https:\/\/radiorevelacionfm.cl\/wp-content\/uploads\/2022\/08\/img-CTDS-muniaysen1-1-1-300x222.jpg 300w, https:\/\/radiorevelacionfm.cl\/wp-content\/uploads\/2022\/08\/img-CTDS-muniaysen1-1-1-768x567.jpg 768w, https:\/\/radiorevelacionfm.cl\/wp-content\/uploads\/2022\/08\/img-CTDS-muniaysen1-1-1-705x521.jpg 705w, https:\/\/radiorevelacionfm.cl\/wp-content\/uploads\/2022\/08\/img-CTDS-muniaysen1-1-1-600x443.jpg 600w\" sizes=\"(max-width: 812px) 100vw, 812px\" \/><\/div><\/div><\/div><\/div><div class=\"flex_column av_one_full  flex_column_div av-zero-column-padding first  avia-builder-el-2  el_after_av_one_full  el_before_av_one_full  column-top-margin\" style='border-radius:0px; '><section class=\"av_textblock_section \"  itemscope=\"itemscope\" itemtype=\"https:\/\/schema.org\/BlogPosting\" itemprop=\"blogPost\" ><div class='avia_textblock  '   itemprop=\"text\" ><p style=\"text-align: center;\"><strong><span style=\"font-size: 18pt;\">Con gran adhesi\u00f3n se realiz\u00f3 capacitaci\u00f3n a dirigentes sociales de la comuna de Ays\u00e9n<\/span><\/strong><\/p>\n<div id=\"gtx-trans\" style=\"position: absolute; left: -50px; top: 4.31534px;\">\n<div class=\"gtx-trans-icon\"><\/div>\n<\/div>\n<\/div><\/section><\/div><div class=\"flex_column av_one_full  flex_column_div av-zero-column-padding first  avia-builder-el-4  el_after_av_one_full  el_before_av_hr  column-top-margin\" style='border-radius:0px; '><section class=\"av_textblock_section \"  itemscope=\"itemscope\" itemtype=\"https:\/\/schema.org\/BlogPosting\" itemprop=\"blogPost\" ><div class='avia_textblock  '   itemprop=\"text\" ><p style=\"text-align: justify;\">\u201cCapital Social\u201d fue el t\u00f3pico abordado por m\u00e1s de un centenar de dirigentes de diversas agrupaciones territoriales y funcionales de la comuna de Ays\u00e9n con motivo de la capacitaci\u00f3n que efectu\u00f3 la Ilustre Municipalidad de Ays\u00e9n al alero del D\u00eda del Dirigente Social. Desde el Club de Rodeo y con la colaboraci\u00f3n activa del Departamento de Ingenier\u00eda Industrial de la Universidad de Chile los l\u00edderes comunitarios en compa\u00f1\u00eda del alcalde Julio Uribe Alvarado, conocieron los postulados que presenta el paradigma de colaboraci\u00f3n activa entre integrantes de una sociedad, los cuales por medio de sentimientos afectivos realizan cambios en favor del conjunto que los rodea.<\/p>\n<p style=\"text-align: justify;\">El encuentro estuvo a cargo del acad\u00e9mico de la UChile, Mg. Carlos Vignolo Friz, quien ya ha efectuado instancias de interacci\u00f3n similares para funcionarios municipales y del Servicio de Salud de Ays\u00e9n. La convocatoria fue efectuada desde la Unidad de Organizaciones Sociales de la casa edilicia y logr\u00f3 contar no tan s\u00f3lo con una alta adhesi\u00f3n pese a las condiciones clim\u00e1ticas que se presentaron en aquel momento y que son caracter\u00edsticas de Puerto Ays\u00e9n, sino que, con una valoraci\u00f3n positiva por los elementos que expone este modelo en favor de impulsar un cambio transformador.<\/p>\n<p style=\"text-align: justify;\">Al respecto, el alcalde de Ays\u00e9n, Julio Uribe Alvarado, destac\u00f3 que \u201cEstas son instancias necesarias, cuando yo asum\u00ed el municipio dije que ten\u00edamos que integrar a nuestros vecinos y vecinas, hoy vemos que esto es parte transversal de lo que hemos realizado. Aqu\u00ed se invita a trabajar con todos porque uno siempre quiere que a la Comuna le vaya mejor y tenemos que valorar a quienes nos ayudan a generar los proyectos que cambian la vida de las personas y esos son nuestros dirigentes sociales a los cuales agradezco por la confianza y el apoyo que aqu\u00ed han expresado\u201d.<\/p>\n<p style=\"text-align: justify;\">A rengl\u00f3n seguido, la primera autoridad comunal enfatiz\u00f3 en la necesidad expresada de los dirigentes por generar capacitaciones, situaci\u00f3n que fue abordada desde el municipio y que hoy permite dar el puntapi\u00e9 inicial a un nuevo trato con las organizaciones comunales. \u201cYo quiero que Ays\u00e9n contin\u00fae evolucionando, que pueda ser referente en el pa\u00eds y no estamos lejos de ello, s\u00f3lo falta que nos hagamos conscientes de que el esfuerzo de m\u00faltiples personas nos permitir\u00e1 tener un Ays\u00e9n mejor para todos y todas\u201d.<\/p>\n<p style=\"text-align: justify;\">Sobre el desarrollo de la instancia, el profesor Vignolo expres\u00f3 su grata impresi\u00f3n tras la convocatoria indicando que \u201cm\u00e1s que participaci\u00f3n es una apropiaci\u00f3n del espacio. Muy buena participaci\u00f3n en el sentido por ejemplo de so\u00f1ar en grande, as\u00ed es que, muy entusiasmado. Llevo mucho tiempo trabajando con mucha gente muy distinta pero vi aqu\u00ed un potencial enorme de innovaci\u00f3n, de liderazgo, de construcci\u00f3n de capital social para la comuna.\u201d Con ello, el acad\u00e9mico a\u00f1adi\u00f3 que la Universidad de Chile continuar\u00e1 ofreciendo esta oferta program\u00e1tica en la medida que exista el inter\u00e9s desde el territorio por impulsar una l\u00ednea de trabajo que para \u00e9l requerida por el \u201cpa\u00eds entero\u201d.<\/p>\n<p style=\"text-align: justify;\">Una de las asistentes, la dirigenta vecinal e integrante de una agrupaci\u00f3n de personas mayores de Ays\u00e9n, Pola Bustamante, coment\u00f3 su satisfacci\u00f3n con este tipo de encuentros \u201cen primer lugar, me voy s\u00faper contenta porque no me imagin\u00e9 nunca una actividad tan linda, tan hermosa, de tanto contenido. As\u00ed es que, espero que todos los que estuvimos hayan recepcionado esto de muy buena forma sobre los contenidos entregados, realmente voy feliz, en paz y con mucha esperanza\u201d.<\/p>\n<p style=\"text-align: justify;\">Por su parte, la tambi\u00e9n reconocida dirigenta, Ximena Ru\u00edz, presidenta de la Organizaci\u00f3n Social y Cultural Solidaria de Ays\u00e9n, manifest\u00f3 su gratitud ante la instancia convocada por la casa edilicia, ya que a su juicio \u201cfue un Taller bastante proactivo\u201d, agregando que esta actividad permiti\u00f3 tambi\u00e9n conocer a otros representantes del mundo social, dado el amplio espectro de organizaciones presentes, esperando con ello que se pueda volver a generar una instancia de similares caracter\u00edsticas en favor del capital social de la comuna.<\/p>\n<p style=\"text-align: justify;\">Finalmente, Rita Aguilar, encargada de la Unidad de Organizaciones comunitarias del municipio de Ays\u00e9n expres\u00f3 su gratitud por la disposici\u00f3n demostrada en Taller, explicando que para efectuar la actividad se materializ\u00f3 un amplio despliegue territorial porque el objetivo fue desde un inicio llegar a la mayor cantidad de dirigentes sociales, \u201cfaltaron algunas porque este fue el primer pie para otros Talleres y etapas que vendr\u00e1n, porque creemos firmemente junto a nuestro alcalde Julio Uribe en la importancia que tiene cada uno de nuestros dirigentes en la visi\u00f3n de Comuna que queremos desarrollar y por ello mismo, es que queremos trabajar con todos directamente en cuanto a fortalecimiento y capacitaciones\u201d, sentenci\u00f3 la representante municipal.<\/p>\n<\/div><\/section><\/div><div  style='height:50px' class='hr hr-invisible   avia-builder-el-6  el_after_av_one_full  el_before_av_social_share '><span class='hr-inner ' ><span class='hr-inner-style'><\/span><\/span><\/div><\/p>\n<div  class='av-social-sharing-box  avia-builder-el-7  el_after_av_hr  el_before_av_hr  '><div class='av-share-box'><h5 class='av-share-link-description av-no-toc '>Compartir esta noticia<\/h5><ul class='av-share-box-list noLightbox'><li class='av-share-link av-social-link-facebook' ><a target=\"_blank\" aria-label=\"Compartir en Facebook\" href='https:\/\/www.facebook.com\/sharer.php?u=https:\/\/radiorevelacionfm.cl\/?p=20566&#038;t=Con%20gran%20adhesi%C3%B3n%20se%20realiz%C3%B3%20capacitaci%C3%B3n%20a%20dirigentes%20sociales%20de%20la%20comuna%20de%20Ays%C3%A9n' aria-hidden='false' data-av_icon='\ue8f3' data-av_iconfont='entypo-fontello' title='' data-avia-related-tooltip='Compartir en Facebook' rel=\"noopener\"><span class='avia_hidden_link_text'>Compartir en Facebook<\/span><\/a><\/li><li class='av-share-link av-social-link-twitter' ><a target=\"_blank\" aria-label=\"Compartir en Twitter\" href='https:\/\/twitter.com\/share?text=Con%20gran%20adhesi%C3%B3n%20se%20realiz%C3%B3%20capacitaci%C3%B3n%20a%20dirigentes%20sociales%20de%20la%20comuna%20de%20Ays%C3%A9n&#038;url=https:\/\/radiorevelacionfm.cl\/?p=20566' aria-hidden='false' data-av_icon='\ue8f1' data-av_iconfont='entypo-fontello' title='' data-avia-related-tooltip='Compartir en Twitter' rel=\"noopener\"><span class='avia_hidden_link_text'>Compartir en Twitter<\/span><\/a><\/li><li class='av-share-link av-social-link-whatsapp' ><a target=\"_blank\" aria-label=\"Compartir en Whatsapp\" href='https:\/\/api.whatsapp.com\/send?text=https:\/\/radiorevelacionfm.cl\/?p=20566' aria-hidden='false' data-av_icon='\uf232' data-av_iconfont='entypo-fontello' title='' data-avia-related-tooltip='Compartir en Whatsapp' rel=\"noopener\"><span class='avia_hidden_link_text'>Compartir en Whatsapp<\/span><\/a><\/li><li class='av-share-link av-social-link-linkedin' ><a target=\"_blank\" aria-label=\"Compartir en LinkedIn\" href='https:\/\/linkedin.com\/shareArticle?mini=true&#038;title=Con%20gran%20adhesi%C3%B3n%20se%20realiz%C3%B3%20capacitaci%C3%B3n%20a%20dirigentes%20sociales%20de%20la%20comuna%20de%20Ays%C3%A9n&#038;url=https:\/\/radiorevelacionfm.cl\/?p=20566' aria-hidden='false' data-av_icon='\ue8fc' data-av_iconfont='entypo-fontello' title='' data-avia-related-tooltip='Compartir en LinkedIn' rel=\"noopener\"><span class='avia_hidden_link_text'>Compartir en LinkedIn<\/span><\/a><\/li><li class='av-share-link av-social-link-mail' ><a  aria-label=\"Compartir por correo\" href='mailto:?subject=Con%20gran%20adhesi%C3%B3n%20se%20realiz%C3%B3%20capacitaci%C3%B3n%20a%20dirigentes%20sociales%20de%20la%20comuna%20de%20Ays%C3%A9n&#038;body=https:\/\/radiorevelacionfm.cl\/?p=20566' aria-hidden='false' data-av_icon='\ue805' data-av_iconfont='entypo-fontello' title='' data-avia-related-tooltip='Compartir por correo'><span class='avia_hidden_link_text'>Compartir por correo<\/span><\/a><\/li><\/ul><\/div><\/div>\n<div  style='height:50px' class='hr hr-invisible   avia-builder-el-8  el_after_av_social_share  el_before_av_comments_list '><span class='hr-inner ' ><span class='hr-inner-style'><\/span><\/span><\/div>\n<div  class='av-buildercomment  av-blog-meta-html-info-disabled av-blog-meta-tag-disabled  '><\/div>\n","protected":false},"excerpt":{"rendered":"","protected":false},"author":1,"featured_media":20567,"comment_status":"open","ping_status":"open","sticky":false,"template":"","format":"standard","meta":{"footnotes":""},"categories":[38],"tags":[],"class_list":["post-20566","post","type-post","status-publish","format-standard","has-post-thumbnail","hentry","category-regional"],"jetpack_featured_media_url":"https:\/\/radiorevelacionfm.cl\/wp-content\/uploads\/2022\/08\/img-CTDS-muniaysen1-1-1.jpg","_links":{"self":[{"href":"https:\/\/radiorevelacionfm.cl\/index.php?rest_route=\/wp\/v2\/posts\/20566","targetHints":{"allow":["GET"]}}],"collection":[{"href":"https:\/\/radiorevelacionfm.cl\/index.php?rest_route=\/wp\/v2\/posts"}],"about":[{"href":"https:\/\/radiorevelacionfm.cl\/index.php?rest_route=\/wp\/v2\/types\/post"}],"author":[{"embeddable":true,"href":"https:\/\/radiorevelacionfm.cl\/index.php?rest_route=\/wp\/v2\/users\/1"}],"replies":[{"embeddable":true,"href":"https:\/\/radiorevelacionfm.cl\/index.php?rest_route=%2Fwp%2Fv2%2Fcomments&post=20566"}],"version-history":[{"count":2,"href":"https:\/\/radiorevelacionfm.cl\/index.php?rest_route=\/wp\/v2\/posts\/20566\/revisions"}],"predecessor-version":[{"id":20578,"href":"https:\/\/radiorevelacionfm.cl\/index.php?rest_route=\/wp\/v2\/posts\/20566\/revisions\/20578"}],"wp:featuredmedia":[{"embeddable":true,"href":"https:\/\/radiorevelacionfm.cl\/index.php?rest_route=\/wp\/v2\/media\/20567"}],"wp:attachment":[{"href":"https:\/\/radiorevelacionfm.cl\/index.php?rest_route=%2Fwp%2Fv2%2Fmedia&parent=20566"}],"wp:term":[{"taxonomy":"category","embeddable":true,"href":"https:\/\/radiorevelacionfm.cl\/index.php?rest_route=%2Fwp%2Fv2%2Fcategories&post=20566"},{"taxonomy":"post_tag","embeddable":true,"href":"https:\/\/radiorevelacionfm.cl\/index.php?rest_route=%2Fwp%2Fv2%2Ftags&post=20566"}],"curies":[{"name":"wp","href":"https:\/\/api.w.org\/{rel}","templated":true}]}}