{"id":20562,"date":"2022-08-17T13:07:39","date_gmt":"2022-08-17T16:07:39","guid":{"rendered":"https:\/\/radiorevelacionfm.cl\/?p=20562"},"modified":"2022-08-17T13:07:39","modified_gmt":"2022-08-17T16:07:39","slug":"red-pro-emprendimiento-busca-ayudar-a-las-mipymes-de-la-region-de-aysen","status":"publish","type":"post","link":"https:\/\/radiorevelacionfm.cl\/?p=20562","title":{"rendered":"Red Pro Emprendimiento busca ayudar a las Mipymes de la regi\u00f3n de Ays\u00e9n"},"content":{"rendered":"<div class=\"flex_column av_one_full  flex_column_div av-zero-column-padding first  avia-builder-el-0  el_before_av_one_full  avia-builder-el-first  \" style='border-radius:0px; '><div  class='avia-image-container  av-styling-    avia-builder-el-1  avia-builder-el-no-sibling  avia-align-center '  itemprop=\"image\" itemscope=\"itemscope\" itemtype=\"https:\/\/schema.org\/ImageObject\"  ><div class='avia-image-container-inner'><div class='avia-image-overlay-wrap'><img decoding=\"async\" class='wp-image-20563 avia-img-lazy-loading-not-20563 avia_image' src=\"https:\/\/radiorevelacionfm.cl\/wp-content\/uploads\/2022\/08\/Red-Pro-Emprendimiento-1-1.jpg\" alt='' title='Red Pro Emprendimiento (1) (1)' height=\"600\" width=\"1408\"  itemprop=\"thumbnailUrl\" srcset=\"https:\/\/radiorevelacionfm.cl\/wp-content\/uploads\/2022\/08\/Red-Pro-Emprendimiento-1-1.jpg 1408w, https:\/\/radiorevelacionfm.cl\/wp-content\/uploads\/2022\/08\/Red-Pro-Emprendimiento-1-1-300x128.jpg 300w, https:\/\/radiorevelacionfm.cl\/wp-content\/uploads\/2022\/08\/Red-Pro-Emprendimiento-1-1-1030x439.jpg 1030w, https:\/\/radiorevelacionfm.cl\/wp-content\/uploads\/2022\/08\/Red-Pro-Emprendimiento-1-1-768x327.jpg 768w, https:\/\/radiorevelacionfm.cl\/wp-content\/uploads\/2022\/08\/Red-Pro-Emprendimiento-1-1-705x300.jpg 705w, https:\/\/radiorevelacionfm.cl\/wp-content\/uploads\/2022\/08\/Red-Pro-Emprendimiento-1-1-600x256.jpg 600w\" sizes=\"(max-width: 1408px) 100vw, 1408px\" \/><\/div><\/div><\/div><\/div><div class=\"flex_column av_one_full  flex_column_div av-zero-column-padding first  avia-builder-el-2  el_after_av_one_full  el_before_av_one_full  column-top-margin\" style='border-radius:0px; '><section class=\"av_textblock_section \"  itemscope=\"itemscope\" itemtype=\"https:\/\/schema.org\/BlogPosting\" itemprop=\"blogPost\" ><div class='avia_textblock  '   itemprop=\"text\" ><p style=\"text-align: center;\"><strong><span style=\"font-size: 18pt;\">Red Pro Emprendimiento busca ayudar a las Mipymes de la regi\u00f3n de Ays\u00e9n<\/span><\/strong><\/p>\n<div id=\"gtx-trans\" style=\"position: absolute; left: -50px; top: 4.31534px;\">\n<div class=\"gtx-trans-icon\"><\/div>\n<\/div>\n<\/div><\/section><\/div><div class=\"flex_column av_one_full  flex_column_div av-zero-column-padding first  avia-builder-el-4  el_after_av_one_full  el_before_av_hr  column-top-margin\" style='border-radius:0px; '><section class=\"av_textblock_section \"  itemscope=\"itemscope\" itemtype=\"https:\/\/schema.org\/BlogPosting\" itemprop=\"blogPost\" ><div class='avia_textblock  '   itemprop=\"text\" ><p style=\"text-align: justify;\">Conformada por m\u00e1s de 20 agentes p\u00fablicos, privados y de la academia, la Red Pro Emprendimiento e Innovaci\u00f3n de Ays\u00e9n busca aportar al desarrollo socio econ\u00f3mico de la regi\u00f3n de Ays\u00e9n, generando redes, coordinaci\u00f3n y colaboraci\u00f3n entre los organismos encargados de entregar apoyo, herramientas y competencias a las Mipymes de la regi\u00f3n.<\/p>\n<p style=\"text-align: justify;\">Adicionalmente, la Red Pro Emprendimiento e Innovaci\u00f3n de Ays\u00e9n busca ser un canal de comunicaci\u00f3n de la oferta de apoyo de sus miembros al ecosistema emprendedor, as\u00ed c\u00f3mo facilitar el acceso a todo tipo de informaci\u00f3n que pudiese ser de ayuda para estos, c\u00f3mo fondos concursables, cursos, talleres, noticias y capacitaciones.<\/p>\n<p style=\"text-align: justify;\">Gonzalo Marf\u00e1n, Coordinador de esta Red, explica que el objetivo del grupo de entidades que forman esta iniciativa \u201cbusca promover la colaboraci\u00f3n entre los diversos actores que conforman nuestro ecosistema de emprendimiento e innovaci\u00f3n; coordinar y difundir actividades; levantar desde la red nuevos requerimientos de los emprendedores; desarrollar mesas de trabajo ante brechas espec\u00edficas que afecten a los emprendedores y fomentar la democratizaci\u00f3n de las oportunidades\u201d. Para esto, dentro de otras acciones, \u00a0se realizan reuniones peri\u00f3dicas de coordinaci\u00f3n con el fin de actualizar datos, dar a conocer la oferta program\u00e1tica de cada uno y\u00a0 fomentar la colaboraci\u00f3n entre sus miembros, acrecentando el impacto hacia los y las emprendedoras de Ays\u00e9n.<\/p>\n<p style=\"text-align: justify;\">\u201cLo que nosotros buscamos, como Red Pro, es ayudar a dinamizar el Ecosistema de Emprendimiento e Innovaci\u00f3n en Ays\u00e9n, incrementando las probabilidades de \u00e9xito de los emprendedores regionales, y con ello, el bienestar de estos, de sus familias y de la sociedad de Ays\u00e9n en general.\u00a0 Todos quienes conformamos este entramado de apoyo, tenemos una sincera voluntad de incrementar nuestro impacto, a trav\u00e9s de la coordinaci\u00f3n y colaboraci\u00f3n de las partes, todo en funci\u00f3n de ser mejores aliados estrat\u00e9gicos de los emprendedores y emprendedoras. Dentro de los miembros de la RED, contamos con todo tipo de servicios y apoyos, dentro de los que podemos encontrar; apoyo estrat\u00e9gico permanente, apoyo estrat\u00e9gico ante desaf\u00edos espec\u00edficos, apoyo financiero, desarrollo y transferencia de conocimientos espec\u00edficos, etc.\u201d<\/p>\n<p style=\"text-align: justify;\">La semana reci\u00e9n pasada, la Red Pro Emprendimiento e Innovaci\u00f3n de Ays\u00e9n se reuni\u00f3 con miras a planificar este segundo semestre 2022. Sobre esto, Gonzalo Marf\u00e1n indic\u00f3 que; \u201cLas reuniones de la Red Pro buscan un equilibrio entre; mantener la cercan\u00eda de los miembros participes de esta, factor crucial para la confianza y el deseo de colaborar, m\u00e1s a\u00fan cuando se van incorporando nuevos miembros o hay rotaci\u00f3n entre quienes representan a las distintas entidades; la claridad sobre las acciones que desarrollar\u00e1n los miembros y c\u00f3mo podemos colaborar en funci\u00f3n de estas; y, la constante auto observaci\u00f3n de este organismo que conformamos todos, permiti\u00e9ndonos seguir puliendo nuestras din\u00e1micas y responder ante los desaf\u00edos de un ecosistema complejo y lleno de desaf\u00edos. Es altamente motivante el encontrarnos, escucharnos y apoyarnos, dado que incluso las barreras de entidades que por definici\u00f3n pudiesen ser competencia, comienzan a desdibujarse y se generan sinergias importantes, donde todos ganamos, principalmente el ecosistema emprendedor. La colaboraci\u00f3n requiere generosidad y valent\u00eda, actitudes que se han ido forjando dentro de la cultura de la Red Pro, ahora buscamos seguir caminando en ese sentido\u201d.<\/p>\n<p style=\"text-align: justify;\">Finalmente Marfan invit\u00f3 a visitar la p\u00e1gina web de la red en <a href=\"http:\/\/www.patagoniaemprende.cl\">www.patagoniaemprende.cl<\/a> donde los emprendedores de Ays\u00e9n podr\u00e1n encontrar informaci\u00f3n sobre fondos, talleres y capacitaciones, entre otros.<\/p>\n<\/div><\/section><\/div><div  style='height:50px' class='hr hr-invisible   avia-builder-el-6  el_after_av_one_full  el_before_av_social_share '><span class='hr-inner ' ><span class='hr-inner-style'><\/span><\/span><\/div><\/p>\n<div  class='av-social-sharing-box  avia-builder-el-7  el_after_av_hr  el_before_av_hr  '><div class='av-share-box'><h5 class='av-share-link-description av-no-toc '>Compartir esta noticia<\/h5><ul class='av-share-box-list noLightbox'><li class='av-share-link av-social-link-facebook' ><a target=\"_blank\" aria-label=\"Compartir en Facebook\" href='https:\/\/www.facebook.com\/sharer.php?u=https:\/\/radiorevelacionfm.cl\/?p=20562&#038;t=Red%20Pro%20Emprendimiento%20busca%20ayudar%20a%20las%20Mipymes%20de%20la%20regi%C3%B3n%20de%20Ays%C3%A9n' aria-hidden='false' data-av_icon='\ue8f3' data-av_iconfont='entypo-fontello' title='' data-avia-related-tooltip='Compartir en Facebook' rel=\"noopener\"><span class='avia_hidden_link_text'>Compartir en Facebook<\/span><\/a><\/li><li class='av-share-link av-social-link-twitter' ><a target=\"_blank\" aria-label=\"Compartir en Twitter\" href='https:\/\/twitter.com\/share?text=Red%20Pro%20Emprendimiento%20busca%20ayudar%20a%20las%20Mipymes%20de%20la%20regi%C3%B3n%20de%20Ays%C3%A9n&#038;url=https:\/\/radiorevelacionfm.cl\/?p=20562' aria-hidden='false' data-av_icon='\ue8f1' data-av_iconfont='entypo-fontello' title='' data-avia-related-tooltip='Compartir en Twitter' rel=\"noopener\"><span class='avia_hidden_link_text'>Compartir en Twitter<\/span><\/a><\/li><li class='av-share-link av-social-link-whatsapp' ><a target=\"_blank\" aria-label=\"Compartir en Whatsapp\" href='https:\/\/api.whatsapp.com\/send?text=https:\/\/radiorevelacionfm.cl\/?p=20562' aria-hidden='false' data-av_icon='\uf232' data-av_iconfont='entypo-fontello' title='' data-avia-related-tooltip='Compartir en Whatsapp' rel=\"noopener\"><span class='avia_hidden_link_text'>Compartir en Whatsapp<\/span><\/a><\/li><li class='av-share-link av-social-link-linkedin' ><a target=\"_blank\" aria-label=\"Compartir en LinkedIn\" href='https:\/\/linkedin.com\/shareArticle?mini=true&#038;title=Red%20Pro%20Emprendimiento%20busca%20ayudar%20a%20las%20Mipymes%20de%20la%20regi%C3%B3n%20de%20Ays%C3%A9n&#038;url=https:\/\/radiorevelacionfm.cl\/?p=20562' aria-hidden='false' data-av_icon='\ue8fc' data-av_iconfont='entypo-fontello' title='' data-avia-related-tooltip='Compartir en LinkedIn' rel=\"noopener\"><span class='avia_hidden_link_text'>Compartir en LinkedIn<\/span><\/a><\/li><li class='av-share-link av-social-link-mail' ><a  aria-label=\"Compartir por correo\" href='mailto:?subject=Red%20Pro%20Emprendimiento%20busca%20ayudar%20a%20las%20Mipymes%20de%20la%20regi%C3%B3n%20de%20Ays%C3%A9n&#038;body=https:\/\/radiorevelacionfm.cl\/?p=20562' aria-hidden='false' data-av_icon='\ue805' data-av_iconfont='entypo-fontello' title='' data-avia-related-tooltip='Compartir por correo'><span class='avia_hidden_link_text'>Compartir por correo<\/span><\/a><\/li><\/ul><\/div><\/div>\n<div  style='height:50px' class='hr hr-invisible   avia-builder-el-8  el_after_av_social_share  el_before_av_comments_list '><span class='hr-inner ' ><span class='hr-inner-style'><\/span><\/span><\/div>\n<div  class='av-buildercomment  av-blog-meta-html-info-disabled av-blog-meta-tag-disabled  '><\/div>\n","protected":false},"excerpt":{"rendered":"","protected":false},"author":1,"featured_media":20563,"comment_status":"open","ping_status":"open","sticky":false,"template":"","format":"standard","meta":{"footnotes":""},"categories":[38],"tags":[],"class_list":["post-20562","post","type-post","status-publish","format-standard","has-post-thumbnail","hentry","category-regional"],"jetpack_featured_media_url":"https:\/\/radiorevelacionfm.cl\/wp-content\/uploads\/2022\/08\/Red-Pro-Emprendimiento-1-1.jpg","_links":{"self":[{"href":"https:\/\/radiorevelacionfm.cl\/index.php?rest_route=\/wp\/v2\/posts\/20562","targetHints":{"allow":["GET"]}}],"collection":[{"href":"https:\/\/radiorevelacionfm.cl\/index.php?rest_route=\/wp\/v2\/posts"}],"about":[{"href":"https:\/\/radiorevelacionfm.cl\/index.php?rest_route=\/wp\/v2\/types\/post"}],"author":[{"embeddable":true,"href":"https:\/\/radiorevelacionfm.cl\/index.php?rest_route=\/wp\/v2\/users\/1"}],"replies":[{"embeddable":true,"href":"https:\/\/radiorevelacionfm.cl\/index.php?rest_route=%2Fwp%2Fv2%2Fcomments&post=20562"}],"version-history":[{"count":2,"href":"https:\/\/radiorevelacionfm.cl\/index.php?rest_route=\/wp\/v2\/posts\/20562\/revisions"}],"predecessor-version":[{"id":20603,"href":"https:\/\/radiorevelacionfm.cl\/index.php?rest_route=\/wp\/v2\/posts\/20562\/revisions\/20603"}],"wp:featuredmedia":[{"embeddable":true,"href":"https:\/\/radiorevelacionfm.cl\/index.php?rest_route=\/wp\/v2\/media\/20563"}],"wp:attachment":[{"href":"https:\/\/radiorevelacionfm.cl\/index.php?rest_route=%2Fwp%2Fv2%2Fmedia&parent=20562"}],"wp:term":[{"taxonomy":"category","embeddable":true,"href":"https:\/\/radiorevelacionfm.cl\/index.php?rest_route=%2Fwp%2Fv2%2Fcategories&post=20562"},{"taxonomy":"post_tag","embeddable":true,"href":"https:\/\/radiorevelacionfm.cl\/index.php?rest_route=%2Fwp%2Fv2%2Ftags&post=20562"}],"curies":[{"name":"wp","href":"https:\/\/api.w.org\/{rel}","templated":true}]}}