{"id":20559,"date":"2022-08-18T10:20:57","date_gmt":"2022-08-18T13:20:57","guid":{"rendered":"https:\/\/radiorevelacionfm.cl\/?p=20559"},"modified":"2022-08-18T11:13:06","modified_gmt":"2022-08-18T14:13:06","slug":"region-de-aysen-registra-un-449-de-avance-en-las-postulaciones-al-sistema-de-admision-escolar-2023","status":"publish","type":"post","link":"https:\/\/radiorevelacionfm.cl\/?p=20559","title":{"rendered":"Regi\u00f3n de Ays\u00e9n registra un 44,9 % de avance en las postulaciones al Sistema de Admisi\u00f3n Escolar 2023"},"content":{"rendered":"<div class=\"flex_column av_one_full  flex_column_div av-zero-column-padding first  avia-builder-el-0  el_before_av_one_full  avia-builder-el-first  \" style='border-radius:0px; '><div  class='avia-image-container  av-styling-    avia-builder-el-1  avia-builder-el-no-sibling  avia-align-center '  itemprop=\"image\" itemscope=\"itemscope\" itemtype=\"https:\/\/schema.org\/ImageObject\"  ><div class='avia-image-container-inner'><div class='avia-image-overlay-wrap'><img decoding=\"async\" class='wp-image-20560 avia-img-lazy-loading-not-20560 avia_image' src=\"https:\/\/radiorevelacionfm.cl\/wp-content\/uploads\/2022\/08\/seremi-Isabel-Garrido-SAE-1-1.jpeg\" alt='' title='seremi Isabel Garrido (SAE) (1) (1)' height=\"600\" width=\"1081\"  itemprop=\"thumbnailUrl\" srcset=\"https:\/\/radiorevelacionfm.cl\/wp-content\/uploads\/2022\/08\/seremi-Isabel-Garrido-SAE-1-1.jpeg 1081w, https:\/\/radiorevelacionfm.cl\/wp-content\/uploads\/2022\/08\/seremi-Isabel-Garrido-SAE-1-1-300x167.jpeg 300w, https:\/\/radiorevelacionfm.cl\/wp-content\/uploads\/2022\/08\/seremi-Isabel-Garrido-SAE-1-1-1030x572.jpeg 1030w, https:\/\/radiorevelacionfm.cl\/wp-content\/uploads\/2022\/08\/seremi-Isabel-Garrido-SAE-1-1-768x426.jpeg 768w, https:\/\/radiorevelacionfm.cl\/wp-content\/uploads\/2022\/08\/seremi-Isabel-Garrido-SAE-1-1-705x391.jpeg 705w, https:\/\/radiorevelacionfm.cl\/wp-content\/uploads\/2022\/08\/seremi-Isabel-Garrido-SAE-1-1-600x333.jpeg 600w\" sizes=\"(max-width: 1081px) 100vw, 1081px\" \/><\/div><\/div><\/div><\/div><div class=\"flex_column av_one_full  flex_column_div av-zero-column-padding first  avia-builder-el-2  el_after_av_one_full  el_before_av_one_full  column-top-margin\" style='border-radius:0px; '><section class=\"av_textblock_section \"  itemscope=\"itemscope\" itemtype=\"https:\/\/schema.org\/BlogPosting\" itemprop=\"blogPost\" ><div class='avia_textblock  '   itemprop=\"text\" ><p style=\"text-align: center;\"><strong><span style=\"font-size: 18pt;\">Regi\u00f3n de Ays\u00e9n registra un 44,9 % de avance en las postulaciones al Sistema de Admisi\u00f3n Escolar 2023<\/span><\/strong><\/p>\n<div id=\"gtx-trans\" style=\"position: absolute; left: -50px; top: 4.31534px;\">\n<div class=\"gtx-trans-icon\"><\/div>\n<\/div>\n<\/div><\/section><\/div><div class=\"flex_column av_one_full  flex_column_div av-zero-column-padding first  avia-builder-el-4  el_after_av_one_full  el_before_av_hr  column-top-margin\" style='border-radius:0px; '><section class=\"av_textblock_section \"  itemscope=\"itemscope\" itemtype=\"https:\/\/schema.org\/BlogPosting\" itemprop=\"blogPost\" ><div class='avia_textblock  '   itemprop=\"text\" ><p class=\"v1MsoNormal\" style=\"text-align: justify;\">El mi\u00e9rcoles 10 de Agosto se dio inicio al periodo de postulaci\u00f3n para la Admisi\u00f3n Escolar para el a\u00f1o acad\u00e9mico 2023, proceso que debe realizarse a trav\u00e9s de la plataforma web <span lang=\"ES\"><a href=\"https:\/\/nam02.safelinks.protection.outlook.com\/?url=http%3A%2F%2Fwww.sistemadeadmisionescolar.cl%2F&amp;data=05%7C01%7Ccamilo.gomez%40mineduc.cl%7C35610bd858194924ac9d08da7b3dc415%7C2e4cfe500580414093874ecde39def60%7C0%7C0%7C637957803696846455%7CUnknown%7CTWFpbGZsb3d8eyJWIjoiMC4wLjAwMDAiLCJQIjoiV2luMzIiLCJBTiI6Ik1haWwiLCJXVCI6Mn0%3D%7C2000%7C%7C%7C&amp;sdata=GgJW7ykehPHVKRgzALmhQk4VIHHM6rVjREC7H0lwbp4%3D&amp;reserved=0\" target=\"_blank\" rel=\"noopener noreferrer\"><span lang=\"ES-CL\">www.sistemadeadmisionescolar.cl<\/span><\/a><\/span>\u00a0y que estar\u00e1 disponible hasta el mi\u00e9rcoles 7 de septiembre.<\/p>\n<p class=\"v1MsoNormal\" style=\"text-align: justify;\">La Seremi de Educaci\u00f3n de Ays\u00e9n Isabel Garrido Casassa inform\u00f3 que a la fecha en la regi\u00f3n 929 familias han realizado la postulaci\u00f3n, registr\u00e1ndose un avance del 44,9% de las 2.068 postulaciones esperadas.<\/p>\n<p class=\"v1MsoNormal\" style=\"text-align: justify;\">La autoridad sectorial destac\u00f3 que \u00abeste sistema \u00fanico de admisi\u00f3n, que permite postular a todos los establecimientos que reciben financiamiento del Estado, tiene el objetivo de eliminar las barreras de entrada a la educaci\u00f3n y a los diversos proyectos educativos que ofrecen las escuelas, colegios y liceos que son financiados con recursos estatales. Es decir son las familias las que eligen las escuelas y no al rev\u00e9s\u00bb.<\/p>\n<p class=\"v1MsoNormal\" style=\"text-align: justify;\">Isabel Garrido record\u00f3 que el proceso de postulaci\u00f3n se realiza 100% en l\u00ednea a trav\u00e9s del sitio web <span lang=\"ES\"><a href=\"https:\/\/nam02.safelinks.protection.outlook.com\/?url=http%3A%2F%2Fwww.sistemadeadmisionescolar.cl%2F&amp;data=05%7C01%7Ccamilo.gomez%40mineduc.cl%7C35610bd858194924ac9d08da7b3dc415%7C2e4cfe500580414093874ecde39def60%7C0%7C0%7C637957803696846455%7CUnknown%7CTWFpbGZsb3d8eyJWIjoiMC4wLjAwMDAiLCJQIjoiV2luMzIiLCJBTiI6Ik1haWwiLCJXVCI6Mn0%3D%7C2000%7C%7C%7C&amp;sdata=GgJW7ykehPHVKRgzALmhQk4VIHHM6rVjREC7H0lwbp4%3D&amp;reserved=0\" target=\"_blank\" rel=\"noopener noreferrer\"><span lang=\"ES-CL\">www.sistemadeadmisionescolar.cl<\/span><\/a><\/span>. De todas formas, el Ministerio de Educaci\u00f3n dispondr\u00e1 puntos de atenci\u00f3n presencial a lo largo de todo el pa\u00eds, para atender a las personas que necesiten ayuda u orientaci\u00f3n. Estos puntos se encuentran publicados en el mismo sitio. El Ministerio de Educaci\u00f3n habilit\u00f3 diferentes puntos en el pa\u00eds como tambi\u00e9n las Secretar\u00edas Regionales Ministeriales y Direcciones Provinciales de cada regi\u00f3n, para aquellos apoderados que no tengan computador o internet o necesiten resolver dudas.<\/p>\n<p class=\"v1MsoNormal\" style=\"text-align: justify;\">\u201cEn la Regi\u00f3n de Ays\u00e9n pueden concurrir a las oficinas Ayuda Mineduc ubicadas en calle Francisco Bilbao 540 y en el Departamento Provincial de Educaci\u00f3n Coyhaique ubicado en calle Dussen 229 Coyhaique. Adem\u00e1s de las oficinas de ChileAtiende, la red de Bibliotecas regionales y las Delegaciones Presidenciales Provinciales de Ays\u00e9n, Chile Chico y Cochrane\u201d.<\/p>\n<p class=\"v1MsoNormal\" style=\"text-align: justify;\">Para concurrir a los puntos de atenci\u00f3n, se deber\u00e1 tener lo siguiente:<\/p>\n<ul style=\"text-align: justify;\" type=\"disc\">\n<li class=\"v1MsoNormal\">C\u00e9dulas de identidad vigentes del o la apoderada y del postulante (estudiante).<\/li>\n<li class=\"v1MsoNormal\">Las personas extranjeras que no cuenten con RUN chileno (el apoderado y\/o el alumno) deber\u00e1n ir a alguna oficina de Ayuda Mineduc para que los habiliten como usuario.<\/li>\n<\/ul>\n<p class=\"v1MsoNormal\" style=\"text-align: justify;\">Tambi\u00e9n en\u00a0<span lang=\"ES\"><a href=\"https:\/\/nam02.safelinks.protection.outlook.com\/?url=http%3A%2F%2Fwww.sistemadeadmisionescolar.cl%2F&amp;data=05%7C01%7Ccamilo.gomez%40mineduc.cl%7C35610bd858194924ac9d08da7b3dc415%7C2e4cfe500580414093874ecde39def60%7C0%7C0%7C637957803696846455%7CUnknown%7CTWFpbGZsb3d8eyJWIjoiMC4wLjAwMDAiLCJQIjoiV2luMzIiLCJBTiI6Ik1haWwiLCJXVCI6Mn0%3D%7C2000%7C%7C%7C&amp;sdata=GgJW7ykehPHVKRgzALmhQk4VIHHM6rVjREC7H0lwbp4%3D&amp;reserved=0\" target=\"_blank\" rel=\"noopener noreferrer\"><span lang=\"ES-CL\">www.sistemadeadmisionescolar.cl<\/span><\/a><\/span>\u00a0las familias encontrar\u00e1n informaci\u00f3n relevante para definir su postulaci\u00f3n, como el Proyecto Educativo y Reglamento Interno de los establecimientos, su ubicaci\u00f3n, si tienen copago o son gratuitos, las actividades extraprogram\u00e1ticas que desarrollan, la cantidad de vacantes, entre otras.<\/p>\n<p class=\"v1MsoNormal\" style=\"text-align: justify;\">La postulaci\u00f3n se puede realizar hasta el 7 de septiembre. Postular antes o despu\u00e9s no influye en la asignaci\u00f3n de vacantes, pues todos quienes postulen dentro del plazo tendr\u00e1n las mismas oportunidades.<\/p>\n<p class=\"v1MsoNormal\" style=\"text-align: justify;\">En el caso de las familias extranjeras, podr\u00eda requerirse alg\u00fan tr\u00e1mite previo antes de postular, como obtener identificaci\u00f3n provisoria para el apoderado\/a o estudiante. Todos estos tr\u00e1mites se pueden hacer en l\u00ednea en <span lang=\"ES\"><a href=\"https:\/\/nam02.safelinks.protection.outlook.com\/?url=http%3A%2F%2Fwww.ayudamineduc.cl%2Ftramites-en-linea&amp;data=05%7C01%7Ccamilo.gomez%40mineduc.cl%7C35610bd858194924ac9d08da7b3dc415%7C2e4cfe500580414093874ecde39def60%7C0%7C0%7C637957803696846455%7CUnknown%7CTWFpbGZsb3d8eyJWIjoiMC4wLjAwMDAiLCJQIjoiV2luMzIiLCJBTiI6Ik1haWwiLCJXVCI6Mn0%3D%7C2000%7C%7C%7C&amp;sdata=CCbyobplz1GN18zkR2iFCSj%2BcIuIz1bnbgLFxY4yl9g%3D&amp;reserved=0\" target=\"_blank\" rel=\"noopener noreferrer\"><span lang=\"ES-CL\">www.ayudamineduc.cl\/tramites-en-linea<\/span><\/a><\/span>.<\/p>\n<p class=\"v1MsoNormal\" style=\"text-align: justify;\">Los resultados de esta etapa se conocer\u00e1n entre el 24 y el 28 de octubre.<\/p>\n<\/div><\/section><\/div><div  style='height:50px' class='hr hr-invisible   avia-builder-el-6  el_after_av_one_full  el_before_av_social_share '><span class='hr-inner ' ><span class='hr-inner-style'><\/span><\/span><\/div><\/p>\n<div  class='av-social-sharing-box  avia-builder-el-7  el_after_av_hr  el_before_av_hr  '><div class='av-share-box'><h5 class='av-share-link-description av-no-toc '>Compartir esta noticia<\/h5><ul class='av-share-box-list noLightbox'><li class='av-share-link av-social-link-facebook' ><a target=\"_blank\" aria-label=\"Compartir en Facebook\" href='https:\/\/www.facebook.com\/sharer.php?u=https:\/\/radiorevelacionfm.cl\/?p=20559&#038;t=Regi%C3%B3n%20de%20Ays%C3%A9n%20registra%20un%2044%2C9%20%25%20de%20avance%20en%20las%20postulaciones%20al%20Sistema%20de%20Admisi%C3%B3n%20Escolar%202023' aria-hidden='false' data-av_icon='\ue8f3' data-av_iconfont='entypo-fontello' title='' data-avia-related-tooltip='Compartir en Facebook' rel=\"noopener\"><span class='avia_hidden_link_text'>Compartir en Facebook<\/span><\/a><\/li><li class='av-share-link av-social-link-twitter' ><a target=\"_blank\" aria-label=\"Compartir en Twitter\" href='https:\/\/twitter.com\/share?text=Regi%C3%B3n%20de%20Ays%C3%A9n%20registra%20un%2044%2C9%20%25%20de%20avance%20en%20las%20postulaciones%20al%20Sistema%20de%20Admisi%C3%B3n%20Escolar%202023&#038;url=https:\/\/radiorevelacionfm.cl\/?p=20559' aria-hidden='false' data-av_icon='\ue8f1' data-av_iconfont='entypo-fontello' title='' data-avia-related-tooltip='Compartir en Twitter' rel=\"noopener\"><span class='avia_hidden_link_text'>Compartir en Twitter<\/span><\/a><\/li><li class='av-share-link av-social-link-whatsapp' ><a target=\"_blank\" aria-label=\"Compartir en Whatsapp\" href='https:\/\/api.whatsapp.com\/send?text=https:\/\/radiorevelacionfm.cl\/?p=20559' aria-hidden='false' data-av_icon='\uf232' data-av_iconfont='entypo-fontello' title='' data-avia-related-tooltip='Compartir en Whatsapp' rel=\"noopener\"><span class='avia_hidden_link_text'>Compartir en Whatsapp<\/span><\/a><\/li><li class='av-share-link av-social-link-linkedin' ><a target=\"_blank\" aria-label=\"Compartir en LinkedIn\" href='https:\/\/linkedin.com\/shareArticle?mini=true&#038;title=Regi%C3%B3n%20de%20Ays%C3%A9n%20registra%20un%2044%2C9%20%25%20de%20avance%20en%20las%20postulaciones%20al%20Sistema%20de%20Admisi%C3%B3n%20Escolar%202023&#038;url=https:\/\/radiorevelacionfm.cl\/?p=20559' aria-hidden='false' data-av_icon='\ue8fc' data-av_iconfont='entypo-fontello' title='' data-avia-related-tooltip='Compartir en LinkedIn' rel=\"noopener\"><span class='avia_hidden_link_text'>Compartir en LinkedIn<\/span><\/a><\/li><li class='av-share-link av-social-link-mail' ><a  aria-label=\"Compartir por correo\" href='mailto:?subject=Regi%C3%B3n%20de%20Ays%C3%A9n%20registra%20un%2044%2C9%20%25%20de%20avance%20en%20las%20postulaciones%20al%20Sistema%20de%20Admisi%C3%B3n%20Escolar%202023&#038;body=https:\/\/radiorevelacionfm.cl\/?p=20559' aria-hidden='false' data-av_icon='\ue805' data-av_iconfont='entypo-fontello' title='' data-avia-related-tooltip='Compartir por correo'><span class='avia_hidden_link_text'>Compartir por correo<\/span><\/a><\/li><\/ul><\/div><\/div>\n<div  style='height:50px' class='hr hr-invisible   avia-builder-el-8  el_after_av_social_share  el_before_av_comments_list '><span class='hr-inner ' ><span class='hr-inner-style'><\/span><\/span><\/div>\n<div  class='av-buildercomment  av-blog-meta-html-info-disabled av-blog-meta-tag-disabled  '><\/div>\n","protected":false},"excerpt":{"rendered":"","protected":false},"author":1,"featured_media":20560,"comment_status":"open","ping_status":"open","sticky":false,"template":"","format":"standard","meta":{"footnotes":""},"categories":[49],"tags":[],"class_list":["post-20559","post","type-post","status-publish","format-standard","has-post-thumbnail","hentry","category-educacion"],"jetpack_featured_media_url":"https:\/\/radiorevelacionfm.cl\/wp-content\/uploads\/2022\/08\/seremi-Isabel-Garrido-SAE-1-1.jpeg","_links":{"self":[{"href":"https:\/\/radiorevelacionfm.cl\/index.php?rest_route=\/wp\/v2\/posts\/20559","targetHints":{"allow":["GET"]}}],"collection":[{"href":"https:\/\/radiorevelacionfm.cl\/index.php?rest_route=\/wp\/v2\/posts"}],"about":[{"href":"https:\/\/radiorevelacionfm.cl\/index.php?rest_route=\/wp\/v2\/types\/post"}],"author":[{"embeddable":true,"href":"https:\/\/radiorevelacionfm.cl\/index.php?rest_route=\/wp\/v2\/users\/1"}],"replies":[{"embeddable":true,"href":"https:\/\/radiorevelacionfm.cl\/index.php?rest_route=%2Fwp%2Fv2%2Fcomments&post=20559"}],"version-history":[{"count":2,"href":"https:\/\/radiorevelacionfm.cl\/index.php?rest_route=\/wp\/v2\/posts\/20559\/revisions"}],"predecessor-version":[{"id":20659,"href":"https:\/\/radiorevelacionfm.cl\/index.php?rest_route=\/wp\/v2\/posts\/20559\/revisions\/20659"}],"wp:featuredmedia":[{"embeddable":true,"href":"https:\/\/radiorevelacionfm.cl\/index.php?rest_route=\/wp\/v2\/media\/20560"}],"wp:attachment":[{"href":"https:\/\/radiorevelacionfm.cl\/index.php?rest_route=%2Fwp%2Fv2%2Fmedia&parent=20559"}],"wp:term":[{"taxonomy":"category","embeddable":true,"href":"https:\/\/radiorevelacionfm.cl\/index.php?rest_route=%2Fwp%2Fv2%2Fcategories&post=20559"},{"taxonomy":"post_tag","embeddable":true,"href":"https:\/\/radiorevelacionfm.cl\/index.php?rest_route=%2Fwp%2Fv2%2Ftags&post=20559"}],"curies":[{"name":"wp","href":"https:\/\/api.w.org\/{rel}","templated":true}]}}