{"id":20556,"date":"2022-08-17T10:45:20","date_gmt":"2022-08-17T13:45:20","guid":{"rendered":"https:\/\/radiorevelacionfm.cl\/?p=20556"},"modified":"2022-08-17T10:45:20","modified_gmt":"2022-08-17T13:45:20","slug":"senda-presenta-primera-plataforma-digital-de-prevencion-del-consumo-de-drogas-en-escolares","status":"publish","type":"post","link":"https:\/\/radiorevelacionfm.cl\/?p=20556","title":{"rendered":"Senda presenta primera plataforma digital de Prevenci\u00f3n del Consumo de Drogas en escolares"},"content":{"rendered":"<div class=\"flex_column av_one_full  flex_column_div av-zero-column-padding first  avia-builder-el-0  el_before_av_one_full  avia-builder-el-first  \" style='border-radius:0px; '><div  class='avia-image-container  av-styling-    avia-builder-el-1  avia-builder-el-no-sibling  avia-align-center '  itemprop=\"image\" itemscope=\"itemscope\" itemtype=\"https:\/\/schema.org\/ImageObject\"  ><div class='avia-image-container-inner'><div class='avia-image-overlay-wrap'><img decoding=\"async\" class='wp-image-20557 avia-img-lazy-loading-not-20557 avia_image' src=\"https:\/\/radiorevelacionfm.cl\/wp-content\/uploads\/2022\/08\/4-26-1-1.jpeg\" alt='' title='4 (26) (1) (1)' height=\"600\" width=\"800\"  itemprop=\"thumbnailUrl\" srcset=\"https:\/\/radiorevelacionfm.cl\/wp-content\/uploads\/2022\/08\/4-26-1-1.jpeg 800w, https:\/\/radiorevelacionfm.cl\/wp-content\/uploads\/2022\/08\/4-26-1-1-300x225.jpeg 300w, https:\/\/radiorevelacionfm.cl\/wp-content\/uploads\/2022\/08\/4-26-1-1-768x576.jpeg 768w, https:\/\/radiorevelacionfm.cl\/wp-content\/uploads\/2022\/08\/4-26-1-1-705x529.jpeg 705w, https:\/\/radiorevelacionfm.cl\/wp-content\/uploads\/2022\/08\/4-26-1-1-600x450.jpeg 600w\" sizes=\"(max-width: 800px) 100vw, 800px\" \/><\/div><\/div><\/div><\/div><div class=\"flex_column av_one_full  flex_column_div av-zero-column-padding first  avia-builder-el-2  el_after_av_one_full  el_before_av_one_full  column-top-margin\" style='border-radius:0px; '><section class=\"av_textblock_section \"  itemscope=\"itemscope\" itemtype=\"https:\/\/schema.org\/BlogPosting\" itemprop=\"blogPost\" ><div class='avia_textblock  '   itemprop=\"text\" ><p style=\"text-align: center;\"><strong><span style=\"font-size: 18pt;\">Senda presenta primera plataforma digital de Prevenci\u00f3n del Consumo de Drogas en escolares<\/span><\/strong><\/p>\n<div id=\"gtx-trans\" style=\"position: absolute; left: -50px; top: 4.31534px;\">\n<div class=\"gtx-trans-icon\"><\/div>\n<\/div>\n<\/div><\/section><\/div><div class=\"flex_column av_one_full  flex_column_div av-zero-column-padding first  avia-builder-el-4  el_after_av_one_full  el_before_av_hr  column-top-margin\" style='border-radius:0px; '><section class=\"av_textblock_section \"  itemscope=\"itemscope\" itemtype=\"https:\/\/schema.org\/BlogPosting\" itemprop=\"blogPost\" ><div class='avia_textblock  '   itemprop=\"text\" ><p style=\"text-align: justify;\">Se trata de la mayor transformaci\u00f3n curricular de los \u00faltimos a\u00f1os en el \u00e1rea de la prevenci\u00f3n del consumo de alcohol y otras drogas, que est\u00e1 alineada a las recomendaciones internacionales y se basa en un continuo preventivo, que cubre todo el ciclo escolar.<\/p>\n<p style=\"text-align: justify;\">Son m\u00e1s de 100 recursos audiovisuales e interactivos que forman parte del Continuo Preventivo Online, la primera plataforma virtual de prevenci\u00f3n universal del consumo de alcohol y otras drogas desarrolladas por SENDA, la que est\u00e1 dirigida a escolares y establecimientos educacionales.<\/p>\n<p style=\"text-align: justify;\">La necesidad de modernizaci\u00f3n y la pandemia, impulsaron el desarrollo de estrategias efectivas de prevenci\u00f3n universal en contexto escolar y se concret\u00f3 luego de un proceso actualizaci\u00f3n que se tradujo en la elaboraci\u00f3n de 57 videos, m\u00e1s 57 recursos interactivos, adem\u00e1s de contenido para docentes y contenido especial para padres, madres y adultos cuidadores.<\/p>\n<p style=\"text-align: justify;\">\u201cLa transici\u00f3n del Programa Continuo Preventivo hacia una plataforma web, representa un cambio cultural en la forma en c\u00f3mo se concibe y aborda la prevenci\u00f3n para ni\u00f1os, ni\u00f1as y adolescentes, donde toda la comunidad educativa podr\u00e1 acceder a contenidos interactivos, animados e informativos, elaborados con el fin de apoyar el desarrollo de competencias sociales preventivas en estudiantes\u201d afirm\u00f3 el Director Regional (s) de Senda, Carlos Jara Neguel.<\/p>\n<p style=\"text-align: justify;\">El Delegado Regional Presidencial, Rodrigo Araya Morales dijo que: \u201ces tremendamente importante para nuestro gobierno y para nuestro Presidente Gabriel Boric, justamente el dar atenci\u00f3n especial y sobre todo en actividades de prevenci\u00f3n. La que en este caso es la prevenci\u00f3n del consumo de drogas y alcohol a los ni\u00f1os, ni\u00f1as y adolescentes de nuestro pa\u00eds. Este es un programa transversal, que se est\u00e1 haciendo en todo el pa\u00eds, en la educaci\u00f3n p\u00fablica, municipal, en la educaci\u00f3n particular subvencionada tambi\u00e9n. Es un programa que viene a mejorar lo que se estaba haciendo en a\u00f1os anteriores, con la incorporaci\u00f3n de tecnolog\u00edas, de p\u00e1ginas web que son muy completos y es lo que SENDA nos estuvo presentado hoy d\u00eda y la invitaci\u00f3n a todos los apoderados es a que se puedan incorporar a este aprendizaje. El material lo pueden compartir los alumnos en sus hogares y por lo tanto estamos invitando ahora a los alumnos, pero tambi\u00e9n a las familias y a los tutores a que puedan participar en este proceso tan importante, sobre todo en esta \u00e9poca, donde ni\u00f1os, ni\u00f1as y adolescentes, est\u00e1n sometidos a muchos est\u00edmulos y situaciones de riesgo, por lo cual contar con informaci\u00f3n para que tomen decisiones adecuadas es tremendamente importante\u201d.<\/p>\n<p style=\"text-align: justify;\">Por su parte el Director del Liceo T\u00e9cnico Profesional Juan Pablo II, Marcelo Cer\u00f3n, destac\u00f3: \u201cpara nosotros es un orgullo de que nos hayan invitado a este lanzamiento, porque \u00e9ste tiene un impacto directo en nuestros estudiantes. Todo este insumo que se nos estrega para nosotros es fundamental para poder desarrollar herramientas y as\u00ed adquirir capacidades respecto de la prevenci\u00f3n del consumo de alcohol y drogas\u201d<\/p>\n<p style=\"text-align: justify;\">La Seremi de Educaci\u00f3n (s) Katherine Miqueles indic\u00f3: \u201cesta herramienta va desarrollando las competencias sociales preventivas y justamente ah\u00ed est\u00e1 la mirada, en volver a encontrarnos, en tener una mirada colectiva y no individual\u201d.<\/p>\n<p style=\"text-align: justify;\">Cabe se\u00f1alar que estos recursos reemplazar\u00e1n al material f\u00edsico que Senda entregaba todos los a\u00f1os a los Establecimientos Educacionales. Lo que ser\u00e1 una gran ventaja para estos tiempos, ya que ampl\u00eda la capacidad de llegar a todos los estudiantes del pa\u00eds y en particular la Regi\u00f3n de Ays\u00e9n.<\/p>\n<p style=\"text-align: justify;\">La plataforma est\u00e1 disponible en <a href=\"https:\/\/continuopreventivo.senda.gob.cl\/\">continuopreventivo.senda.gob.cl<\/a> para computadoras, tabletas y tel\u00e9fonos inteligentes.<\/p>\n<\/div><\/section><\/div><div  style='height:50px' class='hr hr-invisible   avia-builder-el-6  el_after_av_one_full  el_before_av_social_share '><span class='hr-inner ' ><span class='hr-inner-style'><\/span><\/span><\/div><\/p>\n<div  class='av-social-sharing-box  avia-builder-el-7  el_after_av_hr  el_before_av_hr  '><div class='av-share-box'><h5 class='av-share-link-description av-no-toc '>Compartir esta noticia<\/h5><ul class='av-share-box-list noLightbox'><li class='av-share-link av-social-link-facebook' ><a target=\"_blank\" aria-label=\"Compartir en Facebook\" href='https:\/\/www.facebook.com\/sharer.php?u=https:\/\/radiorevelacionfm.cl\/?p=20556&#038;t=Senda%20presenta%20primera%20plataforma%20digital%20de%20Prevenci%C3%B3n%20del%20Consumo%20de%20Drogas%20en%20escolares' aria-hidden='false' data-av_icon='\ue8f3' data-av_iconfont='entypo-fontello' title='' data-avia-related-tooltip='Compartir en Facebook' rel=\"noopener\"><span class='avia_hidden_link_text'>Compartir en Facebook<\/span><\/a><\/li><li class='av-share-link av-social-link-twitter' ><a target=\"_blank\" aria-label=\"Compartir en Twitter\" href='https:\/\/twitter.com\/share?text=Senda%20presenta%20primera%20plataforma%20digital%20de%20Prevenci%C3%B3n%20del%20Consumo%20de%20Drogas%20en%20escolares&#038;url=https:\/\/radiorevelacionfm.cl\/?p=20556' aria-hidden='false' data-av_icon='\ue8f1' data-av_iconfont='entypo-fontello' title='' data-avia-related-tooltip='Compartir en Twitter' rel=\"noopener\"><span class='avia_hidden_link_text'>Compartir en Twitter<\/span><\/a><\/li><li class='av-share-link av-social-link-whatsapp' ><a target=\"_blank\" aria-label=\"Compartir en Whatsapp\" href='https:\/\/api.whatsapp.com\/send?text=https:\/\/radiorevelacionfm.cl\/?p=20556' aria-hidden='false' data-av_icon='\uf232' data-av_iconfont='entypo-fontello' title='' data-avia-related-tooltip='Compartir en Whatsapp' rel=\"noopener\"><span class='avia_hidden_link_text'>Compartir en Whatsapp<\/span><\/a><\/li><li class='av-share-link av-social-link-linkedin' ><a target=\"_blank\" aria-label=\"Compartir en LinkedIn\" href='https:\/\/linkedin.com\/shareArticle?mini=true&#038;title=Senda%20presenta%20primera%20plataforma%20digital%20de%20Prevenci%C3%B3n%20del%20Consumo%20de%20Drogas%20en%20escolares&#038;url=https:\/\/radiorevelacionfm.cl\/?p=20556' aria-hidden='false' data-av_icon='\ue8fc' data-av_iconfont='entypo-fontello' title='' data-avia-related-tooltip='Compartir en LinkedIn' rel=\"noopener\"><span class='avia_hidden_link_text'>Compartir en LinkedIn<\/span><\/a><\/li><li class='av-share-link av-social-link-mail' ><a  aria-label=\"Compartir por correo\" href='mailto:?subject=Senda%20presenta%20primera%20plataforma%20digital%20de%20Prevenci%C3%B3n%20del%20Consumo%20de%20Drogas%20en%20escolares&#038;body=https:\/\/radiorevelacionfm.cl\/?p=20556' aria-hidden='false' data-av_icon='\ue805' data-av_iconfont='entypo-fontello' title='' data-avia-related-tooltip='Compartir por correo'><span class='avia_hidden_link_text'>Compartir por correo<\/span><\/a><\/li><\/ul><\/div><\/div>\n<div  style='height:50px' class='hr hr-invisible   avia-builder-el-8  el_after_av_social_share  el_before_av_comments_list '><span class='hr-inner ' ><span class='hr-inner-style'><\/span><\/span><\/div>\n<div  class='av-buildercomment  av-blog-meta-html-info-disabled av-blog-meta-tag-disabled  '><\/div>\n","protected":false},"excerpt":{"rendered":"","protected":false},"author":1,"featured_media":20557,"comment_status":"open","ping_status":"open","sticky":false,"template":"","format":"standard","meta":{"footnotes":""},"categories":[38],"tags":[],"class_list":["post-20556","post","type-post","status-publish","format-standard","has-post-thumbnail","hentry","category-regional"],"jetpack_featured_media_url":"https:\/\/radiorevelacionfm.cl\/wp-content\/uploads\/2022\/08\/4-26-1-1.jpeg","_links":{"self":[{"href":"https:\/\/radiorevelacionfm.cl\/index.php?rest_route=\/wp\/v2\/posts\/20556","targetHints":{"allow":["GET"]}}],"collection":[{"href":"https:\/\/radiorevelacionfm.cl\/index.php?rest_route=\/wp\/v2\/posts"}],"about":[{"href":"https:\/\/radiorevelacionfm.cl\/index.php?rest_route=\/wp\/v2\/types\/post"}],"author":[{"embeddable":true,"href":"https:\/\/radiorevelacionfm.cl\/index.php?rest_route=\/wp\/v2\/users\/1"}],"replies":[{"embeddable":true,"href":"https:\/\/radiorevelacionfm.cl\/index.php?rest_route=%2Fwp%2Fv2%2Fcomments&post=20556"}],"version-history":[{"count":2,"href":"https:\/\/radiorevelacionfm.cl\/index.php?rest_route=\/wp\/v2\/posts\/20556\/revisions"}],"predecessor-version":[{"id":20579,"href":"https:\/\/radiorevelacionfm.cl\/index.php?rest_route=\/wp\/v2\/posts\/20556\/revisions\/20579"}],"wp:featuredmedia":[{"embeddable":true,"href":"https:\/\/radiorevelacionfm.cl\/index.php?rest_route=\/wp\/v2\/media\/20557"}],"wp:attachment":[{"href":"https:\/\/radiorevelacionfm.cl\/index.php?rest_route=%2Fwp%2Fv2%2Fmedia&parent=20556"}],"wp:term":[{"taxonomy":"category","embeddable":true,"href":"https:\/\/radiorevelacionfm.cl\/index.php?rest_route=%2Fwp%2Fv2%2Fcategories&post=20556"},{"taxonomy":"post_tag","embeddable":true,"href":"https:\/\/radiorevelacionfm.cl\/index.php?rest_route=%2Fwp%2Fv2%2Ftags&post=20556"}],"curies":[{"name":"wp","href":"https:\/\/api.w.org\/{rel}","templated":true}]}}