{"id":20553,"date":"2022-08-16T19:29:17","date_gmt":"2022-08-16T22:29:17","guid":{"rendered":"https:\/\/radiorevelacionfm.cl\/?p=20553"},"modified":"2022-08-16T19:29:17","modified_gmt":"2022-08-16T22:29:17","slug":"estudiantes-del-cft-de-aysen-visitan-relleno-sanitario-y-valoran-iniciativa-de-empresario-local","status":"publish","type":"post","link":"https:\/\/radiorevelacionfm.cl\/?p=20553","title":{"rendered":"Estudiantes del CFT de Ays\u00e9n visitan relleno sanitario y valoran iniciativa de empresario local"},"content":{"rendered":"<div class=\"flex_column av_one_full  flex_column_div av-zero-column-padding first  avia-builder-el-0  el_before_av_one_full  avia-builder-el-first  \" style='border-radius:0px; '><div  class='avia-image-container  av-styling-    avia-builder-el-1  avia-builder-el-no-sibling  avia-align-center '  itemprop=\"image\" itemscope=\"itemscope\" itemtype=\"https:\/\/schema.org\/ImageObject\"  ><div class='avia-image-container-inner'><div class='avia-image-overlay-wrap'><img decoding=\"async\" class='wp-image-20554 avia-img-lazy-loading-not-20554 avia_image' src=\"https:\/\/radiorevelacionfm.cl\/wp-content\/uploads\/2022\/08\/cft-relleno-4-1_optimized.jpg\" alt='' title='cft-relleno-4-(1)_optimized' height=\"600\" width=\"1067\"  itemprop=\"thumbnailUrl\" srcset=\"https:\/\/radiorevelacionfm.cl\/wp-content\/uploads\/2022\/08\/cft-relleno-4-1_optimized.jpg 1067w, https:\/\/radiorevelacionfm.cl\/wp-content\/uploads\/2022\/08\/cft-relleno-4-1_optimized-300x169.jpg 300w, https:\/\/radiorevelacionfm.cl\/wp-content\/uploads\/2022\/08\/cft-relleno-4-1_optimized-1030x579.jpg 1030w, https:\/\/radiorevelacionfm.cl\/wp-content\/uploads\/2022\/08\/cft-relleno-4-1_optimized-768x432.jpg 768w, https:\/\/radiorevelacionfm.cl\/wp-content\/uploads\/2022\/08\/cft-relleno-4-1_optimized-705x396.jpg 705w, https:\/\/radiorevelacionfm.cl\/wp-content\/uploads\/2022\/08\/cft-relleno-4-1_optimized-600x337.jpg 600w\" sizes=\"(max-width: 1067px) 100vw, 1067px\" \/><\/div><\/div><\/div><\/div><div class=\"flex_column av_one_full  flex_column_div av-zero-column-padding first  avia-builder-el-2  el_after_av_one_full  el_before_av_one_full  column-top-margin\" style='border-radius:0px; '><section class=\"av_textblock_section \"  itemscope=\"itemscope\" itemtype=\"https:\/\/schema.org\/BlogPosting\" itemprop=\"blogPost\" ><div class='avia_textblock  '   itemprop=\"text\" ><p style=\"text-align: center;\"><strong><span style=\"font-size: 18pt;\">Estudiantes del CFT de Ays\u00e9n visitan relleno sanitario y valoran iniciativa de empresario local<\/span><\/strong><\/p>\n<div id=\"gtx-trans\" style=\"position: absolute; left: -50px; top: 4.31534px;\">\n<div class=\"gtx-trans-icon\"><\/div>\n<\/div>\n<\/div><\/section><\/div><div class=\"flex_column av_one_full  flex_column_div av-zero-column-padding first  avia-builder-el-4  el_after_av_one_full  el_before_av_hr  column-top-margin\" style='border-radius:0px; '><section class=\"av_textblock_section \"  itemscope=\"itemscope\" itemtype=\"https:\/\/schema.org\/BlogPosting\" itemprop=\"blogPost\" ><div class='avia_textblock  '   itemprop=\"text\" ><p style=\"text-align: justify;\">Hasta el relleno sanitario de Ays\u00e9n de propiedad de Empresas Bahamonde, llegaron estudiantes de la carrera de T\u00e9cnico de Nivel Superior en Administraci\u00f3n de Sistemas Log\u00edsticos del Centro de Formaci\u00f3n T\u00e9cnica Estatal.<\/p>\n<p style=\"text-align: justify;\">Esta fue una instancia requerida por uno de los alumnos, con el fin de conocer en terreno el funcionamiento de la iniciativa. \u201cSe acerc\u00f3 un alumno a la oficina, que es, don Francisco Ayancan, ya que ellos tienen la carrera de Administraci\u00f3n de Sistemas Log\u00edsticos y quer\u00edan trabajar con la empresa, ante lo cual, acced\u00ed de muy buena manera. Adem\u00e1s, esta semana tuvimos una reuni\u00f3n con el vicerrector, decano y docentes de la instituci\u00f3n, ya que, estamos trabajando en un convenio entre Servicios Industriales Bahamonde y el CFT de Ays\u00e9n, instancia en la cual, les hice la invitaci\u00f3n para que visiten el relleno sanitario y es as\u00ed que llegaron m\u00e1s de veinte alumnos a visitar nuestro proyecto\u201d, indic\u00f3 Alejandro Bahamonde, propietario del relleno sanitario.<\/p>\n<p style=\"text-align: justify;\">Agradecido de la instancia y la disposici\u00f3n mostrada por el representante de la entidad privada, se mostr\u00f3, Francisco Ayancan, alumno de la carrera de Administraci\u00f3n en Sistemas de log\u00edsticos del Centro de Formaci\u00f3n T\u00e9cnica de Ays\u00e9n.<\/p>\n<p style=\"text-align: justify;\">\u201cSe valora la disposici\u00f3n de poner su experiencia y sus instalaciones a nuestra disposici\u00f3n, primero como alumnos de la carrera y luego escalar a la iniciativa de poder desarrollar algo en conjunto, en lo que nuestros directivos han designado y proyectado a futuro firmar alg\u00fan convenio de transferencia, en el \u00e1mbito educativo, tecnol\u00f3gico, en las distintas materias y poder nosotros conocer y aportar en la medida de lo posible como CFT y alumnos. Desde Empresas Bahamonde, toda la experiencia que tiene Alejandro en el desarrollo de haber transformado un vertedero en lo que hoy es un relleno sanitario, todo lo que estamos visitando hoy d\u00eda en el proceso de los filtros, lo que tiene que ver con lombricultura, la elaboraci\u00f3n de humus y la verdad que todo ha sido muy enriquecedor\u201d.<\/p>\n<p style=\"text-align: justify;\">Esta actividad es parte del trabajo que est\u00e1n desarrollando en conjunto el CFT Estatal de Ays\u00e9n y Empresas Bahamonde, con miras a formalizar un convenio de colaboraci\u00f3n.<\/p>\n<\/div><\/section><\/div><div  style='height:50px' class='hr hr-invisible   avia-builder-el-6  el_after_av_one_full  el_before_av_social_share '><span class='hr-inner ' ><span class='hr-inner-style'><\/span><\/span><\/div><\/p>\n<div  class='av-social-sharing-box  avia-builder-el-7  el_after_av_hr  el_before_av_hr  '><div class='av-share-box'><h5 class='av-share-link-description av-no-toc '>Compartir esta noticia<\/h5><ul class='av-share-box-list noLightbox'><li class='av-share-link av-social-link-facebook' ><a target=\"_blank\" aria-label=\"Compartir en Facebook\" href='https:\/\/www.facebook.com\/sharer.php?u=https:\/\/radiorevelacionfm.cl\/?p=20553&#038;t=Estudiantes%20del%20CFT%20de%20Ays%C3%A9n%20visitan%20relleno%20sanitario%20y%20valoran%20iniciativa%20de%20empresario%20local' aria-hidden='false' data-av_icon='\ue8f3' data-av_iconfont='entypo-fontello' title='' data-avia-related-tooltip='Compartir en Facebook' rel=\"noopener\"><span class='avia_hidden_link_text'>Compartir en Facebook<\/span><\/a><\/li><li class='av-share-link av-social-link-twitter' ><a target=\"_blank\" aria-label=\"Compartir en Twitter\" href='https:\/\/twitter.com\/share?text=Estudiantes%20del%20CFT%20de%20Ays%C3%A9n%20visitan%20relleno%20sanitario%20y%20valoran%20iniciativa%20de%20empresario%20local&#038;url=https:\/\/radiorevelacionfm.cl\/?p=20553' aria-hidden='false' data-av_icon='\ue8f1' data-av_iconfont='entypo-fontello' title='' data-avia-related-tooltip='Compartir en Twitter' rel=\"noopener\"><span class='avia_hidden_link_text'>Compartir en Twitter<\/span><\/a><\/li><li class='av-share-link av-social-link-whatsapp' ><a target=\"_blank\" aria-label=\"Compartir en Whatsapp\" href='https:\/\/api.whatsapp.com\/send?text=https:\/\/radiorevelacionfm.cl\/?p=20553' aria-hidden='false' data-av_icon='\uf232' data-av_iconfont='entypo-fontello' title='' data-avia-related-tooltip='Compartir en Whatsapp' rel=\"noopener\"><span class='avia_hidden_link_text'>Compartir en Whatsapp<\/span><\/a><\/li><li class='av-share-link av-social-link-linkedin' ><a target=\"_blank\" aria-label=\"Compartir en LinkedIn\" href='https:\/\/linkedin.com\/shareArticle?mini=true&#038;title=Estudiantes%20del%20CFT%20de%20Ays%C3%A9n%20visitan%20relleno%20sanitario%20y%20valoran%20iniciativa%20de%20empresario%20local&#038;url=https:\/\/radiorevelacionfm.cl\/?p=20553' aria-hidden='false' data-av_icon='\ue8fc' data-av_iconfont='entypo-fontello' title='' data-avia-related-tooltip='Compartir en LinkedIn' rel=\"noopener\"><span class='avia_hidden_link_text'>Compartir en LinkedIn<\/span><\/a><\/li><li class='av-share-link av-social-link-mail' ><a  aria-label=\"Compartir por correo\" href='mailto:?subject=Estudiantes%20del%20CFT%20de%20Ays%C3%A9n%20visitan%20relleno%20sanitario%20y%20valoran%20iniciativa%20de%20empresario%20local&#038;body=https:\/\/radiorevelacionfm.cl\/?p=20553' aria-hidden='false' data-av_icon='\ue805' data-av_iconfont='entypo-fontello' title='' data-avia-related-tooltip='Compartir por correo'><span class='avia_hidden_link_text'>Compartir por correo<\/span><\/a><\/li><\/ul><\/div><\/div>\n<div  style='height:50px' class='hr hr-invisible   avia-builder-el-8  el_after_av_social_share  el_before_av_comments_list '><span class='hr-inner ' ><span class='hr-inner-style'><\/span><\/span><\/div>\n<div  class='av-buildercomment  av-blog-meta-html-info-disabled av-blog-meta-tag-disabled  '><\/div>\n","protected":false},"excerpt":{"rendered":"","protected":false},"author":1,"featured_media":20554,"comment_status":"open","ping_status":"open","sticky":false,"template":"","format":"standard","meta":{"footnotes":""},"categories":[38],"tags":[],"class_list":["post-20553","post","type-post","status-publish","format-standard","has-post-thumbnail","hentry","category-regional"],"jetpack_featured_media_url":"https:\/\/radiorevelacionfm.cl\/wp-content\/uploads\/2022\/08\/cft-relleno-4-1_optimized.jpg","_links":{"self":[{"href":"https:\/\/radiorevelacionfm.cl\/index.php?rest_route=\/wp\/v2\/posts\/20553","targetHints":{"allow":["GET"]}}],"collection":[{"href":"https:\/\/radiorevelacionfm.cl\/index.php?rest_route=\/wp\/v2\/posts"}],"about":[{"href":"https:\/\/radiorevelacionfm.cl\/index.php?rest_route=\/wp\/v2\/types\/post"}],"author":[{"embeddable":true,"href":"https:\/\/radiorevelacionfm.cl\/index.php?rest_route=\/wp\/v2\/users\/1"}],"replies":[{"embeddable":true,"href":"https:\/\/radiorevelacionfm.cl\/index.php?rest_route=%2Fwp%2Fv2%2Fcomments&post=20553"}],"version-history":[{"count":2,"href":"https:\/\/radiorevelacionfm.cl\/index.php?rest_route=\/wp\/v2\/posts\/20553\/revisions"}],"predecessor-version":[{"id":20565,"href":"https:\/\/radiorevelacionfm.cl\/index.php?rest_route=\/wp\/v2\/posts\/20553\/revisions\/20565"}],"wp:featuredmedia":[{"embeddable":true,"href":"https:\/\/radiorevelacionfm.cl\/index.php?rest_route=\/wp\/v2\/media\/20554"}],"wp:attachment":[{"href":"https:\/\/radiorevelacionfm.cl\/index.php?rest_route=%2Fwp%2Fv2%2Fmedia&parent=20553"}],"wp:term":[{"taxonomy":"category","embeddable":true,"href":"https:\/\/radiorevelacionfm.cl\/index.php?rest_route=%2Fwp%2Fv2%2Fcategories&post=20553"},{"taxonomy":"post_tag","embeddable":true,"href":"https:\/\/radiorevelacionfm.cl\/index.php?rest_route=%2Fwp%2Fv2%2Ftags&post=20553"}],"curies":[{"name":"wp","href":"https:\/\/api.w.org\/{rel}","templated":true}]}}