{"id":20548,"date":"2022-08-16T18:42:23","date_gmt":"2022-08-16T21:42:23","guid":{"rendered":"https:\/\/radiorevelacionfm.cl\/?p=20548"},"modified":"2022-08-16T18:42:23","modified_gmt":"2022-08-16T21:42:23","slug":"sedes-sociales-de-coyhaique-formaran-parte-del-plan-piloto-para-construccion-de-box-de-atencion-medica","status":"publish","type":"post","link":"https:\/\/radiorevelacionfm.cl\/?p=20548","title":{"rendered":"Sedes Sociales de Coyhaique formar\u00e1n parte del plan piloto para construcci\u00f3n de box de atenci\u00f3n m\u00e9dica"},"content":{"rendered":"<div class=\"flex_column av_one_full  flex_column_div av-zero-column-padding first  avia-builder-el-0  el_before_av_one_full  avia-builder-el-first  \" style='border-radius:0px; '><div  class='avia-image-container  av-styling-    avia-builder-el-1  avia-builder-el-no-sibling  avia-align-center '  itemprop=\"image\" itemscope=\"itemscope\" itemtype=\"https:\/\/schema.org\/ImageObject\"  ><div class='avia-image-container-inner'><div class='avia-image-overlay-wrap'><img decoding=\"async\" class='wp-image-20550 avia-img-lazy-loading-not-20550 avia_image' src=\"https:\/\/radiorevelacionfm.cl\/wp-content\/uploads\/2022\/08\/vecinos-almirante-simpson-1-1.jpeg\" alt='' title='vecinos almirante simpson (1) (1)' height=\"600\" width=\"882\"  itemprop=\"thumbnailUrl\" srcset=\"https:\/\/radiorevelacionfm.cl\/wp-content\/uploads\/2022\/08\/vecinos-almirante-simpson-1-1.jpeg 882w, https:\/\/radiorevelacionfm.cl\/wp-content\/uploads\/2022\/08\/vecinos-almirante-simpson-1-1-300x204.jpeg 300w, https:\/\/radiorevelacionfm.cl\/wp-content\/uploads\/2022\/08\/vecinos-almirante-simpson-1-1-768x522.jpeg 768w, https:\/\/radiorevelacionfm.cl\/wp-content\/uploads\/2022\/08\/vecinos-almirante-simpson-1-1-705x480.jpeg 705w, https:\/\/radiorevelacionfm.cl\/wp-content\/uploads\/2022\/08\/vecinos-almirante-simpson-1-1-600x408.jpeg 600w\" sizes=\"(max-width: 882px) 100vw, 882px\" \/><\/div><\/div><\/div><\/div><div class=\"flex_column av_one_full  flex_column_div av-zero-column-padding first  avia-builder-el-2  el_after_av_one_full  el_before_av_one_full  column-top-margin\" style='border-radius:0px; '><section class=\"av_textblock_section \"  itemscope=\"itemscope\" itemtype=\"https:\/\/schema.org\/BlogPosting\" itemprop=\"blogPost\" ><div class='avia_textblock  '   itemprop=\"text\" ><p style=\"text-align: center;\"><span style=\"font-size: 18pt;\"><strong>Sedes Sociales de Coyhaique formar\u00e1n parte del plan piloto para construcci\u00f3n de box de atenci\u00f3n m\u00e9dica<\/strong><\/span><\/p>\n<div id=\"gtx-trans\" style=\"position: absolute; left: -50px; top: 4.31534px;\">\n<div class=\"gtx-trans-icon\"><\/div>\n<\/div>\n<\/div><\/section><\/div><div class=\"flex_column av_one_full  flex_column_div av-zero-column-padding first  avia-builder-el-4  el_after_av_one_full  el_before_av_hr  column-top-margin\" style='border-radius:0px; '><section class=\"av_textblock_section \"  itemscope=\"itemscope\" itemtype=\"https:\/\/schema.org\/BlogPosting\" itemprop=\"blogPost\" ><div class='avia_textblock  '   itemprop=\"text\" ><p style=\"text-align: justify;\">Con una visita a algunas sedes sociales que obtuvieron su precalificaci\u00f3n para optar a los proyectos de construcci\u00f3n de box de atenci\u00f3n m\u00e9dica, autoridades regionales encabezadas por el Delegado Regional Presidencial y la Seremi de Salud, se dio inicio a la segunda etapa de esta iniciativa donde gracias al trabajo de la Municipalidad de Coyhaique, la Subsecretar\u00eda de Desarrollo Regional (SUBDERE) y el Servicio de Salud Ays\u00e9n, se contempla la formulaci\u00f3n de los proyectos que permitir\u00e1n que profesionales de la salud puedan atender directamente en las juntas de vecinos, lo que contribuir\u00e1 a descongestionar los Centros de Salud Familiar (CESFAM) y acercar\u00e1 la salud a los barrios de la ciudad.<\/p>\n<p style=\"text-align: justify;\">En este contexto, la Seremi de Salud Ays\u00e9n, Carmen Monsalve, destac\u00f3 el trabajo intersectorial para impulsar estos proyectos. \u201cEsta es una estrategia que se plantea con una mirada de Gobierno inclusiva, donde buscamos instalar un sello participativo y comunitario respecto de las labores en salud. Lo que ocurre hoy es un avance, un trabajo de muchas voluntades que hoy se est\u00e1n uniendo para instalar una forma diferente y m\u00e1s cercana para entregar atenciones de salud, esto no ser\u00eda posible si no tenemos el apoyo de la SUBDERE que es quien financia estos proyectos que se llevan a cabo, la Municipalidad de Coyhaique con la Direcci\u00f3n de Desarrollo Comunitario (DIDECO) que trabajan directamente con las comunidades y que han realizado un levantamiento del estado de las sedes comunitarias, y el Servicio de Salud, quienes a trav\u00e9s de su equipo t\u00e9cnico y de atenci\u00f3n primaria comprometen el uso de estos espacios de una manera m\u00e1s eficiente y cercana a la comunidad. La idea central es identificar las sedes sociales que est\u00e1n en el radio urbano y rural, para elaborar un proyecto que permita instalar un box de atenci\u00f3n para que los equipos de salud puedan acudir a las poblaciones a realizar prestaciones en salud\u201d.<\/p>\n<p style=\"text-align: justify;\">Luego del an\u00e1lisis de los equipos municipales y de salud, se estableci\u00f3 una precalificaci\u00f3n de 19 sedes comunitarias donde, en una primaria instancia, se trabajar\u00e1 con 02 sedes del \u00e1rea urbana (Junta de Vecinos Almirante Simpson y Junta de Vecinos Jos\u00e9 Miguel Carrera) y 01 en el \u00e1mbito rural (por definir).<\/p>\n<p style=\"text-align: justify;\">Frente a esta informaci\u00f3n, la Pdta. JJVV Almirante Simpson, Blanca D\u00edaz, expres\u00f3 su alegr\u00eda con esta designaci\u00f3n. \u201cEsta noticia que a mi me han dado, me ha llenado de alegr\u00eda, porque durante muchos a\u00f1os he luchado en esta poblaci\u00f3n con mi bar l\u00e1cteo, a trav\u00e9s de mi iglesia, ya son 35 a\u00f1os trabajando para el bienestar de la gente que m\u00e1s necesita\u201d.<\/p>\n<p style=\"text-align: justify;\">De esta forma, ahora se inicia la etapa de formulaci\u00f3n de los proyectos por parte de la Municipalidad de Coyhaique para ser presentados al financiamiento de la Subsecretar\u00eda de Desarrollo Regional, tal como lo manifest\u00f3 la Administradora Municipal y Alcalde (s), Gabriela Retamal. \u201cEl acceso a la salud es tremendamente relevante, esta es una iniciativa mancomunada de varios servicios p\u00fablicos que permite la accesibilidad de nuestros vecinos. Nosotros, a trav\u00e9s del equipo de la Secretar\u00eda de Planificaci\u00f3n Comunal (SECPLAC) se va a encargar de presentar los proyectos ante la SUBDERE, el compromiso es que si esto funciona bien y somos capaces de administrarlos a trav\u00e9s de las juntas de vecinos, el municipio y el Ministerio de Salud, vamos a poder prorrogar esto por un buen tiempo\u201d, puntualiz\u00f3.<\/p>\n<p style=\"text-align: justify;\">Una vez que los proyectos est\u00e9n formulados, podr\u00e1n optar a una l\u00ednea de financiamiento de la Subsecretar\u00eda de Desarrollo Regional por un monto de hasta 75 millones de pesos cada uno. Instancia en la que se busca as\u00ed articular voluntades en favor de la propia comunidad, como lo indic\u00f3 el Jefe Regional SUBDERE, Guillermo Mart\u00ednez. \u201cEn este di\u00e1logo que tuvimos con la Seremi de Salud, la Municipalidad y otros actores, para poder articular estos proyectos que vayan con la atenci\u00f3n de salud en las juntas de vecinos, creo que es un objetivo primordial para poder mejorar la calidad de vida de los vecinos de Coyhaique para mejorar esa anhelada sensaci\u00f3n de poder tener una mejor salud y calidad de atenci\u00f3n. Nosotros como SUBDERE estamos muy contentos de que se pudiese articular y trabajar en conjunto para que todos podamos sacar esta carreta hacia adelante\u201d.<\/p>\n<p style=\"text-align: justify;\">Atenciones de salud que estar\u00e1n a cargo de profesionales de la red asistencial, como lo mencion\u00f3 el Director del Servicio de Salud Ays\u00e9n (SSA), Gabriel Burgos. \u201cLo que nosotros necesitamos es poder llegar con nuestros profesionales a cada uno de los lugares, entonces esta es una excelente idea para tener una mejor salud y tener cercan\u00eda con cada una de las juntas de vecinos a trav\u00e9s de sus dirigentes\u201d.<\/p>\n<p style=\"text-align: justify;\">Finalmente, el Delegado Regional Presidencial, Rodrigo Araya, detall\u00f3 en parte los alcances de esta iniciativa. \u201cAqu\u00ed est\u00e1 la disposici\u00f3n de la red asistencial del SSA de disponer de profesionales que puedan acudir a estos lugares para que puedan realizar atenciones primarias, no van a ser de urgencia, van a ser controles. Y tambi\u00e9n est\u00e1 la disponibilidad del Gobierno, de bajar recursos a trav\u00e9s de la SUBDERE para que puedan hacerse estas ampliaciones, porque siempre hay un problema estructural, la falta de metros cuadrados para realizar atenciones, y de ah\u00ed el esfuerzo mancomunado con la municipalidad y las juntas de vecinos para establecer las sedes comunitarias que tienen las caracter\u00edsticas f\u00edsicas para implementarlas y construirlas\u201d.<\/p>\n<p style=\"text-align: justify;\">Luego de un intenso de trabajo desarrollado por equipos de la Municipalidad de Coyhaique, adem\u00e1s de profesionales del \u00e1rea de la salud, se contempla ahora que los equipos de puedan avanzar dentro de este semestre en la formulaci\u00f3n de los proyectos para ser presentados a la Subsecretar\u00eda de Desarrollo Regional en el transcurso de este a\u00f1o.<\/p>\n<\/div><\/section><\/div><div  style='height:50px' class='hr hr-invisible   avia-builder-el-6  el_after_av_one_full  el_before_av_social_share '><span class='hr-inner ' ><span class='hr-inner-style'><\/span><\/span><\/div><\/p>\n<div  class='av-social-sharing-box  avia-builder-el-7  el_after_av_hr  el_before_av_hr  '><div class='av-share-box'><h5 class='av-share-link-description av-no-toc '>Compartir esta noticia<\/h5><ul class='av-share-box-list noLightbox'><li class='av-share-link av-social-link-facebook' ><a target=\"_blank\" aria-label=\"Compartir en Facebook\" href='https:\/\/www.facebook.com\/sharer.php?u=https:\/\/radiorevelacionfm.cl\/?p=20548&#038;t=Sedes%20Sociales%20de%20Coyhaique%20formar%C3%A1n%20parte%20del%20plan%20piloto%20para%20construcci%C3%B3n%20de%20box%20de%20atenci%C3%B3n%20m%C3%A9dica' aria-hidden='false' data-av_icon='\ue8f3' data-av_iconfont='entypo-fontello' title='' data-avia-related-tooltip='Compartir en Facebook' rel=\"noopener\"><span class='avia_hidden_link_text'>Compartir en Facebook<\/span><\/a><\/li><li class='av-share-link av-social-link-twitter' ><a target=\"_blank\" aria-label=\"Compartir en Twitter\" href='https:\/\/twitter.com\/share?text=Sedes%20Sociales%20de%20Coyhaique%20formar%C3%A1n%20parte%20del%20plan%20piloto%20para%20construcci%C3%B3n%20de%20box%20de%20atenci%C3%B3n%20m%C3%A9dica&#038;url=https:\/\/radiorevelacionfm.cl\/?p=20548' aria-hidden='false' data-av_icon='\ue8f1' data-av_iconfont='entypo-fontello' title='' data-avia-related-tooltip='Compartir en Twitter' rel=\"noopener\"><span class='avia_hidden_link_text'>Compartir en Twitter<\/span><\/a><\/li><li class='av-share-link av-social-link-whatsapp' ><a target=\"_blank\" aria-label=\"Compartir en Whatsapp\" href='https:\/\/api.whatsapp.com\/send?text=https:\/\/radiorevelacionfm.cl\/?p=20548' aria-hidden='false' data-av_icon='\uf232' data-av_iconfont='entypo-fontello' title='' data-avia-related-tooltip='Compartir en Whatsapp' rel=\"noopener\"><span class='avia_hidden_link_text'>Compartir en Whatsapp<\/span><\/a><\/li><li class='av-share-link av-social-link-linkedin' ><a target=\"_blank\" aria-label=\"Compartir en LinkedIn\" href='https:\/\/linkedin.com\/shareArticle?mini=true&#038;title=Sedes%20Sociales%20de%20Coyhaique%20formar%C3%A1n%20parte%20del%20plan%20piloto%20para%20construcci%C3%B3n%20de%20box%20de%20atenci%C3%B3n%20m%C3%A9dica&#038;url=https:\/\/radiorevelacionfm.cl\/?p=20548' aria-hidden='false' data-av_icon='\ue8fc' data-av_iconfont='entypo-fontello' title='' data-avia-related-tooltip='Compartir en LinkedIn' rel=\"noopener\"><span class='avia_hidden_link_text'>Compartir en LinkedIn<\/span><\/a><\/li><li class='av-share-link av-social-link-mail' ><a  aria-label=\"Compartir por correo\" href='mailto:?subject=Sedes%20Sociales%20de%20Coyhaique%20formar%C3%A1n%20parte%20del%20plan%20piloto%20para%20construcci%C3%B3n%20de%20box%20de%20atenci%C3%B3n%20m%C3%A9dica&#038;body=https:\/\/radiorevelacionfm.cl\/?p=20548' aria-hidden='false' data-av_icon='\ue805' data-av_iconfont='entypo-fontello' title='' data-avia-related-tooltip='Compartir por correo'><span class='avia_hidden_link_text'>Compartir por correo<\/span><\/a><\/li><\/ul><\/div><\/div>\n<div  style='height:50px' class='hr hr-invisible   avia-builder-el-8  el_after_av_social_share  el_before_av_comments_list '><span class='hr-inner ' ><span class='hr-inner-style'><\/span><\/span><\/div>\n<div  class='av-buildercomment  av-blog-meta-html-info-disabled av-blog-meta-tag-disabled  '><\/div>\n","protected":false},"excerpt":{"rendered":"","protected":false},"author":1,"featured_media":20550,"comment_status":"open","ping_status":"open","sticky":false,"template":"","format":"standard","meta":{"footnotes":""},"categories":[46],"tags":[],"class_list":["post-20548","post","type-post","status-publish","format-standard","has-post-thumbnail","hentry","category-salud"],"jetpack_featured_media_url":"https:\/\/radiorevelacionfm.cl\/wp-content\/uploads\/2022\/08\/vecinos-almirante-simpson-1-1.jpeg","_links":{"self":[{"href":"https:\/\/radiorevelacionfm.cl\/index.php?rest_route=\/wp\/v2\/posts\/20548","targetHints":{"allow":["GET"]}}],"collection":[{"href":"https:\/\/radiorevelacionfm.cl\/index.php?rest_route=\/wp\/v2\/posts"}],"about":[{"href":"https:\/\/radiorevelacionfm.cl\/index.php?rest_route=\/wp\/v2\/types\/post"}],"author":[{"embeddable":true,"href":"https:\/\/radiorevelacionfm.cl\/index.php?rest_route=\/wp\/v2\/users\/1"}],"replies":[{"embeddable":true,"href":"https:\/\/radiorevelacionfm.cl\/index.php?rest_route=%2Fwp%2Fv2%2Fcomments&post=20548"}],"version-history":[{"count":2,"href":"https:\/\/radiorevelacionfm.cl\/index.php?rest_route=\/wp\/v2\/posts\/20548\/revisions"}],"predecessor-version":[{"id":20552,"href":"https:\/\/radiorevelacionfm.cl\/index.php?rest_route=\/wp\/v2\/posts\/20548\/revisions\/20552"}],"wp:featuredmedia":[{"embeddable":true,"href":"https:\/\/radiorevelacionfm.cl\/index.php?rest_route=\/wp\/v2\/media\/20550"}],"wp:attachment":[{"href":"https:\/\/radiorevelacionfm.cl\/index.php?rest_route=%2Fwp%2Fv2%2Fmedia&parent=20548"}],"wp:term":[{"taxonomy":"category","embeddable":true,"href":"https:\/\/radiorevelacionfm.cl\/index.php?rest_route=%2Fwp%2Fv2%2Fcategories&post=20548"},{"taxonomy":"post_tag","embeddable":true,"href":"https:\/\/radiorevelacionfm.cl\/index.php?rest_route=%2Fwp%2Fv2%2Ftags&post=20548"}],"curies":[{"name":"wp","href":"https:\/\/api.w.org\/{rel}","templated":true}]}}