{"id":20544,"date":"2022-08-16T17:53:57","date_gmt":"2022-08-16T20:53:57","guid":{"rendered":"https:\/\/radiorevelacionfm.cl\/?p=20544"},"modified":"2022-08-16T17:53:57","modified_gmt":"2022-08-16T20:53:57","slug":"emprendedoras-de-la-junta-inician-proceso-de-formacion-con-fosis-para-desarrollar-sus-negocios","status":"publish","type":"post","link":"https:\/\/radiorevelacionfm.cl\/?p=20544","title":{"rendered":"Emprendedoras de La Junta inician proceso de formaci\u00f3n con FOSIS para desarrollar sus negocios"},"content":{"rendered":"<div class=\"flex_column av_one_full  flex_column_div av-zero-column-padding first  avia-builder-el-0  el_before_av_one_full  avia-builder-el-first  \" style='border-radius:0px; '><div  class='avia-image-container  av-styling-    avia-builder-el-1  avia-builder-el-no-sibling  avia-align-center '  itemprop=\"image\" itemscope=\"itemscope\" itemtype=\"https:\/\/schema.org\/ImageObject\"  ><div class='avia-image-container-inner'><div class='avia-image-overlay-wrap'><img decoding=\"async\" class='wp-image-20545 avia-img-lazy-loading-not-20545 avia_image' src=\"https:\/\/radiorevelacionfm.cl\/wp-content\/uploads\/2022\/08\/yeb-la-junta-fosis-1_optimized.jpg\" alt='' title='yeb-la-junta-fosis-(1)_optimized' height=\"600\" width=\"1067\"  itemprop=\"thumbnailUrl\" srcset=\"https:\/\/radiorevelacionfm.cl\/wp-content\/uploads\/2022\/08\/yeb-la-junta-fosis-1_optimized.jpg 1067w, https:\/\/radiorevelacionfm.cl\/wp-content\/uploads\/2022\/08\/yeb-la-junta-fosis-1_optimized-300x169.jpg 300w, https:\/\/radiorevelacionfm.cl\/wp-content\/uploads\/2022\/08\/yeb-la-junta-fosis-1_optimized-1030x579.jpg 1030w, https:\/\/radiorevelacionfm.cl\/wp-content\/uploads\/2022\/08\/yeb-la-junta-fosis-1_optimized-768x432.jpg 768w, https:\/\/radiorevelacionfm.cl\/wp-content\/uploads\/2022\/08\/yeb-la-junta-fosis-1_optimized-705x396.jpg 705w, https:\/\/radiorevelacionfm.cl\/wp-content\/uploads\/2022\/08\/yeb-la-junta-fosis-1_optimized-600x337.jpg 600w\" sizes=\"(max-width: 1067px) 100vw, 1067px\" \/><\/div><\/div><\/div><\/div><div class=\"flex_column av_one_full  flex_column_div av-zero-column-padding first  avia-builder-el-2  el_after_av_one_full  el_before_av_one_full  column-top-margin\" style='border-radius:0px; '><section class=\"av_textblock_section \"  itemscope=\"itemscope\" itemtype=\"https:\/\/schema.org\/BlogPosting\" itemprop=\"blogPost\" ><div class='avia_textblock  '   itemprop=\"text\" ><p style=\"text-align: center;\"><span style=\"font-size: 18pt;\"><strong>Emprendedoras de La Junta inician proceso de formaci\u00f3n con FOSIS para desarrollar sus negocios<\/strong><\/span><\/p>\n<div id=\"gtx-trans\" style=\"position: absolute; left: -50px; top: 4.31534px;\">\n<div class=\"gtx-trans-icon\"><\/div>\n<\/div>\n<\/div><\/section><\/div><div class=\"flex_column av_one_full  flex_column_div av-zero-column-padding first  avia-builder-el-4  el_after_av_one_full  el_before_av_hr  column-top-margin\" style='border-radius:0px; '><section class=\"av_textblock_section \"  itemscope=\"itemscope\" itemtype=\"https:\/\/schema.org\/BlogPosting\" itemprop=\"blogPost\" ><div class='avia_textblock  '   itemprop=\"text\" ><p style=\"text-align: justify;\">El programa Yo Emprendo financiado por el Fondo de Solidaridad e Inversi\u00f3n Social, FOSIS del Ministerio de Desarrollo Social y Familia, busca aportar en la generaci\u00f3n de ingresos y est\u00e1 dirigido a personas que ya tienen un negocio en funcionamiento y quieren desarrollarlo.<\/p>\n<p style=\"text-align: justify;\">En la instancia de firma del acta de compromiso participaron las 20 usuarias seleccionadas por el Programas Yo Emprendo B\u00e1sico, donde reafirmaron su voluntad para asistir y participar de todas las instancias comprendidas por el proyecto, para as\u00ed cumplir con cada una de las etapas de formativas y de financiamiento incluidas en el programa.<\/p>\n<p style=\"text-align: justify;\">La Directora Regional del FOSIS en Ays\u00e9n, Fernanda Leiva, destac\u00f3 que \u201cestamos contentos de estar presentes en esta actividad, junto a la autoridad local, para dar inicio al proceso de talleres que va a tener este grupo de emprendedoras que inician su participaci\u00f3n en este proyecto. Estamos cumpliendo con el mandato que nos ha dado el Gobierno de nuestro Presidente Gabriel Boric, de estar en terreno acompa\u00f1ando a nuestras emprendedoras y emprendedores del territorio regional y en este caso vinimos conocer, compartir y felicitar a estas 20 mujeres de La Junta y sus alrededores que fueron seleccionadas para participar de este programa, que busca dar capacitaci\u00f3n, acompa\u00f1amiento t\u00e9cnico y entregar financiamiento. Se aprecia mucha energ\u00eda y capacidad lo que vemos como una gran fortaleza para que este grupo se apoye mutuamente y puedan realizar asociatividad y trabajo colaborativo entre ellas\u201d.<\/p>\n<p style=\"text-align: justify;\">\u201cEstamos muy contentos por el hecho de que se est\u00e9 apoyando a nuestras emprendedoras, son mujeres de esfuerzo y que est\u00e1n sacando adelante no s\u00f3lo sus emprendimientos sino tambi\u00e9n sus hogares y desarrollo personal. Esta instancia no s\u00f3lo les va a permitir obtener herramientas de fortalecimiento y de capacitaci\u00f3n, sino que esperamos igual les entregue herramientas de asociatividad. Lo que estamos buscando tambi\u00e9n es que entre ellas se potencien, potencien sus negocios y tambi\u00e9n trabajen de forma colaborativa para seguir creciendo. Agradecemos como Municipalidad Cisnes el trabajo que nos ha brindado FOSIS con su trabajo t\u00e9cnico y programas que van en directo beneficio de nuestra gente\u201d, asegur\u00f3 Francisco Roncagliolo, Alcalde de Cisnes.<\/p>\n<p style=\"text-align: justify;\">Amalia Oyarzo, tiene un emprendimiento llamado <em>Confites La Junta <\/em>y quiere fortalecerlo con el apoyo del FOSIS. \u201cTengo muchas expectativas y muchas ganas de participar en este proyecto y agradezco la oportunidad que me han dado de ser parte de esta iniciativa. Quiero aprovechar al m\u00e1ximo las capacitaciones y el financiamiento, por lo que estoy pensando en alguna maquinaria para hacer palomitas o algodones de az\u00facar, ya que mi emprendimiento son confites del recuero, esos confites que nosotros com\u00edamos cuando \u00e9ramos ni\u00f1os, eso es lo que estamos trayendo para La Junta y alrededores\u201d.<\/p>\n<p style=\"text-align: justify;\">Cabe destacar que en la comuna de Cisnes recientemente se inici\u00f3 la ejecuci\u00f3n de los programas Yo Emprendo Semilla para familias del Subsistema de Seguridades y Oportunidades donde participan 30 usuarios\/as de la comuna y el programa Yo Emprendo Avanzado donde ya comenzaron con el proceso formativo 20 emprendedoras\/es locales.<\/p>\n<\/div><\/section><\/div><div  style='height:50px' class='hr hr-invisible   avia-builder-el-6  el_after_av_one_full  el_before_av_social_share '><span class='hr-inner ' ><span class='hr-inner-style'><\/span><\/span><\/div><\/p>\n<div  class='av-social-sharing-box  avia-builder-el-7  el_after_av_hr  el_before_av_hr  '><div class='av-share-box'><h5 class='av-share-link-description av-no-toc '>Compartir esta noticia<\/h5><ul class='av-share-box-list noLightbox'><li class='av-share-link av-social-link-facebook' ><a target=\"_blank\" aria-label=\"Compartir en Facebook\" href='https:\/\/www.facebook.com\/sharer.php?u=https:\/\/radiorevelacionfm.cl\/?p=20544&#038;t=Emprendedoras%20de%20La%20Junta%20inician%20proceso%20de%20formaci%C3%B3n%20con%20FOSIS%20para%20desarrollar%20sus%20negocios' aria-hidden='false' data-av_icon='\ue8f3' data-av_iconfont='entypo-fontello' title='' data-avia-related-tooltip='Compartir en Facebook' rel=\"noopener\"><span class='avia_hidden_link_text'>Compartir en Facebook<\/span><\/a><\/li><li class='av-share-link av-social-link-twitter' ><a target=\"_blank\" aria-label=\"Compartir en Twitter\" href='https:\/\/twitter.com\/share?text=Emprendedoras%20de%20La%20Junta%20inician%20proceso%20de%20formaci%C3%B3n%20con%20FOSIS%20para%20desarrollar%20sus%20negocios&#038;url=https:\/\/radiorevelacionfm.cl\/?p=20544' aria-hidden='false' data-av_icon='\ue8f1' data-av_iconfont='entypo-fontello' title='' data-avia-related-tooltip='Compartir en Twitter' rel=\"noopener\"><span class='avia_hidden_link_text'>Compartir en Twitter<\/span><\/a><\/li><li class='av-share-link av-social-link-whatsapp' ><a target=\"_blank\" aria-label=\"Compartir en Whatsapp\" href='https:\/\/api.whatsapp.com\/send?text=https:\/\/radiorevelacionfm.cl\/?p=20544' aria-hidden='false' data-av_icon='\uf232' data-av_iconfont='entypo-fontello' title='' data-avia-related-tooltip='Compartir en Whatsapp' rel=\"noopener\"><span class='avia_hidden_link_text'>Compartir en Whatsapp<\/span><\/a><\/li><li class='av-share-link av-social-link-linkedin' ><a target=\"_blank\" aria-label=\"Compartir en LinkedIn\" href='https:\/\/linkedin.com\/shareArticle?mini=true&#038;title=Emprendedoras%20de%20La%20Junta%20inician%20proceso%20de%20formaci%C3%B3n%20con%20FOSIS%20para%20desarrollar%20sus%20negocios&#038;url=https:\/\/radiorevelacionfm.cl\/?p=20544' aria-hidden='false' data-av_icon='\ue8fc' data-av_iconfont='entypo-fontello' title='' data-avia-related-tooltip='Compartir en LinkedIn' rel=\"noopener\"><span class='avia_hidden_link_text'>Compartir en LinkedIn<\/span><\/a><\/li><li class='av-share-link av-social-link-mail' ><a  aria-label=\"Compartir por correo\" href='mailto:?subject=Emprendedoras%20de%20La%20Junta%20inician%20proceso%20de%20formaci%C3%B3n%20con%20FOSIS%20para%20desarrollar%20sus%20negocios&#038;body=https:\/\/radiorevelacionfm.cl\/?p=20544' aria-hidden='false' data-av_icon='\ue805' data-av_iconfont='entypo-fontello' title='' data-avia-related-tooltip='Compartir por correo'><span class='avia_hidden_link_text'>Compartir por correo<\/span><\/a><\/li><\/ul><\/div><\/div>\n<div  style='height:50px' class='hr hr-invisible   avia-builder-el-8  el_after_av_social_share  el_before_av_comments_list '><span class='hr-inner ' ><span class='hr-inner-style'><\/span><\/span><\/div>\n<div  class='av-buildercomment  av-blog-meta-html-info-disabled av-blog-meta-tag-disabled  '><\/div>\n","protected":false},"excerpt":{"rendered":"","protected":false},"author":1,"featured_media":20545,"comment_status":"open","ping_status":"open","sticky":false,"template":"","format":"standard","meta":{"footnotes":""},"categories":[38],"tags":[],"class_list":["post-20544","post","type-post","status-publish","format-standard","has-post-thumbnail","hentry","category-regional"],"jetpack_featured_media_url":"https:\/\/radiorevelacionfm.cl\/wp-content\/uploads\/2022\/08\/yeb-la-junta-fosis-1_optimized.jpg","_links":{"self":[{"href":"https:\/\/radiorevelacionfm.cl\/index.php?rest_route=\/wp\/v2\/posts\/20544","targetHints":{"allow":["GET"]}}],"collection":[{"href":"https:\/\/radiorevelacionfm.cl\/index.php?rest_route=\/wp\/v2\/posts"}],"about":[{"href":"https:\/\/radiorevelacionfm.cl\/index.php?rest_route=\/wp\/v2\/types\/post"}],"author":[{"embeddable":true,"href":"https:\/\/radiorevelacionfm.cl\/index.php?rest_route=\/wp\/v2\/users\/1"}],"replies":[{"embeddable":true,"href":"https:\/\/radiorevelacionfm.cl\/index.php?rest_route=%2Fwp%2Fv2%2Fcomments&post=20544"}],"version-history":[{"count":2,"href":"https:\/\/radiorevelacionfm.cl\/index.php?rest_route=\/wp\/v2\/posts\/20544\/revisions"}],"predecessor-version":[{"id":20547,"href":"https:\/\/radiorevelacionfm.cl\/index.php?rest_route=\/wp\/v2\/posts\/20544\/revisions\/20547"}],"wp:featuredmedia":[{"embeddable":true,"href":"https:\/\/radiorevelacionfm.cl\/index.php?rest_route=\/wp\/v2\/media\/20545"}],"wp:attachment":[{"href":"https:\/\/radiorevelacionfm.cl\/index.php?rest_route=%2Fwp%2Fv2%2Fmedia&parent=20544"}],"wp:term":[{"taxonomy":"category","embeddable":true,"href":"https:\/\/radiorevelacionfm.cl\/index.php?rest_route=%2Fwp%2Fv2%2Fcategories&post=20544"},{"taxonomy":"post_tag","embeddable":true,"href":"https:\/\/radiorevelacionfm.cl\/index.php?rest_route=%2Fwp%2Fv2%2Ftags&post=20544"}],"curies":[{"name":"wp","href":"https:\/\/api.w.org\/{rel}","templated":true}]}}