{"id":20541,"date":"2022-08-17T11:45:33","date_gmt":"2022-08-17T14:45:33","guid":{"rendered":"https:\/\/radiorevelacionfm.cl\/?p=20541"},"modified":"2022-08-17T11:50:32","modified_gmt":"2022-08-17T14:50:32","slug":"director-nacional-s-del-sence-visito-la-region-y-destaco-el-lanzamiento-del-nuevo-programa-de-formacion-en-construccion","status":"publish","type":"post","link":"https:\/\/radiorevelacionfm.cl\/?p=20541","title":{"rendered":"Director Nacional (s) del Sence visit\u00f3 la regi\u00f3n y destac\u00f3 el lanzamiento del nuevo programa de formaci\u00f3n para maestros\/as"},"content":{"rendered":"<div class=\"flex_column av_one_full  flex_column_div av-zero-column-padding first  avia-builder-el-0  el_before_av_one_full  avia-builder-el-first  \" style='border-radius:0px; '><div  class='avia-image-container  av-styling-    avia-builder-el-1  avia-builder-el-no-sibling  avia-align-center '  itemprop=\"image\" itemscope=\"itemscope\" itemtype=\"https:\/\/schema.org\/ImageObject\"  ><div class='avia-image-container-inner'><div class='avia-image-overlay-wrap'><img decoding=\"async\" class='wp-image-20542 avia-img-lazy-loading-not-20542 avia_image' src=\"https:\/\/radiorevelacionfm.cl\/wp-content\/uploads\/2022\/08\/5-18-1_optimized.jpeg\" alt='' title='5-(18)-(1)_optimized' height=\"600\" width=\"1159\"  itemprop=\"thumbnailUrl\" srcset=\"https:\/\/radiorevelacionfm.cl\/wp-content\/uploads\/2022\/08\/5-18-1_optimized.jpeg 1159w, https:\/\/radiorevelacionfm.cl\/wp-content\/uploads\/2022\/08\/5-18-1_optimized-300x155.jpeg 300w, https:\/\/radiorevelacionfm.cl\/wp-content\/uploads\/2022\/08\/5-18-1_optimized-1030x533.jpeg 1030w, https:\/\/radiorevelacionfm.cl\/wp-content\/uploads\/2022\/08\/5-18-1_optimized-768x398.jpeg 768w, https:\/\/radiorevelacionfm.cl\/wp-content\/uploads\/2022\/08\/5-18-1_optimized-705x365.jpeg 705w, https:\/\/radiorevelacionfm.cl\/wp-content\/uploads\/2022\/08\/5-18-1_optimized-600x311.jpeg 600w\" sizes=\"(max-width: 1159px) 100vw, 1159px\" \/><\/div><\/div><\/div><\/div>\n<div class=\"flex_column av_one_full  flex_column_div av-zero-column-padding first  avia-builder-el-2  el_after_av_one_full  el_before_av_one_full  column-top-margin\" style='border-radius:0px; '><section class=\"av_textblock_section \"  itemscope=\"itemscope\" itemtype=\"https:\/\/schema.org\/BlogPosting\" itemprop=\"blogPost\" ><div class='avia_textblock  '   itemprop=\"text\" ><p style=\"text-align: center;\"><strong><span style=\"font-size: 18pt;\">Director Nacional (s) del Sence visit\u00f3 la regi\u00f3n y destac\u00f3 el lanzamiento del nuevo programa de formaci\u00f3n para maestros\/as<\/span><\/strong><\/p>\n<div id=\"gtx-trans\" style=\"position: absolute; left: -50px; top: 4.31534px;\">\n<div class=\"gtx-trans-icon\"><\/div>\n<\/div>\n<\/div><\/section><\/div><div class=\"flex_column av_one_full  flex_column_div av-zero-column-padding first  avia-builder-el-4  el_after_av_one_full  el_before_av_hr  column-top-margin\" style='border-radius:0px; '><section class=\"av_textblock_section \"  itemscope=\"itemscope\" itemtype=\"https:\/\/schema.org\/BlogPosting\" itemprop=\"blogPost\" ><div class='avia_textblock  '   itemprop=\"text\" ><p style=\"text-align: justify;\">En su visita a la regi\u00f3n de Ays\u00e9n, Rodrigo Valdivia Lefort, Director Nacional (S) del Servicio Nacional de Capacitaci\u00f3n y Empleo, SENCE, entre sus actividades, destac\u00f3 el lanzamiento del nuevo programa de formaci\u00f3n del SENCE, \u00abMaestros y Maestras para la Construcci\u00f3n de Viviendas de Calidad\u00bb el cual va de la mano con uno de los mandatos del Presidente Gabriel Boric, que precisamente busca entregar m\u00e1s y mejores viviendas a quienes las necesitan m\u00e1s, que son los y las m\u00e1s vulnerables.<\/p>\n<p style=\"text-align: justify;\">En la instancia, Valdivia Lefort, destac\u00f3 esta iniciativa, argumentando\u00bb Esta visita obedece a un contexto mayor, en el que estamos teniendo mayor presencia regional en todas las regiones del pa\u00eds, justamente para poder obtener de mejor forma las necesidades regionales y convertir eso en l\u00edneas program\u00e1ticas reales y concretas en todas las l\u00edneas program\u00e1ticas que SENCE trabaja, que son fundamentalmente, capacitaci\u00f3n, intermediaci\u00f3n laboral y subsidios. Pero necesitamos tener la visi\u00f3n regional para poder orientar mejor nuestro programa y para poder implementar mejor el programa de Gobierno, que en esas materias tiene muchos focos puestos. Hoy d\u00eda estamos haciendo una apertura importante de 100 cupos en el \u00e1rea de la construcci\u00f3n para personas de la regi\u00f3n de Ays\u00e9n, para apoyar el programa de Gobierno en viviendas sociales\u00bb puntualiz\u00f3.<\/p>\n<p style=\"text-align: justify;\">Por su parte, el SEREMI del Trabajo y Previsi\u00f3n Social de Ays\u00e9n, Rodrigo D\u00edaz Cordaro, destac\u00f3 la presencia de autoridades nacionales en la regi\u00f3n, se\u00f1alando \u00abComo Ministerio del Trabajo y Previsi\u00f3n Social y como Gobierno, se cumple lo que el Presidente nos ha dicho, hoy d\u00eda tenemos al Director Nacional (S) del SENCE ac\u00e1 en la regi\u00f3n, con su equipo viendo la realidad que tenemos como regi\u00f3n, lo que necesitamos como regi\u00f3n, en cada una de las provincias, nuestras comunas, eso yo lo destaco mucho porque en el fondo aqu\u00ed se viene a hacer cuerpo, lo que se ha se\u00f1alado en el discurso en cuanto a ir a los territorios y ver lo que se necesitamos ac\u00e1, los que vivimos aqu\u00ed, entonces eso es una realidad y es algo que quiero destacar en conjunto con la designaci\u00f3n de don Andro Valdenegro como nuevo Director Regional (S) del SENCE Ays\u00e9n, yo creo que \u00e9l le va a imprimir una impronta que necesitamos, aqu\u00ed hay un gran equipo y hay mucha gente que tiene mucha esperanza puesta en toda la gesti\u00f3n que tiene que ver en el SENCE\u00bb asever\u00f3.<\/p>\n<p style=\"text-align: justify;\">Entre las actividades que sostuvo el Director Nacional (S) del SENCE, Rodrigo Valdivia Lefort, se matizan su encuentro con la Gobernadora Regional de Ays\u00e9n, Andrea Mac\u00edas Palma, con quien pudo revisar los FNDR que actualmente el SENCE est\u00e1 ejecutando, sus alcances y los futuros programas de capacitaci\u00f3n que el SENCE Ays\u00e9n, est\u00e1 presentando en el Gobierno Regional. En su agenda, igualmente destacan un saludo a Emprendedoras que han trabajado con el SENCE, en donde pudo conocer en situ sobre sus experiencias y as\u00ed mismo el encuentro que sostuvo con el Rector del CFT Estatal de Ays\u00e9n, V\u00edctor \u00c1lvarez, donde el SENCE es parte del concejo de dicha casa de estudios y su reuni\u00f3n con el Delegado Presidencial Regional, Rodrigo Araya, con quien present\u00f3 al nuevo Director Regional (S) del SENCE Ays\u00e9n, Andro Valdenegro Terraza, quien al ser envestido con este importante cargo se refiri\u00f3 \u00abHoy d\u00eda cierto, en la direcci\u00f3n y en la subrogancia del Servicio Nacional de Capacitaci\u00f3n y Empleo, en la regi\u00f3n de Ays\u00e9n y juntamente con esto compartir el planteamiento que hace nuestro SEREMI, nuestro Director Nacional ac\u00e1 presentes, en el entendido de que como servicio p\u00fablico, como ente de capacitaci\u00f3n, nuestro af\u00e1n es llegar al territorio, poder generar pertinencia regional y junto con eso ser un aporte real de lo que ha sido el mandato de nuestro Gobierno, de nuestro Presidente, en acercar las pol\u00edticas p\u00fablicas a la gente y en ese sentido nos vamos a comprometer en el trabajo territorial, levantando con pertinencia con los sectores productivos involucrados y tambi\u00e9n con las y los trabajadores de la regi\u00f3n, donde podamos ser un aporte en la formaci\u00f3n, porque la capacitaci\u00f3n tiene un componente muy importante, que es que cambia vidas, la capacitaci\u00f3n ayuda mucho a mejorar la calidad de vida de las personas y en ese sentido, junto a las autoridades locales, vamos a trabajar con \u00e9nfasis en aquello\u00bb concluy\u00f3.<\/p>\n<\/div><\/section><\/div><\/p>\n<div  style='height:50px' class='hr hr-invisible   avia-builder-el-6  el_after_av_one_full  el_before_av_social_share '><span class='hr-inner ' ><span class='hr-inner-style'><\/span><\/span><\/div>\n<div  class='av-social-sharing-box  avia-builder-el-7  el_after_av_hr  el_before_av_hr  '><div class='av-share-box'><h5 class='av-share-link-description av-no-toc '>Compartir esta noticia<\/h5><ul class='av-share-box-list noLightbox'><li class='av-share-link av-social-link-facebook' ><a target=\"_blank\" aria-label=\"Compartir en Facebook\" href='https:\/\/www.facebook.com\/sharer.php?u=https:\/\/radiorevelacionfm.cl\/?p=20541&#038;t=Director%20Nacional%20%28s%29%20del%20Sence%20visit%C3%B3%20la%20regi%C3%B3n%20y%20destac%C3%B3%20el%20lanzamiento%20del%20nuevo%20programa%20de%20formaci%C3%B3n%20para%20maestros%2Fas' aria-hidden='false' data-av_icon='\ue8f3' data-av_iconfont='entypo-fontello' title='' data-avia-related-tooltip='Compartir en Facebook' rel=\"noopener\"><span class='avia_hidden_link_text'>Compartir en Facebook<\/span><\/a><\/li><li class='av-share-link av-social-link-twitter' ><a target=\"_blank\" aria-label=\"Compartir en Twitter\" href='https:\/\/twitter.com\/share?text=Director%20Nacional%20%28s%29%20del%20Sence%20visit%C3%B3%20la%20regi%C3%B3n%20y%20destac%C3%B3%20el%20lanzamiento%20del%20nuevo%20programa%20de%20formaci%C3%B3n%20para%20maestros%2Fas&#038;url=https:\/\/radiorevelacionfm.cl\/?p=20541' aria-hidden='false' data-av_icon='\ue8f1' data-av_iconfont='entypo-fontello' title='' data-avia-related-tooltip='Compartir en Twitter' rel=\"noopener\"><span class='avia_hidden_link_text'>Compartir en Twitter<\/span><\/a><\/li><li class='av-share-link av-social-link-whatsapp' ><a target=\"_blank\" aria-label=\"Compartir en Whatsapp\" href='https:\/\/api.whatsapp.com\/send?text=https:\/\/radiorevelacionfm.cl\/?p=20541' aria-hidden='false' data-av_icon='\uf232' data-av_iconfont='entypo-fontello' title='' data-avia-related-tooltip='Compartir en Whatsapp' rel=\"noopener\"><span class='avia_hidden_link_text'>Compartir en Whatsapp<\/span><\/a><\/li><li class='av-share-link av-social-link-linkedin' ><a target=\"_blank\" aria-label=\"Compartir en LinkedIn\" href='https:\/\/linkedin.com\/shareArticle?mini=true&#038;title=Director%20Nacional%20%28s%29%20del%20Sence%20visit%C3%B3%20la%20regi%C3%B3n%20y%20destac%C3%B3%20el%20lanzamiento%20del%20nuevo%20programa%20de%20formaci%C3%B3n%20para%20maestros%2Fas&#038;url=https:\/\/radiorevelacionfm.cl\/?p=20541' aria-hidden='false' data-av_icon='\ue8fc' data-av_iconfont='entypo-fontello' title='' data-avia-related-tooltip='Compartir en LinkedIn' rel=\"noopener\"><span class='avia_hidden_link_text'>Compartir en LinkedIn<\/span><\/a><\/li><li class='av-share-link av-social-link-mail' ><a  aria-label=\"Compartir por correo\" href='mailto:?subject=Director%20Nacional%20%28s%29%20del%20Sence%20visit%C3%B3%20la%20regi%C3%B3n%20y%20destac%C3%B3%20el%20lanzamiento%20del%20nuevo%20programa%20de%20formaci%C3%B3n%20para%20maestros%2Fas&#038;body=https:\/\/radiorevelacionfm.cl\/?p=20541' aria-hidden='false' data-av_icon='\ue805' data-av_iconfont='entypo-fontello' title='' data-avia-related-tooltip='Compartir por correo'><span class='avia_hidden_link_text'>Compartir por correo<\/span><\/a><\/li><\/ul><\/div><\/div>\n<div  style='height:50px' class='hr hr-invisible   avia-builder-el-8  el_after_av_social_share  el_before_av_comments_list '><span class='hr-inner ' ><span class='hr-inner-style'><\/span><\/span><\/div>\n<div  class='av-buildercomment  av-blog-meta-html-info-disabled av-blog-meta-tag-disabled  '><\/div>\n","protected":false},"excerpt":{"rendered":"","protected":false},"author":1,"featured_media":20542,"comment_status":"open","ping_status":"open","sticky":false,"template":"","format":"standard","meta":{"footnotes":""},"categories":[38],"tags":[],"class_list":["post-20541","post","type-post","status-publish","format-standard","has-post-thumbnail","hentry","category-regional"],"jetpack_featured_media_url":"https:\/\/radiorevelacionfm.cl\/wp-content\/uploads\/2022\/08\/5-18-1_optimized.jpeg","_links":{"self":[{"href":"https:\/\/radiorevelacionfm.cl\/index.php?rest_route=\/wp\/v2\/posts\/20541","targetHints":{"allow":["GET"]}}],"collection":[{"href":"https:\/\/radiorevelacionfm.cl\/index.php?rest_route=\/wp\/v2\/posts"}],"about":[{"href":"https:\/\/radiorevelacionfm.cl\/index.php?rest_route=\/wp\/v2\/types\/post"}],"author":[{"embeddable":true,"href":"https:\/\/radiorevelacionfm.cl\/index.php?rest_route=\/wp\/v2\/users\/1"}],"replies":[{"embeddable":true,"href":"https:\/\/radiorevelacionfm.cl\/index.php?rest_route=%2Fwp%2Fv2%2Fcomments&post=20541"}],"version-history":[{"count":3,"href":"https:\/\/radiorevelacionfm.cl\/index.php?rest_route=\/wp\/v2\/posts\/20541\/revisions"}],"predecessor-version":[{"id":20597,"href":"https:\/\/radiorevelacionfm.cl\/index.php?rest_route=\/wp\/v2\/posts\/20541\/revisions\/20597"}],"wp:featuredmedia":[{"embeddable":true,"href":"https:\/\/radiorevelacionfm.cl\/index.php?rest_route=\/wp\/v2\/media\/20542"}],"wp:attachment":[{"href":"https:\/\/radiorevelacionfm.cl\/index.php?rest_route=%2Fwp%2Fv2%2Fmedia&parent=20541"}],"wp:term":[{"taxonomy":"category","embeddable":true,"href":"https:\/\/radiorevelacionfm.cl\/index.php?rest_route=%2Fwp%2Fv2%2Fcategories&post=20541"},{"taxonomy":"post_tag","embeddable":true,"href":"https:\/\/radiorevelacionfm.cl\/index.php?rest_route=%2Fwp%2Fv2%2Ftags&post=20541"}],"curies":[{"name":"wp","href":"https:\/\/api.w.org\/{rel}","templated":true}]}}