{"id":20538,"date":"2022-08-16T17:27:27","date_gmt":"2022-08-16T20:27:27","guid":{"rendered":"https:\/\/radiorevelacionfm.cl\/?p=20538"},"modified":"2022-08-16T17:27:27","modified_gmt":"2022-08-16T20:27:27","slug":"del-16-al-18-de-agosto-plazo-para-que-vocales-de-mesa-puedan-presentar-excusas","status":"publish","type":"post","link":"https:\/\/radiorevelacionfm.cl\/?p=20538","title":{"rendered":"Del 16 al 18 de agosto: plazo para que vocales de mesa puedan presentar excusas"},"content":{"rendered":"<div class=\"flex_column av_one_full  flex_column_div av-zero-column-padding first  avia-builder-el-0  el_before_av_one_full  avia-builder-el-first  \" style='border-radius:0px; '><div  class='avia-image-container  av-styling-    avia-builder-el-1  avia-builder-el-no-sibling  avia-align-center '  itemprop=\"image\" itemscope=\"itemscope\" itemtype=\"https:\/\/schema.org\/ImageObject\"  ><div class='avia-image-container-inner'><div class='avia-image-overlay-wrap'><img decoding=\"async\" class='wp-image-10458 avia-img-lazy-loading-not-10458 avia_image' src=\"https:\/\/radiorevelacionfm.cl\/wp-content\/uploads\/2021\/11\/VOTACIONES-CHILE1-1-1.jpg\" alt='' title='VOTACIONES CHILE1 (1) (1)' height=\"600\" width=\"900\"  itemprop=\"thumbnailUrl\" srcset=\"https:\/\/radiorevelacionfm.cl\/wp-content\/uploads\/2021\/11\/VOTACIONES-CHILE1-1-1.jpg 900w, https:\/\/radiorevelacionfm.cl\/wp-content\/uploads\/2021\/11\/VOTACIONES-CHILE1-1-1-300x200.jpg 300w, https:\/\/radiorevelacionfm.cl\/wp-content\/uploads\/2021\/11\/VOTACIONES-CHILE1-1-1-768x512.jpg 768w, https:\/\/radiorevelacionfm.cl\/wp-content\/uploads\/2021\/11\/VOTACIONES-CHILE1-1-1-705x470.jpg 705w, https:\/\/radiorevelacionfm.cl\/wp-content\/uploads\/2021\/11\/VOTACIONES-CHILE1-1-1-600x400.jpg 600w\" sizes=\"(max-width: 900px) 100vw, 900px\" \/><\/div><\/div><\/div><\/div><div class=\"flex_column av_one_full  flex_column_div av-zero-column-padding first  avia-builder-el-2  el_after_av_one_full  el_before_av_one_full  column-top-margin\" style='border-radius:0px; '><section class=\"av_textblock_section \"  itemscope=\"itemscope\" itemtype=\"https:\/\/schema.org\/BlogPosting\" itemprop=\"blogPost\" ><div class='avia_textblock  '   itemprop=\"text\" ><p style=\"text-align: center;\"><strong><span style=\"font-size: 18pt;\">Del 16 al 18 de agosto: plazo para que vocales de mesa puedan presentar excusas <\/span><\/strong><\/p>\n<div id=\"gtx-trans\" style=\"position: absolute; left: -50px; top: 4.31534px;\">\n<div class=\"gtx-trans-icon\"><\/div>\n<\/div>\n<\/div><\/section><\/div><div class=\"flex_column av_one_full  flex_column_div av-zero-column-padding first  avia-builder-el-4  el_after_av_one_full  el_before_av_hr  column-top-margin\" style='border-radius:0px; '><section class=\"av_textblock_section \"  itemscope=\"itemscope\" itemtype=\"https:\/\/schema.org\/BlogPosting\" itemprop=\"blogPost\" ><div class='avia_textblock  '   itemprop=\"text\" ><p style=\"text-align: justify;\">Este 16 de agosto se inici\u00f3 el plazo de presentaci\u00f3n de excusas para quienes no puedan cumplir con su labor de vocal de mesa luego de ser designados por las Juntas Electorales.<\/p>\n<p style=\"text-align: justify;\">S\u00f3lo podr\u00e1n excusarse quienes cuenten con alguna de las causales contempladas por la ley 18.700. Las excusas deber\u00e1n ser presentadas entre el\u00a016 y el 18 de agosto\u00a0de forma presencial o por correo electr\u00f3nico ante la\u202fJunta Electoral\u202fcorrespondiente a su domicilio electoral. Puede revisar el listado de Juntas Electorales\u00a0<a href=\"https:\/\/servel.us15.list-manage.com\/track\/click?u=164fc57d7a3c93ed4382fecdb&amp;id=bb31257796&amp;e=19a78e2c29\" target=\"_blank\" rel=\"noopener\" data-saferedirecturl=\"https:\/\/www.google.com\/url?q=https:\/\/servel.us15.list-manage.com\/track\/click?u%3D164fc57d7a3c93ed4382fecdb%26id%3Dbb31257796%26e%3D19a78e2c29&amp;source=gmail&amp;ust=1660765423281000&amp;usg=AOvVaw1is2dqmZyvgl3FjFD4T-f_\">aqu\u00ed.<\/a><\/p>\n<p style=\"text-align: justify;\">IMPORTANTE:\u00a0Son las Juntas Electorales las que designan y excusan a los vocales de mesa, no Servel.<\/p>\n<p style=\"text-align: justify;\">La gran mayor\u00eda de los vocales fueron designados el a\u00f1o pasado, ejercieron su cargo y tienen nombramiento vigente.\u00a0 La ley les fija un per\u00edodo de 4 a\u00f1os para cumplir su labor.<\/p>\n<p style=\"text-align: justify;\">Los electores designados como vocales, si lo requieren, podr\u00e1n excusarse invocando alguna de las siguientes causales:<\/p>\n<ul style=\"text-align: justify;\">\n<li aria-setsize=\"-1\">Estar comprendidos en las causales de inhabilidad. Cargos p\u00fablicos y de elecci\u00f3n popular.<\/li>\n<li aria-setsize=\"-1\">Estar ausente del pa\u00eds o en una localidad distante 300 km.<\/li>\n<li aria-setsize=\"-1\">Tener que desempe\u00f1ar el mismo d\u00eda otras funciones encomendadas por ley.<\/li>\n<li aria-setsize=\"-1\">Tener 60 o m\u00e1s a\u00f1os. En todo caso personas mayores de 60 a\u00f1os, siempre podr\u00e1n ofrecerse voluntariamente para ejercer como vocal de mesa.<\/li>\n<li aria-setsize=\"-1\">Estar f\u00edsica o mentalmente inhabilitado, lo que deber\u00e1 acreditarse con certificado m\u00e9dico.<\/li>\n<\/ul>\n<ul style=\"text-align: justify;\">\n<li aria-setsize=\"-1\">Cumplir funciones en establecimientos hospitalarios.<\/li>\n<li aria-setsize=\"-1\">Mujeres embarazadas durante todo el per\u00edodo de gestaci\u00f3n.<\/li>\n<li aria-setsize=\"-1\">Padre o la madre de un hijo o hija de menor de dos a\u00f1os al d\u00eda 4 de septiembre de 2022.<\/li>\n<li aria-setsize=\"-1\">Estar al cuidado de adultos mayores o personas con necesidades especiales, con dependencia o discapacidades-<\/li>\n<li aria-setsize=\"-1\">Las que se desempe\u00f1en en los establecimientos de larga estad\u00eda para adultos mayores (Eleam).<\/li>\n<\/ul>\n<p style=\"text-align: justify;\">Las excusas deber\u00e1n ser formuladas por escrito, ya sea de forma presencial o v\u00eda correo electr\u00f3nico, ante el secretario de la junta electoral respectiva. Las direcciones de las juntas electorales puede conocerlas\u00a0<a href=\"https:\/\/servel.us15.list-manage.com\/track\/click?u=164fc57d7a3c93ed4382fecdb&amp;id=25f64e76a5&amp;e=19a78e2c29\" target=\"_blank\" rel=\"noopener\" data-saferedirecturl=\"https:\/\/www.google.com\/url?q=https:\/\/servel.us15.list-manage.com\/track\/click?u%3D164fc57d7a3c93ed4382fecdb%26id%3D25f64e76a5%26e%3D19a78e2c29&amp;source=gmail&amp;ust=1660765423282000&amp;usg=AOvVaw10Ux-0HK8uojSfGNCMmJ3w\">aqu\u00ed.<\/a><\/p>\n<p style=\"text-align: justify;\">Por su parte, el\u00a020 de agosto\u00a0se publicar\u00e1n las n\u00f3minas de vocales reemplazantes de Mesas Receptoras de Sufragios y miembros de Colegios Escrutadores. En esta instancia, la ley no contempla periodo de excusas.<\/p>\n<p style=\"text-align: justify;\">Los vocales de mesa o miembros de colegios escrutadores que no concurriere a sus funciones arriesgan multas que van de 2 a 8 UTM.\u00a0 (de $ 117.544 a $ 470.176)<\/p>\n<p style=\"text-align: justify;\">Si un vocal designado no concurri\u00f3 a cumplir su funci\u00f3n, puede ser citado por el Juzgado de Polic\u00eda local. Es en esa instancia donde debe presentar la documentaci\u00f3n necesaria para justificarse ante el juez.<\/p>\n<\/div><\/section><\/div><div  style='height:50px' class='hr hr-invisible   avia-builder-el-6  el_after_av_one_full  el_before_av_social_share '><span class='hr-inner ' ><span class='hr-inner-style'><\/span><\/span><\/div><\/p>\n<div  class='av-social-sharing-box  avia-builder-el-7  el_after_av_hr  el_before_av_hr  '><div class='av-share-box'><h5 class='av-share-link-description av-no-toc '>Compartir esta noticia<\/h5><ul class='av-share-box-list noLightbox'><li class='av-share-link av-social-link-facebook' ><a target=\"_blank\" aria-label=\"Compartir en Facebook\" href='https:\/\/www.facebook.com\/sharer.php?u=https:\/\/radiorevelacionfm.cl\/?p=20538&#038;t=Del%2016%20al%2018%20de%20agosto%3A%20plazo%20para%20que%20vocales%20de%20mesa%20puedan%20presentar%20excusas' aria-hidden='false' data-av_icon='\ue8f3' data-av_iconfont='entypo-fontello' title='' data-avia-related-tooltip='Compartir en Facebook' rel=\"noopener\"><span class='avia_hidden_link_text'>Compartir en Facebook<\/span><\/a><\/li><li class='av-share-link av-social-link-twitter' ><a target=\"_blank\" aria-label=\"Compartir en Twitter\" href='https:\/\/twitter.com\/share?text=Del%2016%20al%2018%20de%20agosto%3A%20plazo%20para%20que%20vocales%20de%20mesa%20puedan%20presentar%20excusas&#038;url=https:\/\/radiorevelacionfm.cl\/?p=20538' aria-hidden='false' data-av_icon='\ue8f1' data-av_iconfont='entypo-fontello' title='' data-avia-related-tooltip='Compartir en Twitter' rel=\"noopener\"><span class='avia_hidden_link_text'>Compartir en Twitter<\/span><\/a><\/li><li class='av-share-link av-social-link-whatsapp' ><a target=\"_blank\" aria-label=\"Compartir en Whatsapp\" href='https:\/\/api.whatsapp.com\/send?text=https:\/\/radiorevelacionfm.cl\/?p=20538' aria-hidden='false' data-av_icon='\uf232' data-av_iconfont='entypo-fontello' title='' data-avia-related-tooltip='Compartir en Whatsapp' rel=\"noopener\"><span class='avia_hidden_link_text'>Compartir en Whatsapp<\/span><\/a><\/li><li class='av-share-link av-social-link-linkedin' ><a target=\"_blank\" aria-label=\"Compartir en LinkedIn\" href='https:\/\/linkedin.com\/shareArticle?mini=true&#038;title=Del%2016%20al%2018%20de%20agosto%3A%20plazo%20para%20que%20vocales%20de%20mesa%20puedan%20presentar%20excusas&#038;url=https:\/\/radiorevelacionfm.cl\/?p=20538' aria-hidden='false' data-av_icon='\ue8fc' data-av_iconfont='entypo-fontello' title='' data-avia-related-tooltip='Compartir en LinkedIn' rel=\"noopener\"><span class='avia_hidden_link_text'>Compartir en LinkedIn<\/span><\/a><\/li><li class='av-share-link av-social-link-mail' ><a  aria-label=\"Compartir por correo\" href='mailto:?subject=Del%2016%20al%2018%20de%20agosto%3A%20plazo%20para%20que%20vocales%20de%20mesa%20puedan%20presentar%20excusas&#038;body=https:\/\/radiorevelacionfm.cl\/?p=20538' aria-hidden='false' data-av_icon='\ue805' data-av_iconfont='entypo-fontello' title='' data-avia-related-tooltip='Compartir por correo'><span class='avia_hidden_link_text'>Compartir por correo<\/span><\/a><\/li><\/ul><\/div><\/div>\n<div  style='height:50px' class='hr hr-invisible   avia-builder-el-8  el_after_av_social_share  el_before_av_comments_list '><span class='hr-inner ' ><span class='hr-inner-style'><\/span><\/span><\/div>\n<div  class='av-buildercomment  av-blog-meta-html-info-disabled av-blog-meta-tag-disabled  '><\/div>\n","protected":false},"excerpt":{"rendered":"","protected":false},"author":1,"featured_media":10458,"comment_status":"open","ping_status":"open","sticky":false,"template":"","format":"standard","meta":{"footnotes":""},"categories":[61],"tags":[],"class_list":["post-20538","post","type-post","status-publish","format-standard","has-post-thumbnail","hentry","category-nacional"],"jetpack_featured_media_url":"https:\/\/radiorevelacionfm.cl\/wp-content\/uploads\/2021\/11\/VOTACIONES-CHILE1-1-1.jpg","_links":{"self":[{"href":"https:\/\/radiorevelacionfm.cl\/index.php?rest_route=\/wp\/v2\/posts\/20538","targetHints":{"allow":["GET"]}}],"collection":[{"href":"https:\/\/radiorevelacionfm.cl\/index.php?rest_route=\/wp\/v2\/posts"}],"about":[{"href":"https:\/\/radiorevelacionfm.cl\/index.php?rest_route=\/wp\/v2\/types\/post"}],"author":[{"embeddable":true,"href":"https:\/\/radiorevelacionfm.cl\/index.php?rest_route=\/wp\/v2\/users\/1"}],"replies":[{"embeddable":true,"href":"https:\/\/radiorevelacionfm.cl\/index.php?rest_route=%2Fwp%2Fv2%2Fcomments&post=20538"}],"version-history":[{"count":2,"href":"https:\/\/radiorevelacionfm.cl\/index.php?rest_route=\/wp\/v2\/posts\/20538\/revisions"}],"predecessor-version":[{"id":20540,"href":"https:\/\/radiorevelacionfm.cl\/index.php?rest_route=\/wp\/v2\/posts\/20538\/revisions\/20540"}],"wp:featuredmedia":[{"embeddable":true,"href":"https:\/\/radiorevelacionfm.cl\/index.php?rest_route=\/wp\/v2\/media\/10458"}],"wp:attachment":[{"href":"https:\/\/radiorevelacionfm.cl\/index.php?rest_route=%2Fwp%2Fv2%2Fmedia&parent=20538"}],"wp:term":[{"taxonomy":"category","embeddable":true,"href":"https:\/\/radiorevelacionfm.cl\/index.php?rest_route=%2Fwp%2Fv2%2Fcategories&post=20538"},{"taxonomy":"post_tag","embeddable":true,"href":"https:\/\/radiorevelacionfm.cl\/index.php?rest_route=%2Fwp%2Fv2%2Ftags&post=20538"}],"curies":[{"name":"wp","href":"https:\/\/api.w.org\/{rel}","templated":true}]}}