{"id":20534,"date":"2022-08-16T16:37:13","date_gmt":"2022-08-16T19:37:13","guid":{"rendered":"https:\/\/radiorevelacionfm.cl\/?p=20534"},"modified":"2022-08-16T16:37:13","modified_gmt":"2022-08-16T19:37:13","slug":"sernac-invita-a-consumidores-y-empresas-de-bienes-y-servicios-a-curso-gratuito-online","status":"publish","type":"post","link":"https:\/\/radiorevelacionfm.cl\/?p=20534","title":{"rendered":"Sernac invita a consumidores y empresas de bienes y servicios a curso gratuito online"},"content":{"rendered":"<div class=\"flex_column av_one_full  flex_column_div av-zero-column-padding first  avia-builder-el-0  el_before_av_one_full  avia-builder-el-first  \" style='border-radius:0px; '><div  class='avia-image-container  av-styling-    avia-builder-el-1  avia-builder-el-no-sibling  avia-align-center '  itemprop=\"image\" itemscope=\"itemscope\" itemtype=\"https:\/\/schema.org\/ImageObject\"  ><div class='avia-image-container-inner'><div class='avia-image-overlay-wrap'><img decoding=\"async\" class='wp-image-20535 avia-img-lazy-loading-not-20535 avia_image' src=\"https:\/\/radiorevelacionfm.cl\/wp-content\/uploads\/2022\/08\/image-30-2-1-1.jpg\" alt='' title='image (30) (2) (1) (1)' height=\"600\" width=\"1068\"  itemprop=\"thumbnailUrl\" srcset=\"https:\/\/radiorevelacionfm.cl\/wp-content\/uploads\/2022\/08\/image-30-2-1-1.jpg 1068w, https:\/\/radiorevelacionfm.cl\/wp-content\/uploads\/2022\/08\/image-30-2-1-1-300x169.jpg 300w, https:\/\/radiorevelacionfm.cl\/wp-content\/uploads\/2022\/08\/image-30-2-1-1-1030x579.jpg 1030w, https:\/\/radiorevelacionfm.cl\/wp-content\/uploads\/2022\/08\/image-30-2-1-1-768x431.jpg 768w, https:\/\/radiorevelacionfm.cl\/wp-content\/uploads\/2022\/08\/image-30-2-1-1-705x396.jpg 705w, https:\/\/radiorevelacionfm.cl\/wp-content\/uploads\/2022\/08\/image-30-2-1-1-600x337.jpg 600w\" sizes=\"(max-width: 1068px) 100vw, 1068px\" \/><\/div><\/div><\/div><\/div><div class=\"flex_column av_one_full  flex_column_div av-zero-column-padding first  avia-builder-el-2  el_after_av_one_full  el_before_av_one_full  column-top-margin\" style='border-radius:0px; '><section class=\"av_textblock_section \"  itemscope=\"itemscope\" itemtype=\"https:\/\/schema.org\/BlogPosting\" itemprop=\"blogPost\" ><div class='avia_textblock  '   itemprop=\"text\" ><p style=\"text-align: center;\"><strong><span style=\"font-size: 18pt;\">Sernac invita a consumidores y empresas de bienes y servicios a curso gratuito online<\/span><\/strong><\/p>\n<div id=\"gtx-trans\" style=\"position: absolute; left: -50px; top: 4.31534px;\">\n<div class=\"gtx-trans-icon\"><\/div>\n<\/div>\n<\/div><\/section><\/div><div class=\"flex_column av_one_full  flex_column_div av-zero-column-padding first  avia-builder-el-4  el_after_av_one_full  el_before_av_hr  column-top-margin\" style='border-radius:0px; '><section class=\"av_textblock_section \"  itemscope=\"itemscope\" itemtype=\"https:\/\/schema.org\/BlogPosting\" itemprop=\"blogPost\" ><div class='avia_textblock  '   itemprop=\"text\" ><p style=\"text-align: justify;\">El SERNAC impartir\u00e1 una nueva versi\u00f3n del curso de educaci\u00f3n online sobre los derechos de los consumidores y las obligaciones de las empresas.<\/p>\n<p style=\"text-align: justify;\">La iniciativa, de car\u00e1cter gratuito, est\u00e1 dirigida a consumidores, trabajadores, profesionales, comerciantes, vendedores y encargados de \u00e1reas de servicio al cliente, venta y marketing de las empresas.<\/p>\n<p style=\"text-align: justify;\">La inscripci\u00f3n estar\u00e1 disponible desde este 16 de agosto hasta el pr\u00f3ximo 22 de noviembre del 2022 en el sitio web <a href=\"http:\/\/www.sernac.cl\">www.sernac.cl<\/a>, secci\u00f3n Educaci\u00f3n- Cursos de Aula Virtual.<\/p>\n<p style=\"text-align: justify;\">La modalidad del curso es a distancia, v\u00eda aula virtual y de auto instrucci\u00f3n. Contiene una unidad introductoria y siete unidades independientes, siendo el participante quien organiza su tiempo y gestiona su avance.<\/p>\n<p style=\"text-align: justify;\">Entre las materias y unidades a desarrollar se encuentran los derechos y deberes de los consumidores, y temas como, garant\u00eda legal, publicidad y pr\u00e1cticas comerciales, consumo sostenible, comercio electr\u00f3nico, entre otros.<\/p>\n<p style=\"text-align: justify;\">Adem\u00e1s, en este curso explica los aspectos relevantes de la Ley N\u00b021.081, que reforz\u00f3 la Ley del Consumidor y entreg\u00f3 nuevas facultades al SERNAC.<\/p>\n<p style=\"text-align: justify;\">Mediante el aula virtual del SERNAC, los participantes podr\u00e1n acceder a los contenidos, videos y completar las evaluaciones requeridas. Una vez realizadas todas las actividades, y aprobado el curso, podr\u00e1 descargar su diploma y los contenidos tratados en este curso en formato PDF.<\/p>\n<p style=\"text-align: justify;\">La Directora Regional del SERNAC, Mar\u00eda Francisca Ortiz Oberg, valor\u00f3 este programa explicando que \u201ceste curso permitir\u00e1 a los participantes un aprendizaje significativo en derechos de los consumidores y las obligaciones de las empresas en el marco de la normativa de SERNAC y las leyes que lo refuerzan\u201d.<\/p>\n<p style=\"text-align: justify;\">Si usted tiene alguna duda puede consultar al siguiente <a href=\"https:\/\/www.sernac.cl\/portal\/607\/w3-article-55892.html\">enlace<\/a>.<\/p>\n<\/div><\/section><\/div><div  style='height:50px' class='hr hr-invisible   avia-builder-el-6  el_after_av_one_full  el_before_av_social_share '><span class='hr-inner ' ><span class='hr-inner-style'><\/span><\/span><\/div><\/p>\n<div  class='av-social-sharing-box  avia-builder-el-7  el_after_av_hr  el_before_av_hr  '><div class='av-share-box'><h5 class='av-share-link-description av-no-toc '>Compartir esta noticia<\/h5><ul class='av-share-box-list noLightbox'><li class='av-share-link av-social-link-facebook' ><a target=\"_blank\" aria-label=\"Compartir en Facebook\" href='https:\/\/www.facebook.com\/sharer.php?u=https:\/\/radiorevelacionfm.cl\/?p=20534&#038;t=Sernac%20invita%20a%20consumidores%20y%20empresas%20de%20bienes%20y%20servicios%20a%20curso%20gratuito%20online' aria-hidden='false' data-av_icon='\ue8f3' data-av_iconfont='entypo-fontello' title='' data-avia-related-tooltip='Compartir en Facebook' rel=\"noopener\"><span class='avia_hidden_link_text'>Compartir en Facebook<\/span><\/a><\/li><li class='av-share-link av-social-link-twitter' ><a target=\"_blank\" aria-label=\"Compartir en Twitter\" href='https:\/\/twitter.com\/share?text=Sernac%20invita%20a%20consumidores%20y%20empresas%20de%20bienes%20y%20servicios%20a%20curso%20gratuito%20online&#038;url=https:\/\/radiorevelacionfm.cl\/?p=20534' aria-hidden='false' data-av_icon='\ue8f1' data-av_iconfont='entypo-fontello' title='' data-avia-related-tooltip='Compartir en Twitter' rel=\"noopener\"><span class='avia_hidden_link_text'>Compartir en Twitter<\/span><\/a><\/li><li class='av-share-link av-social-link-whatsapp' ><a target=\"_blank\" aria-label=\"Compartir en Whatsapp\" href='https:\/\/api.whatsapp.com\/send?text=https:\/\/radiorevelacionfm.cl\/?p=20534' aria-hidden='false' data-av_icon='\uf232' data-av_iconfont='entypo-fontello' title='' data-avia-related-tooltip='Compartir en Whatsapp' rel=\"noopener\"><span class='avia_hidden_link_text'>Compartir en Whatsapp<\/span><\/a><\/li><li class='av-share-link av-social-link-linkedin' ><a target=\"_blank\" aria-label=\"Compartir en LinkedIn\" href='https:\/\/linkedin.com\/shareArticle?mini=true&#038;title=Sernac%20invita%20a%20consumidores%20y%20empresas%20de%20bienes%20y%20servicios%20a%20curso%20gratuito%20online&#038;url=https:\/\/radiorevelacionfm.cl\/?p=20534' aria-hidden='false' data-av_icon='\ue8fc' data-av_iconfont='entypo-fontello' title='' data-avia-related-tooltip='Compartir en LinkedIn' rel=\"noopener\"><span class='avia_hidden_link_text'>Compartir en LinkedIn<\/span><\/a><\/li><li class='av-share-link av-social-link-mail' ><a  aria-label=\"Compartir por correo\" href='mailto:?subject=Sernac%20invita%20a%20consumidores%20y%20empresas%20de%20bienes%20y%20servicios%20a%20curso%20gratuito%20online&#038;body=https:\/\/radiorevelacionfm.cl\/?p=20534' aria-hidden='false' data-av_icon='\ue805' data-av_iconfont='entypo-fontello' title='' data-avia-related-tooltip='Compartir por correo'><span class='avia_hidden_link_text'>Compartir por correo<\/span><\/a><\/li><\/ul><\/div><\/div>\n<div  style='height:50px' class='hr hr-invisible   avia-builder-el-8  el_after_av_social_share  el_before_av_comments_list '><span class='hr-inner ' ><span class='hr-inner-style'><\/span><\/span><\/div>\n<div  class='av-buildercomment  av-blog-meta-html-info-disabled av-blog-meta-tag-disabled  '><\/div>\n","protected":false},"excerpt":{"rendered":"","protected":false},"author":1,"featured_media":20535,"comment_status":"open","ping_status":"open","sticky":false,"template":"","format":"standard","meta":{"footnotes":""},"categories":[45],"tags":[],"class_list":["post-20534","post","type-post","status-publish","format-standard","has-post-thumbnail","hentry","category-comercio"],"jetpack_featured_media_url":"https:\/\/radiorevelacionfm.cl\/wp-content\/uploads\/2022\/08\/image-30-2-1-1.jpg","_links":{"self":[{"href":"https:\/\/radiorevelacionfm.cl\/index.php?rest_route=\/wp\/v2\/posts\/20534","targetHints":{"allow":["GET"]}}],"collection":[{"href":"https:\/\/radiorevelacionfm.cl\/index.php?rest_route=\/wp\/v2\/posts"}],"about":[{"href":"https:\/\/radiorevelacionfm.cl\/index.php?rest_route=\/wp\/v2\/types\/post"}],"author":[{"embeddable":true,"href":"https:\/\/radiorevelacionfm.cl\/index.php?rest_route=\/wp\/v2\/users\/1"}],"replies":[{"embeddable":true,"href":"https:\/\/radiorevelacionfm.cl\/index.php?rest_route=%2Fwp%2Fv2%2Fcomments&post=20534"}],"version-history":[{"count":2,"href":"https:\/\/radiorevelacionfm.cl\/index.php?rest_route=\/wp\/v2\/posts\/20534\/revisions"}],"predecessor-version":[{"id":20537,"href":"https:\/\/radiorevelacionfm.cl\/index.php?rest_route=\/wp\/v2\/posts\/20534\/revisions\/20537"}],"wp:featuredmedia":[{"embeddable":true,"href":"https:\/\/radiorevelacionfm.cl\/index.php?rest_route=\/wp\/v2\/media\/20535"}],"wp:attachment":[{"href":"https:\/\/radiorevelacionfm.cl\/index.php?rest_route=%2Fwp%2Fv2%2Fmedia&parent=20534"}],"wp:term":[{"taxonomy":"category","embeddable":true,"href":"https:\/\/radiorevelacionfm.cl\/index.php?rest_route=%2Fwp%2Fv2%2Fcategories&post=20534"},{"taxonomy":"post_tag","embeddable":true,"href":"https:\/\/radiorevelacionfm.cl\/index.php?rest_route=%2Fwp%2Fv2%2Ftags&post=20534"}],"curies":[{"name":"wp","href":"https:\/\/api.w.org\/{rel}","templated":true}]}}