{"id":20530,"date":"2022-08-16T15:09:07","date_gmt":"2022-08-16T18:09:07","guid":{"rendered":"https:\/\/radiorevelacionfm.cl\/?p=20530"},"modified":"2022-08-17T17:57:36","modified_gmt":"2022-08-17T20:57:36","slug":"autoridades-regionales-informan-avances-de-la-ejecucion-del-plan-de-contingencia-del-pellet","status":"publish","type":"post","link":"https:\/\/radiorevelacionfm.cl\/?p=20530","title":{"rendered":"Autoridades regionales informan avances de la ejecuci\u00f3n del plan de contingencia del pellet"},"content":{"rendered":"<div class=\"flex_column av_one_full  flex_column_div av-zero-column-padding first  avia-builder-el-0  el_before_av_one_full  avia-builder-el-first  \" style='border-radius:0px; '><div  class='avia-image-container  av-styling-    avia-builder-el-1  avia-builder-el-no-sibling  avia-align-center '  itemprop=\"image\" itemscope=\"itemscope\" itemtype=\"https:\/\/schema.org\/ImageObject\"  ><div class='avia-image-container-inner'><div class='avia-image-overlay-wrap'><img decoding=\"async\" class='wp-image-20531 avia-img-lazy-loading-not-20531 avia_image' src=\"https:\/\/radiorevelacionfm.cl\/wp-content\/uploads\/2022\/08\/A-1-2-1.jpeg\" alt='' title='A (1) (2) (1)' height=\"600\" width=\"1031\"  itemprop=\"thumbnailUrl\" srcset=\"https:\/\/radiorevelacionfm.cl\/wp-content\/uploads\/2022\/08\/A-1-2-1.jpeg 1031w, https:\/\/radiorevelacionfm.cl\/wp-content\/uploads\/2022\/08\/A-1-2-1-300x175.jpeg 300w, https:\/\/radiorevelacionfm.cl\/wp-content\/uploads\/2022\/08\/A-1-2-1-768x447.jpeg 768w, https:\/\/radiorevelacionfm.cl\/wp-content\/uploads\/2022\/08\/A-1-2-1-705x410.jpeg 705w, https:\/\/radiorevelacionfm.cl\/wp-content\/uploads\/2022\/08\/A-1-2-1-600x349.jpeg 600w\" sizes=\"(max-width: 1031px) 100vw, 1031px\" \/><\/div><\/div><\/div><\/div>\n<div class=\"flex_column av_one_full  flex_column_div av-zero-column-padding first  avia-builder-el-2  el_after_av_one_full  el_before_av_one_full  column-top-margin\" style='border-radius:0px; '><section class=\"av_textblock_section \"  itemscope=\"itemscope\" itemtype=\"https:\/\/schema.org\/BlogPosting\" itemprop=\"blogPost\" ><div class='avia_textblock  '   itemprop=\"text\" ><p style=\"text-align: center;\"><strong><span style=\"font-size: 18pt;\">Autoridades regionales informan avances de la ejecuci\u00f3n del plan de contingencia del pellet <\/span><\/strong><\/p>\n<div id=\"gtx-trans\" style=\"position: absolute; left: -50px; top: 4.31534px;\">\n<div class=\"gtx-trans-icon\"><\/div>\n<\/div>\n<\/div><\/section><\/div>\n<div class=\"flex_column av_one_full  flex_column_div av-zero-column-padding first  avia-builder-el-4  el_after_av_one_full  el_before_av_hr  column-top-margin\" style='border-radius:0px; '><section class=\"av_textblock_section \"  itemscope=\"itemscope\" itemtype=\"https:\/\/schema.org\/BlogPosting\" itemprop=\"blogPost\" ><div class='avia_textblock  '   itemprop=\"text\" ><p dir=\"ltr\" style=\"text-align: justify;\">La Gobernadora Regional, Andrea Mac\u00edas Palma, junto con el Delegado Presidencial Regional, Rodrigo Araya, y el Secretario Regional Ministerial (Seremi) de Energ\u00eda, Carlos D\u00edaz, actualizaron la informaci\u00f3n sobre el abastecimiento de pellet en la regi\u00f3n.<\/p>\n<p dir=\"ltr\" style=\"text-align: justify;\">Ante esta situaci\u00f3n, la Gobernadora Regional, Andrea Mac\u00edas Palma, detall\u00f3 que \u00abestamos hablando de una regi\u00f3n donde ten\u00edamos a una empresa trayendo pellet, hoy d\u00eda estamos diciendo que vamos a tener cinco\u00bb, afirm\u00f3 la autoridad.<\/p>\n<p dir=\"ltr\" style=\"text-align: justify;\">Por su parte, el Delegado Presidencial Regional, Rodrigo Araya, destac\u00f3 la relevancia de las medidas para responder a la demanda inmediata, mientras se afianza la diversificaci\u00f3n de la matriz energ\u00e9tica regional en el mediano y largo plazo. \u00abPor eso estas medidas que estamos comentando hoy d\u00eda son tan relevantes y el esfuerzo que se ha hecho para garantizar que vayan aumentando semana a semana la cantidad de camiones que llegan a la regi\u00f3n. Asimismo, gracias al transporte subvencionado de carga hemos podido gestionar que las barcazas tengan la capacidad para que estos camiones puedan llegar con la cantidad adecuada de pellet\u00bb, indic\u00f3.<\/p>\n<p dir=\"ltr\" style=\"text-align: justify;\">Desde la Secretar\u00eda Regional Ministerial de Energ\u00eda, indicaron que desde un inicio que se encuentra ejecutando un plan de contingencia para apoyar la log\u00edstica de distribuci\u00f3n del pellet. \u00abRecordamos que este es un mercado no regulado y el estado tiene limitadas herramientas para influir en un mercado privado. Para el 2023 estamos realizando gestiones para que los grandes consumidores se abastezcan y acopien durante el verano. Pensando m\u00e1s en el largo plazo, hemos estado en permanente contacto con la mayor empresa productora a nivel nacional y esta semana los recibiremos en la regi\u00f3n para ver la posibilidad de que se instalen en Ays\u00e9n\u00bb, indic\u00f3 el titular Carlos D\u00edaz.<\/p>\n<p dir=\"ltr\" style=\"text-align: justify;\">En la jornada de hoy la Secretar\u00eda Regional Ministerial de Energ\u00eda participar\u00e1 de la Mesa Nacional del Pellet, instancia liderada por el Ministerio de Energ\u00eda, que busca coordinar a distintos actores para construir un Plan de Acci\u00f3n con medidas concretas que permitan promover el desarrollo del sector.<\/p>\n<\/div><\/section><\/div><div  style='height:50px' class='hr hr-invisible   avia-builder-el-6  el_after_av_one_full  el_before_av_social_share '><span class='hr-inner ' ><span class='hr-inner-style'><\/span><\/span><\/div><\/p>\n<div  class='av-social-sharing-box  avia-builder-el-7  el_after_av_hr  el_before_av_hr  '><div class='av-share-box'><h5 class='av-share-link-description av-no-toc '>Compartir esta noticia<\/h5><ul class='av-share-box-list noLightbox'><li class='av-share-link av-social-link-facebook' ><a target=\"_blank\" aria-label=\"Compartir en Facebook\" href='https:\/\/www.facebook.com\/sharer.php?u=https:\/\/radiorevelacionfm.cl\/?p=20530&#038;t=Autoridades%20regionales%20informan%20avances%20de%20la%20ejecuci%C3%B3n%20del%20plan%20de%20contingencia%20del%20pellet' aria-hidden='false' data-av_icon='\ue8f3' data-av_iconfont='entypo-fontello' title='' data-avia-related-tooltip='Compartir en Facebook' rel=\"noopener\"><span class='avia_hidden_link_text'>Compartir en Facebook<\/span><\/a><\/li><li class='av-share-link av-social-link-twitter' ><a target=\"_blank\" aria-label=\"Compartir en Twitter\" href='https:\/\/twitter.com\/share?text=Autoridades%20regionales%20informan%20avances%20de%20la%20ejecuci%C3%B3n%20del%20plan%20de%20contingencia%20del%20pellet&#038;url=https:\/\/radiorevelacionfm.cl\/?p=20530' aria-hidden='false' data-av_icon='\ue8f1' data-av_iconfont='entypo-fontello' title='' data-avia-related-tooltip='Compartir en Twitter' rel=\"noopener\"><span class='avia_hidden_link_text'>Compartir en Twitter<\/span><\/a><\/li><li class='av-share-link av-social-link-whatsapp' ><a target=\"_blank\" aria-label=\"Compartir en Whatsapp\" href='https:\/\/api.whatsapp.com\/send?text=https:\/\/radiorevelacionfm.cl\/?p=20530' aria-hidden='false' data-av_icon='\uf232' data-av_iconfont='entypo-fontello' title='' data-avia-related-tooltip='Compartir en Whatsapp' rel=\"noopener\"><span class='avia_hidden_link_text'>Compartir en Whatsapp<\/span><\/a><\/li><li class='av-share-link av-social-link-linkedin' ><a target=\"_blank\" aria-label=\"Compartir en LinkedIn\" href='https:\/\/linkedin.com\/shareArticle?mini=true&#038;title=Autoridades%20regionales%20informan%20avances%20de%20la%20ejecuci%C3%B3n%20del%20plan%20de%20contingencia%20del%20pellet&#038;url=https:\/\/radiorevelacionfm.cl\/?p=20530' aria-hidden='false' data-av_icon='\ue8fc' data-av_iconfont='entypo-fontello' title='' data-avia-related-tooltip='Compartir en LinkedIn' rel=\"noopener\"><span class='avia_hidden_link_text'>Compartir en LinkedIn<\/span><\/a><\/li><li class='av-share-link av-social-link-mail' ><a  aria-label=\"Compartir por correo\" href='mailto:?subject=Autoridades%20regionales%20informan%20avances%20de%20la%20ejecuci%C3%B3n%20del%20plan%20de%20contingencia%20del%20pellet&#038;body=https:\/\/radiorevelacionfm.cl\/?p=20530' aria-hidden='false' data-av_icon='\ue805' data-av_iconfont='entypo-fontello' title='' data-avia-related-tooltip='Compartir por correo'><span class='avia_hidden_link_text'>Compartir por correo<\/span><\/a><\/li><\/ul><\/div><\/div>\n<div  style='height:50px' class='hr hr-invisible   avia-builder-el-8  el_after_av_social_share  el_before_av_comments_list '><span class='hr-inner ' ><span class='hr-inner-style'><\/span><\/span><\/div>\n<div  class='av-buildercomment  av-blog-meta-html-info-disabled av-blog-meta-tag-disabled  '><\/div>\n","protected":false},"excerpt":{"rendered":"","protected":false},"author":1,"featured_media":20531,"comment_status":"open","ping_status":"open","sticky":false,"template":"","format":"standard","meta":{"footnotes":""},"categories":[38],"tags":[],"class_list":["post-20530","post","type-post","status-publish","format-standard","has-post-thumbnail","hentry","category-regional"],"jetpack_featured_media_url":"https:\/\/radiorevelacionfm.cl\/wp-content\/uploads\/2022\/08\/A-1-2-1.jpeg","_links":{"self":[{"href":"https:\/\/radiorevelacionfm.cl\/index.php?rest_route=\/wp\/v2\/posts\/20530","targetHints":{"allow":["GET"]}}],"collection":[{"href":"https:\/\/radiorevelacionfm.cl\/index.php?rest_route=\/wp\/v2\/posts"}],"about":[{"href":"https:\/\/radiorevelacionfm.cl\/index.php?rest_route=\/wp\/v2\/types\/post"}],"author":[{"embeddable":true,"href":"https:\/\/radiorevelacionfm.cl\/index.php?rest_route=\/wp\/v2\/users\/1"}],"replies":[{"embeddable":true,"href":"https:\/\/radiorevelacionfm.cl\/index.php?rest_route=%2Fwp%2Fv2%2Fcomments&post=20530"}],"version-history":[{"count":3,"href":"https:\/\/radiorevelacionfm.cl\/index.php?rest_route=\/wp\/v2\/posts\/20530\/revisions"}],"predecessor-version":[{"id":20612,"href":"https:\/\/radiorevelacionfm.cl\/index.php?rest_route=\/wp\/v2\/posts\/20530\/revisions\/20612"}],"wp:featuredmedia":[{"embeddable":true,"href":"https:\/\/radiorevelacionfm.cl\/index.php?rest_route=\/wp\/v2\/media\/20531"}],"wp:attachment":[{"href":"https:\/\/radiorevelacionfm.cl\/index.php?rest_route=%2Fwp%2Fv2%2Fmedia&parent=20530"}],"wp:term":[{"taxonomy":"category","embeddable":true,"href":"https:\/\/radiorevelacionfm.cl\/index.php?rest_route=%2Fwp%2Fv2%2Fcategories&post=20530"},{"taxonomy":"post_tag","embeddable":true,"href":"https:\/\/radiorevelacionfm.cl\/index.php?rest_route=%2Fwp%2Fv2%2Ftags&post=20530"}],"curies":[{"name":"wp","href":"https:\/\/api.w.org\/{rel}","templated":true}]}}