{"id":20523,"date":"2022-08-16T11:09:37","date_gmt":"2022-08-16T14:09:37","guid":{"rendered":"https:\/\/radiorevelacionfm.cl\/?p=20523"},"modified":"2022-08-16T11:09:37","modified_gmt":"2022-08-16T14:09:37","slug":"pymes-de-aysen-se-reuniran-en-conversatorio-de-digitalizacion-regional-este-proximo-18-de-agosto","status":"publish","type":"post","link":"https:\/\/radiorevelacionfm.cl\/?p=20523","title":{"rendered":"Pymes de Ays\u00e9n se reunir\u00e1n en conversatorio de Digitalizaci\u00f3n Regional este pr\u00f3ximo 18 de agosto"},"content":{"rendered":"<div class=\"flex_column av_one_full  flex_column_div av-zero-column-padding first  avia-builder-el-0  el_before_av_one_full  avia-builder-el-first  \" style='border-radius:0px; '><div  class='avia-image-container  av-styling-    avia-builder-el-1  avia-builder-el-no-sibling  avia-align-center '  itemprop=\"image\" itemscope=\"itemscope\" itemtype=\"https:\/\/schema.org\/ImageObject\"  ><div class='avia-image-container-inner'><div class='avia-image-overlay-wrap'><img decoding=\"async\" class='wp-image-20526 avia-img-lazy-loading-not-20526 avia_image' src=\"https:\/\/radiorevelacionfm.cl\/wp-content\/uploads\/2022\/08\/CASOS-DE-EXITO-1-1.jpeg\" alt='' title='CASOS DE \u00c9XITO (1) (1)' height=\"600\" width=\"600\"  itemprop=\"thumbnailUrl\" srcset=\"https:\/\/radiorevelacionfm.cl\/wp-content\/uploads\/2022\/08\/CASOS-DE-EXITO-1-1.jpeg 600w, https:\/\/radiorevelacionfm.cl\/wp-content\/uploads\/2022\/08\/CASOS-DE-EXITO-1-1-300x300.jpeg 300w, https:\/\/radiorevelacionfm.cl\/wp-content\/uploads\/2022\/08\/CASOS-DE-EXITO-1-1-80x80.jpeg 80w, https:\/\/radiorevelacionfm.cl\/wp-content\/uploads\/2022\/08\/CASOS-DE-EXITO-1-1-36x36.jpeg 36w, https:\/\/radiorevelacionfm.cl\/wp-content\/uploads\/2022\/08\/CASOS-DE-EXITO-1-1-180x180.jpeg 180w, https:\/\/radiorevelacionfm.cl\/wp-content\/uploads\/2022\/08\/CASOS-DE-EXITO-1-1-100x100.jpeg 100w\" sizes=\"(max-width: 600px) 100vw, 600px\" \/><\/div><\/div><\/div><\/div><div class=\"flex_column av_one_full  flex_column_div av-zero-column-padding first  avia-builder-el-2  el_after_av_one_full  el_before_av_one_full  column-top-margin\" style='border-radius:0px; '><section class=\"av_textblock_section \"  itemscope=\"itemscope\" itemtype=\"https:\/\/schema.org\/BlogPosting\" itemprop=\"blogPost\" ><div class='avia_textblock  '   itemprop=\"text\" ><p style=\"text-align: center;\"><strong><span style=\"font-size: 18pt;\">Pymes de Ays\u00e9n se reunir\u00e1n en conversatorio de Digitalizaci\u00f3n Regional este pr\u00f3ximo 18 de agosto<\/span><\/strong><\/p>\n<div id=\"gtx-trans\" style=\"position: absolute; left: -50px; top: 4.31534px;\">\n<div class=\"gtx-trans-icon\"><\/div>\n<\/div>\n<\/div><\/section><\/div><div class=\"flex_column av_one_full  flex_column_div av-zero-column-padding first  avia-builder-el-4  el_after_av_one_full  el_before_av_hr  column-top-margin\" style='border-radius:0px; '><section class=\"av_textblock_section \"  itemscope=\"itemscope\" itemtype=\"https:\/\/schema.org\/BlogPosting\" itemprop=\"blogPost\" ><div class='avia_textblock  '   itemprop=\"text\" ><div>\n<p class=\"v1MsoNormal\" style=\"text-align: justify;\">La jornada, tiene como prop\u00f3sito conocer los casos de aquellos emprendedores que han logrado un posicionamiento dentro y fuera de la regi\u00f3n desde las diferentes industrias, para lo que comentar\u00e1n sobre cu\u00e1les han sido sus mayores oportunidades y beneficios desde que comenzaron a digitalizar sus negocios, adem\u00e1s de desaf\u00edos y experiencias al momento de emprender.<\/p>\n<p class=\"v1MsoNormal\" style=\"text-align: justify;\">El evento organizado por el programa de Corfo, Fortalece Pyme de la regi\u00f3n de Ays\u00e9n, busca mediante este conversatorio, que pymes de la regi\u00f3n puedan inspirar sus distintos PYMES mediante estos casos de \u00e9xito que apostaron por la digitalizaci\u00f3n de sus procesos, estrategias o formas de hacer las cosas y lograron ser al d\u00eda de hoy, grandes empresas que aportan desde sus diferentes \u00e1reas al desarrollo regional, ya sea en el mercado chileno como en el extranjero, posicionando as\u00ed a Ays\u00e9n en el mapa.<\/p>\n<p class=\"v1MsoNormal\" style=\"text-align: justify;\">Este conversatorio contar\u00e1 con la participaci\u00f3n de Javiera Galilea creadora de Surgraf, Andrea Zavala del exitoso gin nacional Tepaluma, Charlie De Smet creador e imagen de D&#8217;Olbeck y Francisco Vio creador del Huerto Cuatro Estaciones de Puerto Guadal. Ser\u00e1n quienes desarrollen una amena conversaci\u00f3n comentando an\u00e9cdotas, experiencias buenas y malas dentro de sus distintos emprendimientos.<\/p>\n<p class=\"v1MsoNormal\" style=\"text-align: justify;\">Sobre esta importante cita para emprendedores, Alejandro Allende director del Programa Fpyme Ays\u00e9n destac\u00f3 \u00abEmprender en Ays\u00e9n y lograr una empresa sostenible en el tiempo es particularmente desafiante, y qu\u00e9 mejor que los mismos protagonistas de estas historias nos cuentan de sus aciertos y sus fracasos. La invitaci\u00f3n es a una actividad de conversaci\u00f3n, de interacci\u00f3n, una oportunidad \u00fanica de aprender de las experiencias, en donde adem\u00e1s tendremos sorpresas y regalos\u00bb.<\/p>\n<p class=\"v1MsoNormal\" style=\"text-align: justify;\">Desde CORFO Ays\u00e9n, su Director Regional (S) Fernando Johnson Dur\u00e1n, indic\u00f3 que:\u00a0 \u00abQueremos volver en la medida de lo posible a la normalidad, a trav\u00e9s de las actividades presenciales, es por ello que el equipo de Baquedano 400, que lidera el proyecto Red Fortalece Pyme Ays\u00e9n, ha organizado este conversatorio que contar\u00e1 con empresarias y empresarios regionales que pueden servir de ejemplo y motivar o otros emprendedores y emprendedoras a iniciarse en el mundo del emprendimiento y los negocios, lo cual claramente no es un desaf\u00edo menor. Por otra parte, la tem\u00e1tica de la Digitalizaci\u00f3n de las Pymes, es una prioridad que queremos impulsar para mejorar la competitividad de nuestras empresas, es por ello que invito a todas y todos a inscribirse y participar de este seminario, cuyo \u00e9nfasis estar\u00e1 orientado en este \u00e1mbito\u00bb.<\/p>\n<p class=\"v1MsoNormal\" style=\"text-align: justify;\">Cabe destacar que este interesante conversatorio, tendr\u00e1 cupos limitados y estar\u00e1 sujeto a confirmaci\u00f3n, para lo que quienes deseen inscribirse, lo pueden hacer en el sitio web\u00a0<a href=\"http:\/\/www.fpymeaysen.cl\/\" target=\"_blank\" rel=\"noopener noreferrer\">www.fpymeaysen.cl<\/a>. Visita tambi\u00e9n Facebook; FpymeAys\u00e9n e Instagram; FPyme_Aysen donde encontrar\u00e1s mayor informaci\u00f3n sobre esta y otras actividades.<\/p>\n<\/div>\n<div style=\"text-align: justify;\"><\/div>\n<\/div><\/section><\/div><div  style='height:50px' class='hr hr-invisible   avia-builder-el-6  el_after_av_one_full  el_before_av_social_share '><span class='hr-inner ' ><span class='hr-inner-style'><\/span><\/span><\/div><\/p>\n<div  class='av-social-sharing-box  avia-builder-el-7  el_after_av_hr  el_before_av_hr  '><div class='av-share-box'><h5 class='av-share-link-description av-no-toc '>Compartir esta noticia<\/h5><ul class='av-share-box-list noLightbox'><li class='av-share-link av-social-link-facebook' ><a target=\"_blank\" aria-label=\"Compartir en Facebook\" href='https:\/\/www.facebook.com\/sharer.php?u=https:\/\/radiorevelacionfm.cl\/?p=20523&#038;t=Pymes%20de%20Ays%C3%A9n%20se%20reunir%C3%A1n%20en%20conversatorio%20de%20Digitalizaci%C3%B3n%20Regional%20este%20pr%C3%B3ximo%2018%20de%20agosto' aria-hidden='false' data-av_icon='\ue8f3' data-av_iconfont='entypo-fontello' title='' data-avia-related-tooltip='Compartir en Facebook' rel=\"noopener\"><span class='avia_hidden_link_text'>Compartir en Facebook<\/span><\/a><\/li><li class='av-share-link av-social-link-twitter' ><a target=\"_blank\" aria-label=\"Compartir en Twitter\" href='https:\/\/twitter.com\/share?text=Pymes%20de%20Ays%C3%A9n%20se%20reunir%C3%A1n%20en%20conversatorio%20de%20Digitalizaci%C3%B3n%20Regional%20este%20pr%C3%B3ximo%2018%20de%20agosto&#038;url=https:\/\/radiorevelacionfm.cl\/?p=20523' aria-hidden='false' data-av_icon='\ue8f1' data-av_iconfont='entypo-fontello' title='' data-avia-related-tooltip='Compartir en Twitter' rel=\"noopener\"><span class='avia_hidden_link_text'>Compartir en Twitter<\/span><\/a><\/li><li class='av-share-link av-social-link-whatsapp' ><a target=\"_blank\" aria-label=\"Compartir en Whatsapp\" href='https:\/\/api.whatsapp.com\/send?text=https:\/\/radiorevelacionfm.cl\/?p=20523' aria-hidden='false' data-av_icon='\uf232' data-av_iconfont='entypo-fontello' title='' data-avia-related-tooltip='Compartir en Whatsapp' rel=\"noopener\"><span class='avia_hidden_link_text'>Compartir en Whatsapp<\/span><\/a><\/li><li class='av-share-link av-social-link-linkedin' ><a target=\"_blank\" aria-label=\"Compartir en LinkedIn\" href='https:\/\/linkedin.com\/shareArticle?mini=true&#038;title=Pymes%20de%20Ays%C3%A9n%20se%20reunir%C3%A1n%20en%20conversatorio%20de%20Digitalizaci%C3%B3n%20Regional%20este%20pr%C3%B3ximo%2018%20de%20agosto&#038;url=https:\/\/radiorevelacionfm.cl\/?p=20523' aria-hidden='false' data-av_icon='\ue8fc' data-av_iconfont='entypo-fontello' title='' data-avia-related-tooltip='Compartir en LinkedIn' rel=\"noopener\"><span class='avia_hidden_link_text'>Compartir en LinkedIn<\/span><\/a><\/li><li class='av-share-link av-social-link-mail' ><a  aria-label=\"Compartir por correo\" href='mailto:?subject=Pymes%20de%20Ays%C3%A9n%20se%20reunir%C3%A1n%20en%20conversatorio%20de%20Digitalizaci%C3%B3n%20Regional%20este%20pr%C3%B3ximo%2018%20de%20agosto&#038;body=https:\/\/radiorevelacionfm.cl\/?p=20523' aria-hidden='false' data-av_icon='\ue805' data-av_iconfont='entypo-fontello' title='' data-avia-related-tooltip='Compartir por correo'><span class='avia_hidden_link_text'>Compartir por correo<\/span><\/a><\/li><\/ul><\/div><\/div>\n<div  style='height:50px' class='hr hr-invisible   avia-builder-el-8  el_after_av_social_share  el_before_av_comments_list '><span class='hr-inner ' ><span class='hr-inner-style'><\/span><\/span><\/div>\n<div  class='av-buildercomment  av-blog-meta-html-info-disabled av-blog-meta-tag-disabled  '><\/div>\n","protected":false},"excerpt":{"rendered":"","protected":false},"author":1,"featured_media":20524,"comment_status":"open","ping_status":"open","sticky":false,"template":"","format":"standard","meta":{"footnotes":""},"categories":[38],"tags":[],"class_list":["post-20523","post","type-post","status-publish","format-standard","has-post-thumbnail","hentry","category-regional"],"jetpack_featured_media_url":"https:\/\/radiorevelacionfm.cl\/wp-content\/uploads\/2022\/08\/casos-de-Exito1-1_optimized-1.jpg","_links":{"self":[{"href":"https:\/\/radiorevelacionfm.cl\/index.php?rest_route=\/wp\/v2\/posts\/20523","targetHints":{"allow":["GET"]}}],"collection":[{"href":"https:\/\/radiorevelacionfm.cl\/index.php?rest_route=\/wp\/v2\/posts"}],"about":[{"href":"https:\/\/radiorevelacionfm.cl\/index.php?rest_route=\/wp\/v2\/types\/post"}],"author":[{"embeddable":true,"href":"https:\/\/radiorevelacionfm.cl\/index.php?rest_route=\/wp\/v2\/users\/1"}],"replies":[{"embeddable":true,"href":"https:\/\/radiorevelacionfm.cl\/index.php?rest_route=%2Fwp%2Fv2%2Fcomments&post=20523"}],"version-history":[{"count":2,"href":"https:\/\/radiorevelacionfm.cl\/index.php?rest_route=\/wp\/v2\/posts\/20523\/revisions"}],"predecessor-version":[{"id":20529,"href":"https:\/\/radiorevelacionfm.cl\/index.php?rest_route=\/wp\/v2\/posts\/20523\/revisions\/20529"}],"wp:featuredmedia":[{"embeddable":true,"href":"https:\/\/radiorevelacionfm.cl\/index.php?rest_route=\/wp\/v2\/media\/20524"}],"wp:attachment":[{"href":"https:\/\/radiorevelacionfm.cl\/index.php?rest_route=%2Fwp%2Fv2%2Fmedia&parent=20523"}],"wp:term":[{"taxonomy":"category","embeddable":true,"href":"https:\/\/radiorevelacionfm.cl\/index.php?rest_route=%2Fwp%2Fv2%2Fcategories&post=20523"},{"taxonomy":"post_tag","embeddable":true,"href":"https:\/\/radiorevelacionfm.cl\/index.php?rest_route=%2Fwp%2Fv2%2Ftags&post=20523"}],"curies":[{"name":"wp","href":"https:\/\/api.w.org\/{rel}","templated":true}]}}