{"id":20519,"date":"2022-08-15T19:06:47","date_gmt":"2022-08-15T22:06:47","guid":{"rendered":"https:\/\/radiorevelacionfm.cl\/?p=20519"},"modified":"2022-08-15T19:06:47","modified_gmt":"2022-08-15T22:06:47","slug":"con-impecable-desfile-la-junta-celebro-aniversario-n59","status":"publish","type":"post","link":"https:\/\/radiorevelacionfm.cl\/?p=20519","title":{"rendered":"Con impecable desfile La Junta celebr\u00f3 aniversario N\u00b059"},"content":{"rendered":"<div class=\"flex_column av_one_full  flex_column_div av-zero-column-padding first  avia-builder-el-0  el_before_av_one_full  avia-builder-el-first  \" style='border-radius:0px; '><div  class='avia-image-container  av-styling-    avia-builder-el-1  avia-builder-el-no-sibling  avia-align-center '  itemprop=\"image\" itemscope=\"itemscope\" itemtype=\"https:\/\/schema.org\/ImageObject\"  ><div class='avia-image-container-inner'><div class='avia-image-overlay-wrap'><img decoding=\"async\" class='wp-image-20520 avia-img-lazy-loading-not-20520 avia_image' src=\"https:\/\/radiorevelacionfm.cl\/wp-content\/uploads\/2022\/08\/ANIVERSARIO-LA-JUNTA-12-1-1.jpg\" alt='' title='ANIVERSARIO LA JUNTA 12 (1) (1)' height=\"600\" width=\"1248\"  itemprop=\"thumbnailUrl\" srcset=\"https:\/\/radiorevelacionfm.cl\/wp-content\/uploads\/2022\/08\/ANIVERSARIO-LA-JUNTA-12-1-1.jpg 1248w, https:\/\/radiorevelacionfm.cl\/wp-content\/uploads\/2022\/08\/ANIVERSARIO-LA-JUNTA-12-1-1-300x144.jpg 300w, https:\/\/radiorevelacionfm.cl\/wp-content\/uploads\/2022\/08\/ANIVERSARIO-LA-JUNTA-12-1-1-1030x495.jpg 1030w, https:\/\/radiorevelacionfm.cl\/wp-content\/uploads\/2022\/08\/ANIVERSARIO-LA-JUNTA-12-1-1-768x369.jpg 768w, https:\/\/radiorevelacionfm.cl\/wp-content\/uploads\/2022\/08\/ANIVERSARIO-LA-JUNTA-12-1-1-705x339.jpg 705w, https:\/\/radiorevelacionfm.cl\/wp-content\/uploads\/2022\/08\/ANIVERSARIO-LA-JUNTA-12-1-1-600x288.jpg 600w\" sizes=\"(max-width: 1248px) 100vw, 1248px\" \/><\/div><\/div><\/div><\/div><div class=\"flex_column av_one_full  flex_column_div av-zero-column-padding first  avia-builder-el-2  el_after_av_one_full  el_before_av_one_full  column-top-margin\" style='border-radius:0px; '><section class=\"av_textblock_section \"  itemscope=\"itemscope\" itemtype=\"https:\/\/schema.org\/BlogPosting\" itemprop=\"blogPost\" ><div class='avia_textblock  '   itemprop=\"text\" ><p style=\"text-align: center;\"><strong><span style=\"font-size: 18pt;\">Con impecable desfile La Junta celebr\u00f3 aniversario N\u00b059<\/span><\/strong><\/p>\n<div id=\"gtx-trans\" style=\"position: absolute; left: -50px; top: 4.31534px;\">\n<div class=\"gtx-trans-icon\"><\/div>\n<\/div>\n<\/div><\/section><\/div><div class=\"flex_column av_one_full  flex_column_div av-zero-column-padding first  avia-builder-el-4  el_after_av_one_full  el_before_av_hr  column-top-margin\" style='border-radius:0px; '><section class=\"av_textblock_section \"  itemscope=\"itemscope\" itemtype=\"https:\/\/schema.org\/BlogPosting\" itemprop=\"blogPost\" ><div class='avia_textblock  '   itemprop=\"text\" ><p style=\"text-align: justify;\">Las condiciones clim\u00e1ticas adversas no fueron impedimento para que, en el sector de la plaza de la localidad, se realizara el desfile por el Aniversario N\u00b0 59 de La Junta, entrada norte a la regi\u00f3n de Ays\u00e9n y parte de la comuna de Cisnes.<\/p>\n<p style=\"text-align: justify;\">En este actividad c\u00edvico &#8211; militar, participaron diversas autoridades e instituciones, instancia que fue presidida por el Alcalde Francisco Roncagliolo Lepio, Ej\u00e9rcito, Carabineros de Chile, Segunda Compa\u00f1\u00eda de Bomberos de La Junta, Agrupaci\u00f3n Adulto Mayor Rosselot, Agrupaci\u00f3n Artesanal Ra\u00edces, personal del Cesfam La Junta, Jard\u00edn Infantil Rayito de Sol, Escuela Eusebio Ibar, Indap, Conaf, Agrupaci\u00f3n Folcl\u00f3rica Austral, Club de Rodeo, y funcionarios municipales de la Delegaci\u00f3n. Adem\u00e1s, se hizo presente la Banda Instrumental de Puerto Cisnes, quienes fueron invitados para ser parte de este desfile.<\/p>\n<p style=\"text-align: justify;\">\u201cComo comuna de Cisnes, queremos saludar a La Junta en estos 59 a\u00f1os de aniversario, se realiz\u00f3 este desfile c\u00edvico \u2013 militar, en la cual, queremos agradecer a todas las fuerzas armadas y de orden por estar siempre acompa\u00f1\u00e1ndonos como comuna, a las organizaciones sociales que estuvieron en el desfile, a la junta de vecinos que organiz\u00f3 en conjunto con el municipio este proceso, a nuestros Concejales tambi\u00e9n, que en conjunto aprobaron los recursos para que esto se pudiera llevar adelante. Estos son 59 a\u00f1os de reconocimiento a la historia de una localidad tan importante para nosotros, por ser la puerta de entrada a la regi\u00f3n de Ays\u00e9n, por ello, destacar a todas las familias que han hecho patria, que han formado familia y que nos han hecho crecer\u201d, manifest\u00f3 el Alcalde Francisco Roncagliolo.<\/p>\n<p style=\"text-align: justify;\">Por su parte, el Teniente Coronel Daniel Ahumada, segundo comandante del Regimiento N\u00b08 Chilo\u00e9, puso en valor la actividad realizada para destacar el aniversario de La Junta. \u201cPara nosotros como Ejercito de Chile, es un honor haber participado en este nuevo aniversario de la localidad de La Junta en sus 59 a\u00f1os. Nosotros les deseamos el mejor de los \u00e9xitos a la comunidad, sigan contribuyendo con hacer patria en este lugar tan alejado dentro de nuestro pa\u00eds y seguiremos apoy\u00e1ndolos de la mejor forma posible como Ejercito de Chile\u201d.<\/p>\n<p style=\"text-align: justify;\">El Concejal, Cristian Jaramillo, destac\u00f3 tambi\u00e9n el impecable desfile realizado en homenaje al aniversario de La Junta. \u201cEn este 59 aniversario de La Junta, muy contento de haber participado en esta actividad del desfile c\u00edvico \u2013 militar, agradecer a las fuerzas armadas que nos acompa\u00f1aron, a las organizaciones comunitarias que se hicieron presente a pesar del clima que fue un poco adverso, pero igual estuvieron presente\u201d.<\/p>\n<p style=\"text-align: justify;\">Contenta con el desarrollo de diversas actividades para festejar los 59 a\u00f1os del \u201cpueblo del encuentro\u201d, se mostr\u00f3 la presidenta de la junta de vecinos, Keomara Rubio. \u201cEn estos 59 a\u00f1os de aniversario de nuestro pueblo, lo estamos celebrando de una manera muy bonita, el desfile estuvo muy lindo\u201d.<\/p>\n<p style=\"text-align: justify;\">Adem\u00e1s, el aniversario de la localidad, consider\u00f3 una serie de actividades para toda la ciudadan\u00eda, jornadas recreativas y de encuentro en estos 59 a\u00f1os de La Junta.<\/p>\n<\/div><\/section><\/div><div  style='height:50px' class='hr hr-invisible   avia-builder-el-6  el_after_av_one_full  el_before_av_social_share '><span class='hr-inner ' ><span class='hr-inner-style'><\/span><\/span><\/div><\/p>\n<div  class='av-social-sharing-box  avia-builder-el-7  el_after_av_hr  el_before_av_hr  '><div class='av-share-box'><h5 class='av-share-link-description av-no-toc '>Compartir esta noticia<\/h5><ul class='av-share-box-list noLightbox'><li class='av-share-link av-social-link-facebook' ><a target=\"_blank\" aria-label=\"Compartir en Facebook\" href='https:\/\/www.facebook.com\/sharer.php?u=https:\/\/radiorevelacionfm.cl\/?p=20519&#038;t=Con%20impecable%20desfile%20La%20Junta%20celebr%C3%B3%20aniversario%20N%C2%B059' aria-hidden='false' data-av_icon='\ue8f3' data-av_iconfont='entypo-fontello' title='' data-avia-related-tooltip='Compartir en Facebook' rel=\"noopener\"><span class='avia_hidden_link_text'>Compartir en Facebook<\/span><\/a><\/li><li class='av-share-link av-social-link-twitter' ><a target=\"_blank\" aria-label=\"Compartir en Twitter\" href='https:\/\/twitter.com\/share?text=Con%20impecable%20desfile%20La%20Junta%20celebr%C3%B3%20aniversario%20N%C2%B059&#038;url=https:\/\/radiorevelacionfm.cl\/?p=20519' aria-hidden='false' data-av_icon='\ue8f1' data-av_iconfont='entypo-fontello' title='' data-avia-related-tooltip='Compartir en Twitter' rel=\"noopener\"><span class='avia_hidden_link_text'>Compartir en Twitter<\/span><\/a><\/li><li class='av-share-link av-social-link-whatsapp' ><a target=\"_blank\" aria-label=\"Compartir en Whatsapp\" href='https:\/\/api.whatsapp.com\/send?text=https:\/\/radiorevelacionfm.cl\/?p=20519' aria-hidden='false' data-av_icon='\uf232' data-av_iconfont='entypo-fontello' title='' data-avia-related-tooltip='Compartir en Whatsapp' rel=\"noopener\"><span class='avia_hidden_link_text'>Compartir en Whatsapp<\/span><\/a><\/li><li class='av-share-link av-social-link-linkedin' ><a target=\"_blank\" aria-label=\"Compartir en LinkedIn\" href='https:\/\/linkedin.com\/shareArticle?mini=true&#038;title=Con%20impecable%20desfile%20La%20Junta%20celebr%C3%B3%20aniversario%20N%C2%B059&#038;url=https:\/\/radiorevelacionfm.cl\/?p=20519' aria-hidden='false' data-av_icon='\ue8fc' data-av_iconfont='entypo-fontello' title='' data-avia-related-tooltip='Compartir en LinkedIn' rel=\"noopener\"><span class='avia_hidden_link_text'>Compartir en LinkedIn<\/span><\/a><\/li><li class='av-share-link av-social-link-mail' ><a  aria-label=\"Compartir por correo\" href='mailto:?subject=Con%20impecable%20desfile%20La%20Junta%20celebr%C3%B3%20aniversario%20N%C2%B059&#038;body=https:\/\/radiorevelacionfm.cl\/?p=20519' aria-hidden='false' data-av_icon='\ue805' data-av_iconfont='entypo-fontello' title='' data-avia-related-tooltip='Compartir por correo'><span class='avia_hidden_link_text'>Compartir por correo<\/span><\/a><\/li><\/ul><\/div><\/div>\n<div  style='height:50px' class='hr hr-invisible   avia-builder-el-8  el_after_av_social_share  el_before_av_comments_list '><span class='hr-inner ' ><span class='hr-inner-style'><\/span><\/span><\/div>\n<div  class='av-buildercomment  av-blog-meta-html-info-disabled av-blog-meta-tag-disabled  '><\/div>\n","protected":false},"excerpt":{"rendered":"","protected":false},"author":1,"featured_media":20520,"comment_status":"open","ping_status":"open","sticky":false,"template":"","format":"standard","meta":{"footnotes":""},"categories":[38],"tags":[],"class_list":["post-20519","post","type-post","status-publish","format-standard","has-post-thumbnail","hentry","category-regional"],"jetpack_featured_media_url":"https:\/\/radiorevelacionfm.cl\/wp-content\/uploads\/2022\/08\/ANIVERSARIO-LA-JUNTA-12-1-1.jpg","_links":{"self":[{"href":"https:\/\/radiorevelacionfm.cl\/index.php?rest_route=\/wp\/v2\/posts\/20519","targetHints":{"allow":["GET"]}}],"collection":[{"href":"https:\/\/radiorevelacionfm.cl\/index.php?rest_route=\/wp\/v2\/posts"}],"about":[{"href":"https:\/\/radiorevelacionfm.cl\/index.php?rest_route=\/wp\/v2\/types\/post"}],"author":[{"embeddable":true,"href":"https:\/\/radiorevelacionfm.cl\/index.php?rest_route=\/wp\/v2\/users\/1"}],"replies":[{"embeddable":true,"href":"https:\/\/radiorevelacionfm.cl\/index.php?rest_route=%2Fwp%2Fv2%2Fcomments&post=20519"}],"version-history":[{"count":2,"href":"https:\/\/radiorevelacionfm.cl\/index.php?rest_route=\/wp\/v2\/posts\/20519\/revisions"}],"predecessor-version":[{"id":20522,"href":"https:\/\/radiorevelacionfm.cl\/index.php?rest_route=\/wp\/v2\/posts\/20519\/revisions\/20522"}],"wp:featuredmedia":[{"embeddable":true,"href":"https:\/\/radiorevelacionfm.cl\/index.php?rest_route=\/wp\/v2\/media\/20520"}],"wp:attachment":[{"href":"https:\/\/radiorevelacionfm.cl\/index.php?rest_route=%2Fwp%2Fv2%2Fmedia&parent=20519"}],"wp:term":[{"taxonomy":"category","embeddable":true,"href":"https:\/\/radiorevelacionfm.cl\/index.php?rest_route=%2Fwp%2Fv2%2Fcategories&post=20519"},{"taxonomy":"post_tag","embeddable":true,"href":"https:\/\/radiorevelacionfm.cl\/index.php?rest_route=%2Fwp%2Fv2%2Ftags&post=20519"}],"curies":[{"name":"wp","href":"https:\/\/api.w.org\/{rel}","templated":true}]}}