{"id":20512,"date":"2022-08-15T16:29:54","date_gmt":"2022-08-15T19:29:54","guid":{"rendered":"https:\/\/radiorevelacionfm.cl\/?p=20512"},"modified":"2022-08-15T16:29:54","modified_gmt":"2022-08-15T19:29:54","slug":"carabineros-instaura-plan-centauro-para-reforzar-servicios-preventivos","status":"publish","type":"post","link":"https:\/\/radiorevelacionfm.cl\/?p=20512","title":{"rendered":"Carabineros instaura Plan Centauro para reforzar servicios preventivos"},"content":{"rendered":"<div class=\"flex_column av_one_full  flex_column_div av-zero-column-padding first  avia-builder-el-0  el_before_av_one_full  avia-builder-el-first  \" style='border-radius:0px; '><div  class='avia-image-container  av-styling-    avia-builder-el-1  avia-builder-el-no-sibling  avia-align-center '  itemprop=\"image\" itemscope=\"itemscope\" itemtype=\"https:\/\/schema.org\/ImageObject\"  ><div class='avia-image-container-inner'><div class='avia-image-overlay-wrap'><img decoding=\"async\" class='wp-image-20513 avia-img-lazy-loading-not-20513 avia_image' src=\"https:\/\/radiorevelacionfm.cl\/wp-content\/uploads\/2022\/08\/Rodrigo-Araya-Morales-Carabineros-1-1.jpeg\" alt='' title='Rodrigo Araya Morales Carabineros (1) (1)' height=\"600\" width=\"900\"  itemprop=\"thumbnailUrl\" srcset=\"https:\/\/radiorevelacionfm.cl\/wp-content\/uploads\/2022\/08\/Rodrigo-Araya-Morales-Carabineros-1-1.jpeg 900w, https:\/\/radiorevelacionfm.cl\/wp-content\/uploads\/2022\/08\/Rodrigo-Araya-Morales-Carabineros-1-1-300x200.jpeg 300w, https:\/\/radiorevelacionfm.cl\/wp-content\/uploads\/2022\/08\/Rodrigo-Araya-Morales-Carabineros-1-1-768x512.jpeg 768w, https:\/\/radiorevelacionfm.cl\/wp-content\/uploads\/2022\/08\/Rodrigo-Araya-Morales-Carabineros-1-1-705x470.jpeg 705w, https:\/\/radiorevelacionfm.cl\/wp-content\/uploads\/2022\/08\/Rodrigo-Araya-Morales-Carabineros-1-1-600x400.jpeg 600w\" sizes=\"(max-width: 900px) 100vw, 900px\" \/><\/div><\/div><\/div><\/div><div class=\"flex_column av_one_full  flex_column_div av-zero-column-padding first  avia-builder-el-2  el_after_av_one_full  el_before_av_one_full  column-top-margin\" style='border-radius:0px; '><section class=\"av_textblock_section \"  itemscope=\"itemscope\" itemtype=\"https:\/\/schema.org\/BlogPosting\" itemprop=\"blogPost\" ><div class='avia_textblock  '   itemprop=\"text\" ><p style=\"text-align: center;\"><span style=\"font-size: 18pt;\"><b><span lang=\"ES\">Carabineros instaura Plan Centauro para reforzar servicios preventivos<\/span><\/b><\/span><\/p>\n<div id=\"gtx-trans\" style=\"position: absolute; left: -50px; top: 4.31534px;\">\n<div class=\"gtx-trans-icon\"><\/div>\n<\/div>\n<\/div><\/section><\/div><div class=\"flex_column av_one_full  flex_column_div av-zero-column-padding first  avia-builder-el-4  el_after_av_one_full  el_before_av_hr  column-top-margin\" style='border-radius:0px; '><section class=\"av_textblock_section \"  itemscope=\"itemscope\" itemtype=\"https:\/\/schema.org\/BlogPosting\" itemprop=\"blogPost\" ><div class='avia_textblock  '   itemprop=\"text\" ><p style=\"font-weight: 400; text-align: justify;\">Con el objetivo de otorgar mayores niveles de seguridad a la poblaci\u00f3n, Carabineros instaur\u00f3 este fin de semana el Plan Centauro en Coyhaique, Puerto Ays\u00e9n, Chile Chico y Cochrane, en apoyo de las funciones preventivas que se desarrollan a trav\u00e9s del Plan Cuadrante.<\/p>\n<p style=\"font-weight: 400; text-align: justify;\">El Delegado Presidencial Regional, Rodrigo Araya, el Coordinador de Seguridad P\u00fablica, Crist\u00f3bal Barcel\u00f3, y el Jefe de la XI Zona de Carabineros, General Hugo Zenteno encabezaron el despliegue policial, compuesto por efectivos apoyados por motos todo terreno, carros policiales y personal del Servicio Nacional para la Prevenci\u00f3n y Rehabilitaci\u00f3n del Consumo de Drogas y Alcohol (Senda).<\/p>\n<p style=\"font-weight: 400; text-align: justify;\">Rodrigo Araya destac\u00f3 la importancia del escuadr\u00f3n de intervenci\u00f3n en apoyo al Plan Cuadrante de Seguridad Preventiva conocido como Centauro, por la entrega de apoyo espec\u00edfico a las unidades territoriales en el control y evoluci\u00f3n de las demandas policiales.<\/p>\n<p style=\"font-weight: 400; text-align: justify;\">\u201cEsto es una actividad que se est\u00e1 haciendo a nivel nacional y es parte de la estrategia que Carabineros y nuestro Gobierno ha decidido implementar, para asegurar y dar certezas a la comunidad de que estamos trabajando en pro de la seguridad p\u00fablica. La seguridad es un tema tremendamente importante y ver a Carabineros presente en las calles, nos da confianza de que nos est\u00e1n protegiendo y eso es muy bien recibido por todos nosotros\u201d, recalc\u00f3.<\/p>\n<p style=\"font-weight: 400; text-align: justify;\">El General Hugo Zenteno agreg\u00f3 que los servicios policiales implican reforzar los servicios policiales, potenciando el patrullaje preventivo como tambi\u00e9n la acci\u00f3n en casos de delitos flagrantes, sobre todo, en los barrios prioritarios.<\/p>\n<p style=\"font-weight: 400; text-align: justify;\">\u201cEl Plan Centauro implica un grupo de carabineros que van a apoyar nuestra prevenci\u00f3n, especialmente en los lugares que ya est\u00e1n priorizados, de acuerdo a los an\u00e1lisis delictuales, de acuerdo a nuestra oficina de operaciones, y que va en directo beneficio de la comunidad. Solamente decir a la comunidad, que si aprecian bastante movimiento es a ra\u00edz de que estamos siempre preocupados por la tranquilidad y seguridad de todas las personas\u201d, expres\u00f3 el General Zenteno.<\/p>\n<p style=\"font-weight: 400; text-align: justify;\">Por su parte, Crist\u00f3bal Barcel\u00f3 reiter\u00f3 el valor del trabajo mancomunado para prevenir y atender con efectividad las necesidades de seguridad de las comunidades en la regi\u00f3n.<\/p>\n<p style=\"font-weight: 400; text-align: justify;\">\u201cEste Plan, adem\u00e1s, se est\u00e1 efectuando en las otras comisar\u00edas de nuestra regi\u00f3n: Puerto Ays\u00e9n, Cochrane y Chile Chico. Desde la Subsecretar\u00eda de Prevenci\u00f3n del Delito respaldamos la funci\u00f3n de Carabineros, estamos trabajando continuamente con ellos en distintas mesas y actividades, siempre preocupados en generar mayores instancias que puedan prevenir la delincuencia y los delitos\u201d, concluy\u00f3.<\/p>\n<p style=\"font-weight: 400; text-align: justify;\">El escuadr\u00f3n de intervenci\u00f3n en apoyo al Plan Cuadrante de Seguridad Preventiva conocido como Centauro fue creado en la Regi\u00f3n Metropolitana, con el objetivo de apoyar a las unidades territoriales en el control y evoluci\u00f3n de las demandas policiales.<\/p>\n<p style=\"font-weight: 400; text-align: justify;\">Con motivo del fin de semana largo, en el caso de Coyhaique, se consider\u00f3 tambi\u00e9n los servicios policiales Ronda y Ruta Segura, apoyado por personal de Senda, con la finalidad de prevenir infracciones y brindar seguridad a la comunidad.<\/p>\n<\/div><\/section><\/div><div  style='height:50px' class='hr hr-invisible   avia-builder-el-6  el_after_av_one_full  el_before_av_social_share '><span class='hr-inner ' ><span class='hr-inner-style'><\/span><\/span><\/div><\/p>\n<div  class='av-social-sharing-box  avia-builder-el-7  el_after_av_hr  el_before_av_hr  '><div class='av-share-box'><h5 class='av-share-link-description av-no-toc '>Compartir esta noticia<\/h5><ul class='av-share-box-list noLightbox'><li class='av-share-link av-social-link-facebook' ><a target=\"_blank\" aria-label=\"Compartir en Facebook\" href='https:\/\/www.facebook.com\/sharer.php?u=https:\/\/radiorevelacionfm.cl\/?p=20512&#038;t=Carabineros%20instaura%20Plan%20Centauro%20para%20reforzar%20servicios%20preventivos' aria-hidden='false' data-av_icon='\ue8f3' data-av_iconfont='entypo-fontello' title='' data-avia-related-tooltip='Compartir en Facebook' rel=\"noopener\"><span class='avia_hidden_link_text'>Compartir en Facebook<\/span><\/a><\/li><li class='av-share-link av-social-link-twitter' ><a target=\"_blank\" aria-label=\"Compartir en Twitter\" href='https:\/\/twitter.com\/share?text=Carabineros%20instaura%20Plan%20Centauro%20para%20reforzar%20servicios%20preventivos&#038;url=https:\/\/radiorevelacionfm.cl\/?p=20512' aria-hidden='false' data-av_icon='\ue8f1' data-av_iconfont='entypo-fontello' title='' data-avia-related-tooltip='Compartir en Twitter' rel=\"noopener\"><span class='avia_hidden_link_text'>Compartir en Twitter<\/span><\/a><\/li><li class='av-share-link av-social-link-whatsapp' ><a target=\"_blank\" aria-label=\"Compartir en Whatsapp\" href='https:\/\/api.whatsapp.com\/send?text=https:\/\/radiorevelacionfm.cl\/?p=20512' aria-hidden='false' data-av_icon='\uf232' data-av_iconfont='entypo-fontello' title='' data-avia-related-tooltip='Compartir en Whatsapp' rel=\"noopener\"><span class='avia_hidden_link_text'>Compartir en Whatsapp<\/span><\/a><\/li><li class='av-share-link av-social-link-linkedin' ><a target=\"_blank\" aria-label=\"Compartir en LinkedIn\" href='https:\/\/linkedin.com\/shareArticle?mini=true&#038;title=Carabineros%20instaura%20Plan%20Centauro%20para%20reforzar%20servicios%20preventivos&#038;url=https:\/\/radiorevelacionfm.cl\/?p=20512' aria-hidden='false' data-av_icon='\ue8fc' data-av_iconfont='entypo-fontello' title='' data-avia-related-tooltip='Compartir en LinkedIn' rel=\"noopener\"><span class='avia_hidden_link_text'>Compartir en LinkedIn<\/span><\/a><\/li><li class='av-share-link av-social-link-mail' ><a  aria-label=\"Compartir por correo\" href='mailto:?subject=Carabineros%20instaura%20Plan%20Centauro%20para%20reforzar%20servicios%20preventivos&#038;body=https:\/\/radiorevelacionfm.cl\/?p=20512' aria-hidden='false' data-av_icon='\ue805' data-av_iconfont='entypo-fontello' title='' data-avia-related-tooltip='Compartir por correo'><span class='avia_hidden_link_text'>Compartir por correo<\/span><\/a><\/li><\/ul><\/div><\/div>\n<div  style='height:50px' class='hr hr-invisible   avia-builder-el-8  el_after_av_social_share  el_before_av_comments_list '><span class='hr-inner ' ><span class='hr-inner-style'><\/span><\/span><\/div>\n<div  class='av-buildercomment  av-blog-meta-html-info-disabled av-blog-meta-tag-disabled  '><\/div>\n","protected":false},"excerpt":{"rendered":"","protected":false},"author":1,"featured_media":20513,"comment_status":"open","ping_status":"open","sticky":false,"template":"","format":"standard","meta":{"footnotes":""},"categories":[36],"tags":[],"class_list":["post-20512","post","type-post","status-publish","format-standard","has-post-thumbnail","hentry","category-policial"],"jetpack_featured_media_url":"https:\/\/radiorevelacionfm.cl\/wp-content\/uploads\/2022\/08\/Rodrigo-Araya-Morales-Carabineros-1-1.jpeg","_links":{"self":[{"href":"https:\/\/radiorevelacionfm.cl\/index.php?rest_route=\/wp\/v2\/posts\/20512","targetHints":{"allow":["GET"]}}],"collection":[{"href":"https:\/\/radiorevelacionfm.cl\/index.php?rest_route=\/wp\/v2\/posts"}],"about":[{"href":"https:\/\/radiorevelacionfm.cl\/index.php?rest_route=\/wp\/v2\/types\/post"}],"author":[{"embeddable":true,"href":"https:\/\/radiorevelacionfm.cl\/index.php?rest_route=\/wp\/v2\/users\/1"}],"replies":[{"embeddable":true,"href":"https:\/\/radiorevelacionfm.cl\/index.php?rest_route=%2Fwp%2Fv2%2Fcomments&post=20512"}],"version-history":[{"count":2,"href":"https:\/\/radiorevelacionfm.cl\/index.php?rest_route=\/wp\/v2\/posts\/20512\/revisions"}],"predecessor-version":[{"id":20515,"href":"https:\/\/radiorevelacionfm.cl\/index.php?rest_route=\/wp\/v2\/posts\/20512\/revisions\/20515"}],"wp:featuredmedia":[{"embeddable":true,"href":"https:\/\/radiorevelacionfm.cl\/index.php?rest_route=\/wp\/v2\/media\/20513"}],"wp:attachment":[{"href":"https:\/\/radiorevelacionfm.cl\/index.php?rest_route=%2Fwp%2Fv2%2Fmedia&parent=20512"}],"wp:term":[{"taxonomy":"category","embeddable":true,"href":"https:\/\/radiorevelacionfm.cl\/index.php?rest_route=%2Fwp%2Fv2%2Fcategories&post=20512"},{"taxonomy":"post_tag","embeddable":true,"href":"https:\/\/radiorevelacionfm.cl\/index.php?rest_route=%2Fwp%2Fv2%2Ftags&post=20512"}],"curies":[{"name":"wp","href":"https:\/\/api.w.org\/{rel}","templated":true}]}}