{"id":20509,"date":"2022-08-15T16:07:24","date_gmt":"2022-08-15T19:07:24","guid":{"rendered":"https:\/\/radiorevelacionfm.cl\/?p=20509"},"modified":"2022-08-15T16:07:24","modified_gmt":"2022-08-15T19:07:24","slug":"alcalde-de-chile-chico-critico-licitacion-para-el-subsidio-de-transporte-aereo","status":"publish","type":"post","link":"https:\/\/radiorevelacionfm.cl\/?p=20509","title":{"rendered":"Alcalde de Chile Chico critic\u00f3 licitaci\u00f3n para el subsidio de transporte a\u00e9reo"},"content":{"rendered":"<div class=\"flex_column av_one_full  flex_column_div av-zero-column-padding first  avia-builder-el-0  el_before_av_one_full  avia-builder-el-first  \" style='border-radius:0px; '><div  class='avia-image-container  av-styling-    avia-builder-el-1  avia-builder-el-no-sibling  avia-align-center '  itemprop=\"image\" itemscope=\"itemscope\" itemtype=\"https:\/\/schema.org\/ImageObject\"  ><div class='avia-image-container-inner'><div class='avia-image-overlay-wrap'><img decoding=\"async\" class='wp-image-17844 avia-img-lazy-loading-not-17844 avia_image' src=\"https:\/\/radiorevelacionfm.cl\/wp-content\/uploads\/2022\/06\/aerocord-2-1-1.jpg\" alt='' title='aerocord (2) (1) (1)' height=\"600\" width=\"800\"  itemprop=\"thumbnailUrl\" srcset=\"https:\/\/radiorevelacionfm.cl\/wp-content\/uploads\/2022\/06\/aerocord-2-1-1.jpg 800w, https:\/\/radiorevelacionfm.cl\/wp-content\/uploads\/2022\/06\/aerocord-2-1-1-300x225.jpg 300w, https:\/\/radiorevelacionfm.cl\/wp-content\/uploads\/2022\/06\/aerocord-2-1-1-768x576.jpg 768w, https:\/\/radiorevelacionfm.cl\/wp-content\/uploads\/2022\/06\/aerocord-2-1-1-705x529.jpg 705w, https:\/\/radiorevelacionfm.cl\/wp-content\/uploads\/2022\/06\/aerocord-2-1-1-600x450.jpg 600w\" sizes=\"(max-width: 800px) 100vw, 800px\" \/><\/div><\/div><\/div><\/div><div class=\"flex_column av_one_full  flex_column_div av-zero-column-padding first  avia-builder-el-2  el_after_av_one_full  el_before_av_one_full  column-top-margin\" style='border-radius:0px; '><section class=\"av_textblock_section \"  itemscope=\"itemscope\" itemtype=\"https:\/\/schema.org\/BlogPosting\" itemprop=\"blogPost\" ><div class='avia_textblock  '   itemprop=\"text\" ><p style=\"text-align: center;\"><span style=\"font-size: 18pt;\"><strong>Alcalde de Chile Chico critic\u00f3 licitaci\u00f3n para el subsidio de transporte a\u00e9reo<\/strong><\/span><\/p>\n<div id=\"gtx-trans\" style=\"position: absolute; left: -50px; top: 4.31534px;\">\n<div class=\"gtx-trans-icon\"><\/div>\n<\/div>\n<\/div><\/section><\/div><div class=\"flex_column av_one_full  flex_column_div av-zero-column-padding first  avia-builder-el-4  el_after_av_one_full  el_before_av_hr  column-top-margin\" style='border-radius:0px; '><section class=\"av_textblock_section \"  itemscope=\"itemscope\" itemtype=\"https:\/\/schema.org\/BlogPosting\" itemprop=\"blogPost\" ><div class='avia_textblock  '   itemprop=\"text\" ><p style=\"text-align: justify;\">El alcalde de Chile Chico, Luperciano Mu\u00f1oz, cuestion\u00f3 los requisitos establecidos por la seremi de Transporte para la licitaci\u00f3n del subsidio de trasporte a\u00e9reo, Coyhaique-Chile Chico, en el marco de los problemas de conectividad que enfrenta actualmente la comuna lacustre.<\/p>\n<p style=\"text-align: justify;\">De acuerdo a lo indicado por el jefe comunal \u201cdesde la seremi de Transporte disminuyeron los est\u00e1ndares de calidad, estipulando como nuevo requisito que pueden postular aeronaves con una antig\u00fcedad m\u00e1xima de 1973, cuando anteriormente se solicitaba como m\u00ednimo una data de 1983\u201d.<\/p>\n<p style=\"text-align: justify;\">Es relevante considerar tambi\u00e9n que el valor del combustible se ha reajustado en casi un 90 % entre diciembre 2021 y agosto 2022 y adicionalmente para el mismo periodo la variaci\u00f3n del IPC ha sido de un 9,5%.<\/p>\n<p style=\"text-align: justify;\">\u201cDesde la seremi de transporte no se est\u00e1n reconociendo las variaciones actuales y adem\u00e1s no se est\u00e1 considerando la inflaci\u00f3n y el alza del d\u00f3lar. Frente a este escenario no se pueden mantener los precios de subsidio de un a\u00f1o y medio atr\u00e1s\u201d, agreg\u00f3 Luperciano Mu\u00f1oz.<\/p>\n<p style=\"text-align: justify;\">Seg\u00fan el edil esto tambi\u00e9n implica una disminuci\u00f3n en la cantidad de viajes por semana y adem\u00e1s existe un riesgo en cada viaje con aeronaves tan antiguas, que recordamos transportan personas que requieren el m\u00e1ximo de seguridad en cada vuelo.<\/p>\n<p style=\"text-align: justify;\">Finalmente, Mu\u00f1oz realiz\u00f3 un llamado a las autoridades ha recapacitar sobre este tema para no terminar lamentando alg\u00fan accidente a\u00e9reo, como ocurri\u00f3 el 05 de agosto de este a\u00f1o cuando en el trayecto Coyhaique-Chile Chico una aeronave al no poder bajar su tren de aterrizaje decidi\u00f3 regresar al aer\u00f3dromo Teniente Vidal, debiendo efectuar un aterrizaje forzoso que afortunadamente no tuvo v\u00edctimas fatales.<\/p>\n<\/div><\/section><\/div><div  style='height:50px' class='hr hr-invisible   avia-builder-el-6  el_after_av_one_full  el_before_av_social_share '><span class='hr-inner ' ><span class='hr-inner-style'><\/span><\/span><\/div><\/p>\n<div  class='av-social-sharing-box  avia-builder-el-7  el_after_av_hr  el_before_av_hr  '><div class='av-share-box'><h5 class='av-share-link-description av-no-toc '>Compartir esta noticia<\/h5><ul class='av-share-box-list noLightbox'><li class='av-share-link av-social-link-facebook' ><a target=\"_blank\" aria-label=\"Compartir en Facebook\" href='https:\/\/www.facebook.com\/sharer.php?u=https:\/\/radiorevelacionfm.cl\/?p=20509&#038;t=Alcalde%20de%20Chile%20Chico%20critic%C3%B3%20licitaci%C3%B3n%20para%20el%20subsidio%20de%20transporte%20a%C3%A9reo' aria-hidden='false' data-av_icon='\ue8f3' data-av_iconfont='entypo-fontello' title='' data-avia-related-tooltip='Compartir en Facebook' rel=\"noopener\"><span class='avia_hidden_link_text'>Compartir en Facebook<\/span><\/a><\/li><li class='av-share-link av-social-link-twitter' ><a target=\"_blank\" aria-label=\"Compartir en Twitter\" href='https:\/\/twitter.com\/share?text=Alcalde%20de%20Chile%20Chico%20critic%C3%B3%20licitaci%C3%B3n%20para%20el%20subsidio%20de%20transporte%20a%C3%A9reo&#038;url=https:\/\/radiorevelacionfm.cl\/?p=20509' aria-hidden='false' data-av_icon='\ue8f1' data-av_iconfont='entypo-fontello' title='' data-avia-related-tooltip='Compartir en Twitter' rel=\"noopener\"><span class='avia_hidden_link_text'>Compartir en Twitter<\/span><\/a><\/li><li class='av-share-link av-social-link-whatsapp' ><a target=\"_blank\" aria-label=\"Compartir en Whatsapp\" href='https:\/\/api.whatsapp.com\/send?text=https:\/\/radiorevelacionfm.cl\/?p=20509' aria-hidden='false' data-av_icon='\uf232' data-av_iconfont='entypo-fontello' title='' data-avia-related-tooltip='Compartir en Whatsapp' rel=\"noopener\"><span class='avia_hidden_link_text'>Compartir en Whatsapp<\/span><\/a><\/li><li class='av-share-link av-social-link-linkedin' ><a target=\"_blank\" aria-label=\"Compartir en LinkedIn\" href='https:\/\/linkedin.com\/shareArticle?mini=true&#038;title=Alcalde%20de%20Chile%20Chico%20critic%C3%B3%20licitaci%C3%B3n%20para%20el%20subsidio%20de%20transporte%20a%C3%A9reo&#038;url=https:\/\/radiorevelacionfm.cl\/?p=20509' aria-hidden='false' data-av_icon='\ue8fc' data-av_iconfont='entypo-fontello' title='' data-avia-related-tooltip='Compartir en LinkedIn' rel=\"noopener\"><span class='avia_hidden_link_text'>Compartir en LinkedIn<\/span><\/a><\/li><li class='av-share-link av-social-link-mail' ><a  aria-label=\"Compartir por correo\" href='mailto:?subject=Alcalde%20de%20Chile%20Chico%20critic%C3%B3%20licitaci%C3%B3n%20para%20el%20subsidio%20de%20transporte%20a%C3%A9reo&#038;body=https:\/\/radiorevelacionfm.cl\/?p=20509' aria-hidden='false' data-av_icon='\ue805' data-av_iconfont='entypo-fontello' title='' data-avia-related-tooltip='Compartir por correo'><span class='avia_hidden_link_text'>Compartir por correo<\/span><\/a><\/li><\/ul><\/div><\/div>\n<div  style='height:50px' class='hr hr-invisible   avia-builder-el-8  el_after_av_social_share  el_before_av_comments_list '><span class='hr-inner ' ><span class='hr-inner-style'><\/span><\/span><\/div>\n<div  class='av-buildercomment  av-blog-meta-html-info-disabled av-blog-meta-tag-disabled  '><\/div>\n","protected":false},"excerpt":{"rendered":"","protected":false},"author":1,"featured_media":17844,"comment_status":"open","ping_status":"open","sticky":false,"template":"","format":"standard","meta":{"footnotes":""},"categories":[38],"tags":[],"class_list":["post-20509","post","type-post","status-publish","format-standard","has-post-thumbnail","hentry","category-regional"],"jetpack_featured_media_url":"https:\/\/radiorevelacionfm.cl\/wp-content\/uploads\/2022\/06\/aerocord-2-1-1.jpg","_links":{"self":[{"href":"https:\/\/radiorevelacionfm.cl\/index.php?rest_route=\/wp\/v2\/posts\/20509","targetHints":{"allow":["GET"]}}],"collection":[{"href":"https:\/\/radiorevelacionfm.cl\/index.php?rest_route=\/wp\/v2\/posts"}],"about":[{"href":"https:\/\/radiorevelacionfm.cl\/index.php?rest_route=\/wp\/v2\/types\/post"}],"author":[{"embeddable":true,"href":"https:\/\/radiorevelacionfm.cl\/index.php?rest_route=\/wp\/v2\/users\/1"}],"replies":[{"embeddable":true,"href":"https:\/\/radiorevelacionfm.cl\/index.php?rest_route=%2Fwp%2Fv2%2Fcomments&post=20509"}],"version-history":[{"count":2,"href":"https:\/\/radiorevelacionfm.cl\/index.php?rest_route=\/wp\/v2\/posts\/20509\/revisions"}],"predecessor-version":[{"id":20511,"href":"https:\/\/radiorevelacionfm.cl\/index.php?rest_route=\/wp\/v2\/posts\/20509\/revisions\/20511"}],"wp:featuredmedia":[{"embeddable":true,"href":"https:\/\/radiorevelacionfm.cl\/index.php?rest_route=\/wp\/v2\/media\/17844"}],"wp:attachment":[{"href":"https:\/\/radiorevelacionfm.cl\/index.php?rest_route=%2Fwp%2Fv2%2Fmedia&parent=20509"}],"wp:term":[{"taxonomy":"category","embeddable":true,"href":"https:\/\/radiorevelacionfm.cl\/index.php?rest_route=%2Fwp%2Fv2%2Fcategories&post=20509"},{"taxonomy":"post_tag","embeddable":true,"href":"https:\/\/radiorevelacionfm.cl\/index.php?rest_route=%2Fwp%2Fv2%2Ftags&post=20509"}],"curies":[{"name":"wp","href":"https:\/\/api.w.org\/{rel}","templated":true}]}}