{"id":20505,"date":"2022-08-15T14:04:03","date_gmt":"2022-08-15T17:04:03","guid":{"rendered":"https:\/\/radiorevelacionfm.cl\/?p=20505"},"modified":"2022-08-15T14:04:03","modified_gmt":"2022-08-15T17:04:03","slug":"seis-organizaciones-sociales-de-coyhaique-reciben-recursos-del-fondo-de-fortalecimiento","status":"publish","type":"post","link":"https:\/\/radiorevelacionfm.cl\/?p=20505","title":{"rendered":"Seis organizaciones sociales de Coyhaique reciben recursos del Fondo de Fortalecimiento"},"content":{"rendered":"<div class=\"flex_column av_one_full  flex_column_div av-zero-column-padding first  avia-builder-el-0  el_before_av_one_full  avia-builder-el-first  \" style='border-radius:0px; '><div  class='avia-image-container  av-styling-    avia-builder-el-1  avia-builder-el-no-sibling  avia-align-center '  itemprop=\"image\" itemscope=\"itemscope\" itemtype=\"https:\/\/schema.org\/ImageObject\"  ><div class='avia-image-container-inner'><div class='avia-image-overlay-wrap'><img decoding=\"async\" class='wp-image-20506 avia-img-lazy-loading-not-20506 avia_image' src=\"https:\/\/radiorevelacionfm.cl\/wp-content\/uploads\/2022\/08\/foto-1-23-1-1.jpeg\" alt='' title='foto 1 (23) (1) (1)' height=\"600\" width=\"901\"  itemprop=\"thumbnailUrl\" srcset=\"https:\/\/radiorevelacionfm.cl\/wp-content\/uploads\/2022\/08\/foto-1-23-1-1.jpeg 901w, https:\/\/radiorevelacionfm.cl\/wp-content\/uploads\/2022\/08\/foto-1-23-1-1-300x200.jpeg 300w, https:\/\/radiorevelacionfm.cl\/wp-content\/uploads\/2022\/08\/foto-1-23-1-1-768x511.jpeg 768w, https:\/\/radiorevelacionfm.cl\/wp-content\/uploads\/2022\/08\/foto-1-23-1-1-705x469.jpeg 705w, https:\/\/radiorevelacionfm.cl\/wp-content\/uploads\/2022\/08\/foto-1-23-1-1-600x400.jpeg 600w\" sizes=\"(max-width: 901px) 100vw, 901px\" \/><\/div><\/div><\/div><\/div><div class=\"flex_column av_one_full  flex_column_div av-zero-column-padding first  avia-builder-el-2  el_after_av_one_full  el_before_av_one_full  column-top-margin\" style='border-radius:0px; '><section class=\"av_textblock_section \"  itemscope=\"itemscope\" itemtype=\"https:\/\/schema.org\/BlogPosting\" itemprop=\"blogPost\" ><div class='avia_textblock  '   itemprop=\"text\" ><p style=\"text-align: center;\"><strong><span style=\"font-size: 18pt;\">Seis organizaciones sociales de Coyhaique reciben recursos del Fondo de Fortalecimiento <\/span><\/strong><\/p>\n<div id=\"gtx-trans\" style=\"position: absolute; left: -50px; top: 4.31534px;\">\n<div class=\"gtx-trans-icon\"><\/div>\n<\/div>\n<\/div><\/section><\/div><div class=\"flex_column av_one_full  flex_column_div av-zero-column-padding first  avia-builder-el-4  el_after_av_one_full  el_before_av_hr  column-top-margin\" style='border-radius:0px; '><section class=\"av_textblock_section \"  itemscope=\"itemscope\" itemtype=\"https:\/\/schema.org\/BlogPosting\" itemprop=\"blogPost\" ><div class='avia_textblock  '   itemprop=\"text\" ><p class=\"v1MsoNormal\" style=\"text-align: justify;\">Este jueves, en la oficina de la Secretar\u00eda Regional Ministerial de Gobierno, se llev\u00f3 a cabo una \u00edntima y muy significativa ceremonia en donde se formaliz\u00f3 la transferencia de recursos a seis organizaciones de nuestra regi\u00f3n que se adjudicaron el Fondo de Fortalecimiento del a\u00f1o en curso.<\/p>\n<p class=\"v1MsoNormal\" style=\"text-align: justify;\"><span lang=\"ES-MX\">Se trata de la Agrupaci\u00f3n Cultural de Artesanas Manos Amigas, la Agrupaci\u00f3n cultural Productoras de la Patagonia, la Fundaci\u00f3n Juntos por Ays\u00e9n, JVV Achen, Ampliaci\u00f3n Pablo Neruda, el Club Deportivo \u00c1rbitros Coyhaique Anfa y la Asociaci\u00f3n TeAcompa\u00f1amos.<\/span><\/p>\n<p class=\"v1MsoNormal\" style=\"text-align: justify;\"><span lang=\"ES-MX\">Al respecto, la Seremi de Gobierno, Tatiana Pl\u00e1 \u00c1lvarez se\u00f1al\u00f3: \u00abCoincidiendo con el Mes de la Dirigencia Social, tuvimos la oportunidad de realizar esta ceremonia para entregar recursos del FFOIP a seis organizaciones de Coyhaique, y apoyar la formaci\u00f3n de sus dirigentes y liderezas, pues como hemos dicho en otras oportunidades, ellos y ellas tienen un rol muy importante pues son el nexo entre sus comunidades, la sociedad civil, y el Estado. Nuestra voluntad es que podamos hacer crecer nuestra regi\u00f3n y para ello el trabajo colaborativo, en este caso con los y las dirigentes es muy importante\u00bb.<\/span><\/p>\n<p class=\"v1MsoNormal\" style=\"text-align: justify;\">\u00abDurante las \u00faltimas semanas, y como parte de la Campa\u00f1a Chile Vota Informado, hemos podido reunirnos con numerosas organizaciones de la regi\u00f3n, y hemos comprobado que la cantidad y diversidad de dirigentes sociales es importante. Tenemos adultos mayores, j\u00f3venes, gente que se dedica a trabajar por una mejor calidad de vida, otros al deporte o a temas culturales, y al fortalecer sus capacidades, entreg\u00e1ndoles herramientas, logramos un mayor impacto\u00bb, agreg\u00f3.<\/p>\n<p class=\"v1MsoNormal\" style=\"text-align: justify;\">Cabe se\u00f1alar que al Fondo de Fortalecimiento de Organizaciones de Inter\u00e9s P\u00fablico, pueden postular todas aquellas organizaciones sin fines de lucro que promuevan el inter\u00e9s general, en materia de derechos ciudadanos, asistencia social, educaci\u00f3n, salud, medio ambiente, o cualquier otra de bien com\u00fan y que est\u00e9n inscritas en el Catastro de Organizaciones de Inter\u00e9s P\u00fablico. Entre ellas, organizaciones comunitarias funcionales, juntas de vecinos y uniones comunales, asociaciones y comunidades ind\u00edgenas; y asociaciones de consumidores.<\/p>\n<p class=\"v1MsoNormal\" style=\"text-align: justify;\">\u00abEste a\u00f1o, nos alegra poder decir que el Fondo de Fomento de Organizaciones logr\u00f3 adjudicar un total de 23 proyectos locales por un monto de 40.319.086 y tres proyectos regionales con alcance regional por un monto de 7.298.454, lo que es una buena cifra, y esperamos que cada a\u00f1o vaya creciendo el inter\u00e9s de las organizaciones de nuestra regi\u00f3n por acceder a estos recursos\u00bb, precis\u00f3 la Seremi.<\/p>\n<p class=\"v1MsoNormal\" style=\"text-align: justify;\"><b>Chile Vota Informado en Terreno<\/b><\/p>\n<p class=\"v1MsoNormal\" style=\"text-align: justify;\">Tatiana Pl\u00e1 \u00c1lvarez tambi\u00e9n se\u00f1al\u00f3 que cumpliendo con el mandato de la Contralor\u00eda General de la Rep\u00fablica, la vocer\u00eda en Ays\u00e9n continuar\u00e1 reuni\u00e9ndose durante la semana que comienza con diferentes organizaciones que han solicitado la realizaci\u00f3n del m\u00f3dulo Chile Vota Informado, para que as\u00ed el 4 de septiembre todos puedan votar conociendo la propuesta de la Nueva Constituci\u00f3n.<\/p>\n<p class=\"v1MsoNormal\" style=\"text-align: justify;\">\u00abQueremos agradecer a la comunidad la buena disposici\u00f3n a escuchar y el inter\u00e9s por conocer el texto de la propuesta constitucional. Este fin de semana realizamos entregas ciudadanas, estuvimos en la Feria Las Quintas y en la Feria Libre de Puerto Ays\u00e9n, visitamos El Blanco, y nos reunimos con la JJVV Almirante Simpson. Ma\u00f1ana martes estaremos en Cochrane, y el mi\u00e9rcoles en Guadal, Puerto Bertrand y Puerto Tranquilo, porque queremos que todos voten informados\u00bb, concluy\u00f3.<\/p>\n<\/div><\/section><\/div><div  style='height:50px' class='hr hr-invisible   avia-builder-el-6  el_after_av_one_full  el_before_av_social_share '><span class='hr-inner ' ><span class='hr-inner-style'><\/span><\/span><\/div><\/p>\n<div  class='av-social-sharing-box  avia-builder-el-7  el_after_av_hr  el_before_av_hr  '><div class='av-share-box'><h5 class='av-share-link-description av-no-toc '>Compartir esta noticia<\/h5><ul class='av-share-box-list noLightbox'><li class='av-share-link av-social-link-facebook' ><a target=\"_blank\" aria-label=\"Compartir en Facebook\" href='https:\/\/www.facebook.com\/sharer.php?u=https:\/\/radiorevelacionfm.cl\/?p=20505&#038;t=Seis%20organizaciones%20sociales%20de%20Coyhaique%20reciben%20recursos%20del%20Fondo%20de%20Fortalecimiento' aria-hidden='false' data-av_icon='\ue8f3' data-av_iconfont='entypo-fontello' title='' data-avia-related-tooltip='Compartir en Facebook' rel=\"noopener\"><span class='avia_hidden_link_text'>Compartir en Facebook<\/span><\/a><\/li><li class='av-share-link av-social-link-twitter' ><a target=\"_blank\" aria-label=\"Compartir en Twitter\" href='https:\/\/twitter.com\/share?text=Seis%20organizaciones%20sociales%20de%20Coyhaique%20reciben%20recursos%20del%20Fondo%20de%20Fortalecimiento&#038;url=https:\/\/radiorevelacionfm.cl\/?p=20505' aria-hidden='false' data-av_icon='\ue8f1' data-av_iconfont='entypo-fontello' title='' data-avia-related-tooltip='Compartir en Twitter' rel=\"noopener\"><span class='avia_hidden_link_text'>Compartir en Twitter<\/span><\/a><\/li><li class='av-share-link av-social-link-whatsapp' ><a target=\"_blank\" aria-label=\"Compartir en Whatsapp\" href='https:\/\/api.whatsapp.com\/send?text=https:\/\/radiorevelacionfm.cl\/?p=20505' aria-hidden='false' data-av_icon='\uf232' data-av_iconfont='entypo-fontello' title='' data-avia-related-tooltip='Compartir en Whatsapp' rel=\"noopener\"><span class='avia_hidden_link_text'>Compartir en Whatsapp<\/span><\/a><\/li><li class='av-share-link av-social-link-linkedin' ><a target=\"_blank\" aria-label=\"Compartir en LinkedIn\" href='https:\/\/linkedin.com\/shareArticle?mini=true&#038;title=Seis%20organizaciones%20sociales%20de%20Coyhaique%20reciben%20recursos%20del%20Fondo%20de%20Fortalecimiento&#038;url=https:\/\/radiorevelacionfm.cl\/?p=20505' aria-hidden='false' data-av_icon='\ue8fc' data-av_iconfont='entypo-fontello' title='' data-avia-related-tooltip='Compartir en LinkedIn' rel=\"noopener\"><span class='avia_hidden_link_text'>Compartir en LinkedIn<\/span><\/a><\/li><li class='av-share-link av-social-link-mail' ><a  aria-label=\"Compartir por correo\" href='mailto:?subject=Seis%20organizaciones%20sociales%20de%20Coyhaique%20reciben%20recursos%20del%20Fondo%20de%20Fortalecimiento&#038;body=https:\/\/radiorevelacionfm.cl\/?p=20505' aria-hidden='false' data-av_icon='\ue805' data-av_iconfont='entypo-fontello' title='' data-avia-related-tooltip='Compartir por correo'><span class='avia_hidden_link_text'>Compartir por correo<\/span><\/a><\/li><\/ul><\/div><\/div>\n<div  style='height:50px' class='hr hr-invisible   avia-builder-el-8  el_after_av_social_share  el_before_av_comments_list '><span class='hr-inner ' ><span class='hr-inner-style'><\/span><\/span><\/div>\n<div  class='av-buildercomment  av-blog-meta-html-info-disabled av-blog-meta-tag-disabled  '><\/div>\n","protected":false},"excerpt":{"rendered":"","protected":false},"author":1,"featured_media":20506,"comment_status":"open","ping_status":"open","sticky":false,"template":"","format":"standard","meta":{"footnotes":""},"categories":[38],"tags":[],"class_list":["post-20505","post","type-post","status-publish","format-standard","has-post-thumbnail","hentry","category-regional"],"jetpack_featured_media_url":"https:\/\/radiorevelacionfm.cl\/wp-content\/uploads\/2022\/08\/foto-1-23-1-1.jpeg","_links":{"self":[{"href":"https:\/\/radiorevelacionfm.cl\/index.php?rest_route=\/wp\/v2\/posts\/20505","targetHints":{"allow":["GET"]}}],"collection":[{"href":"https:\/\/radiorevelacionfm.cl\/index.php?rest_route=\/wp\/v2\/posts"}],"about":[{"href":"https:\/\/radiorevelacionfm.cl\/index.php?rest_route=\/wp\/v2\/types\/post"}],"author":[{"embeddable":true,"href":"https:\/\/radiorevelacionfm.cl\/index.php?rest_route=\/wp\/v2\/users\/1"}],"replies":[{"embeddable":true,"href":"https:\/\/radiorevelacionfm.cl\/index.php?rest_route=%2Fwp%2Fv2%2Fcomments&post=20505"}],"version-history":[{"count":2,"href":"https:\/\/radiorevelacionfm.cl\/index.php?rest_route=\/wp\/v2\/posts\/20505\/revisions"}],"predecessor-version":[{"id":20508,"href":"https:\/\/radiorevelacionfm.cl\/index.php?rest_route=\/wp\/v2\/posts\/20505\/revisions\/20508"}],"wp:featuredmedia":[{"embeddable":true,"href":"https:\/\/radiorevelacionfm.cl\/index.php?rest_route=\/wp\/v2\/media\/20506"}],"wp:attachment":[{"href":"https:\/\/radiorevelacionfm.cl\/index.php?rest_route=%2Fwp%2Fv2%2Fmedia&parent=20505"}],"wp:term":[{"taxonomy":"category","embeddable":true,"href":"https:\/\/radiorevelacionfm.cl\/index.php?rest_route=%2Fwp%2Fv2%2Fcategories&post=20505"},{"taxonomy":"post_tag","embeddable":true,"href":"https:\/\/radiorevelacionfm.cl\/index.php?rest_route=%2Fwp%2Fv2%2Ftags&post=20505"}],"curies":[{"name":"wp","href":"https:\/\/api.w.org\/{rel}","templated":true}]}}