{"id":20499,"date":"2022-08-14T21:10:58","date_gmt":"2022-08-15T00:10:58","guid":{"rendered":"https:\/\/radiorevelacionfm.cl\/?p=20499"},"modified":"2022-08-14T21:10:58","modified_gmt":"2022-08-15T00:10:58","slug":"adultos-mayores-de-bahia-murta-conoceran-chiloe-gracias-a-un-proyecto-del-municipio-de-ibanez","status":"publish","type":"post","link":"https:\/\/radiorevelacionfm.cl\/?p=20499","title":{"rendered":"Adultos mayores de Bah\u00eda Murta conocer\u00e1n Chilo\u00e9 gracias a un proyecto del municipio de Iba\u00f1ez"},"content":{"rendered":"<div class=\"flex_column av_one_full  flex_column_div av-zero-column-padding first  avia-builder-el-0  el_before_av_one_full  avia-builder-el-first  \" style='border-radius:0px; '><div  class='avia-image-container  av-styling-    avia-builder-el-1  avia-builder-el-no-sibling  avia-align-center '  itemprop=\"image\" itemscope=\"itemscope\" itemtype=\"https:\/\/schema.org\/ImageObject\"  ><div class='avia-image-container-inner'><div class='avia-image-overlay-wrap'><img decoding=\"async\" class='wp-image-20500 avia-img-lazy-loading-not-20500 avia_image' src=\"https:\/\/radiorevelacionfm.cl\/wp-content\/uploads\/2022\/08\/whatsapp-image-2022-08-12-at-2_optimized.56.59-pm-1.jpeg\" alt='' title='whatsapp-image-2022-08-12-at-2_optimized.56.59-pm-(1)' height=\"600\" width=\"800\"  itemprop=\"thumbnailUrl\" srcset=\"https:\/\/radiorevelacionfm.cl\/wp-content\/uploads\/2022\/08\/whatsapp-image-2022-08-12-at-2_optimized.56.59-pm-1.jpeg 800w, https:\/\/radiorevelacionfm.cl\/wp-content\/uploads\/2022\/08\/whatsapp-image-2022-08-12-at-2_optimized.56.59-pm-1-300x225.jpeg 300w, https:\/\/radiorevelacionfm.cl\/wp-content\/uploads\/2022\/08\/whatsapp-image-2022-08-12-at-2_optimized.56.59-pm-1-768x576.jpeg 768w, https:\/\/radiorevelacionfm.cl\/wp-content\/uploads\/2022\/08\/whatsapp-image-2022-08-12-at-2_optimized.56.59-pm-1-705x529.jpeg 705w, https:\/\/radiorevelacionfm.cl\/wp-content\/uploads\/2022\/08\/whatsapp-image-2022-08-12-at-2_optimized.56.59-pm-1-600x450.jpeg 600w\" sizes=\"(max-width: 800px) 100vw, 800px\" \/><\/div><\/div><\/div><\/div><div class=\"flex_column av_one_full  flex_column_div av-zero-column-padding first  avia-builder-el-2  el_after_av_one_full  el_before_av_one_full  column-top-margin\" style='border-radius:0px; '><section class=\"av_textblock_section \"  itemscope=\"itemscope\" itemtype=\"https:\/\/schema.org\/BlogPosting\" itemprop=\"blogPost\" ><div class='avia_textblock  '   itemprop=\"text\" ><p style=\"text-align: center;\"><strong><span style=\"font-size: 18pt;\">Adultos mayores de Bah\u00eda Murta conocer\u00e1n Chilo\u00e9 gracias a un proyecto del municipio de Iba\u00f1ez<\/span><\/strong><\/p>\n<div id=\"gtx-trans\" style=\"position: absolute; left: -50px; top: 4.31534px;\">\n<div class=\"gtx-trans-icon\"><\/div>\n<\/div>\n<\/div><\/section><\/div><div class=\"flex_column av_one_full  flex_column_div av-zero-column-padding first  avia-builder-el-4  el_after_av_one_full  el_before_av_hr  column-top-margin\" style='border-radius:0px; '><section class=\"av_textblock_section \"  itemscope=\"itemscope\" itemtype=\"https:\/\/schema.org\/BlogPosting\" itemprop=\"blogPost\" ><div class='avia_textblock  '   itemprop=\"text\" ><p style=\"font-weight: 400; text-align: justify;\">18 adultos mayores de la localidad de Bah\u00eda Murta realizar\u00e1n un viaje a la Isla de Chilo\u00e9, siendo para algunos, su primera experiencia fuera de la Regi\u00f3n de Ays\u00e9n. Este es uno de los 27 proyectos que han sido formulados por la Oficina de Adulto Mayor y Personas con Discapacidad de la Ilustre Municipalidad de R\u00edo Ib\u00e1\u00f1ez, de los cuales han obtenido positivos resultados, beneficiando directamente a sus vecinos de tercera edad.<\/p>\n<p style=\"font-weight: 400; text-align: justify;\">La Oficina del Adulto Mayor y Personas con Discapacidad, ha logrado obtener financiamiento para el desarrollo de operativos oftalmol\u00f3gicos y podol\u00f3gicos, talleres de cocina y procesos de lana, y paseos recreativos, para los adultos mayores de la comuna de R\u00edo Ib\u00e1\u00f1ez, quienes se organizan a trav\u00e9s del club de adulto mayor de cada localidad, donde canalizan sus requerimientos y necesidades.<\/p>\n<p style=\"font-weight: 400; text-align: justify;\">\u201cLa idea de hacer un paseo m\u00e1s lejos est\u00e1 presente desde hace tiempo, ya que muchos del club nunca han salido de la Regi\u00f3n de Ays\u00e9n, as\u00ed que escogimos como destino Chilo\u00e9. En este proceso la Oficina del Adulto Mayor nos ayud\u00f3 a postular el proyecto, sin ellos no habr\u00eda sido posible, estamos muy agradecidos y sabemos que esta ser\u00e1 una experiencia muy bonita\u201d comenta Nubia Mu\u00f1oz, Presidenta del club de adulto mayor La Amistad de Bah\u00eda Murta.<\/p>\n<p style=\"font-weight: 400; text-align: justify;\">El esperado viaje se realizar\u00e1 en octubre del presente a\u00f1o, en el marco del proyecto \u201cViajando, conociendo y compartiendo en la Isla de Chilo\u00e9\u00bb, donde participar\u00e1n 17 adultos mayores de los clubs La Amistad de Bah\u00eda Murta, junto al club Los A\u00f1os Dorados de Puerto Ingeniero Ib\u00e1\u00f1ez.<\/p>\n<p style=\"font-weight: 400; text-align: justify;\">Claudia Hormaz\u00e1bal, Coordinadora de la Oficina del Adulto Mayor y Personas con Discapacidad, explica que \u201ceste primer semestre se destaca principalmente por la gran ayuda que hemos entregado a las organizaciones a postular, ejecutar, formular y rendir proyectos, los que postulamos al Gobierno Regional de Ays\u00e9n, Fondo de Fortalecimiento de Organizaciones de Inter\u00e9s P\u00fablico, Fondo Social Presidente de la Rep\u00fablica, Servicio Nacional del Adulto Mayor (SENAMA) o Servicio Nacional de la Discapacidad (SENADI)\u201d.<\/p>\n<p style=\"font-weight: 400; text-align: justify;\">Algunas de las iniciativas postuladas ya tienen financiamiento o se encuentran admisible, mientras que otras + a\u00fan est\u00e1n en formulaci\u00f3n, esperando a ser postuladas en el segundo llamado FNDR 7%. \u201cEste es el resultado de un gran trabajo de las personas que integran la oficina y esperamos obtener buenos resultados para seguir brindando un buen servicio a las personas que lo necesitan\u201d a\u00f1ade Claudia Hormaz\u00e1bal.<\/p>\n<p style=\"font-weight: 400; text-align: justify;\">Durante este 2022 se integr\u00f3 la Estrategia de Desarrollo Local Inclusivo (EDLI) por lo que \u201cenfocamos suplir las necesidades que surgieron con la creaci\u00f3n de la oficina de discapacidad y as\u00ed dar una respuesta a nuestros vecinos, incorporando a los nuevos profesionales que se han integrado\u201d afirm\u00f3 Luis Burgos, administrativo de la Oficina del Adulto Mayor y Personas con discapacidad de R\u00edo Ib\u00e1\u00f1ez.<\/p>\n<p style=\"font-weight: 400; text-align: justify;\">La Oficina del Adulto Mayor y Personas con Discapacidad de R\u00edo Ib\u00e1\u00f1ez, es una unidad que comenz\u00f3 a operar \u00fanicamente con un funcionario, sin embargo, este equipo creci\u00f3 y a la fecha cuenta con un grupo multidisciplinario compuesto por 6 profesionales, quienes est\u00e1n encargados de trabajar con la poblaci\u00f3n m\u00e1s vulnerable de la comuna, personas de igual o m\u00e1s de 60 a\u00f1os, con diferentes tipos de discapacidad o dependencia.<\/p>\n<\/div><\/section><\/div><div  style='height:50px' class='hr hr-invisible   avia-builder-el-6  el_after_av_one_full  el_before_av_social_share '><span class='hr-inner ' ><span class='hr-inner-style'><\/span><\/span><\/div><\/p>\n<div  class='av-social-sharing-box  avia-builder-el-7  el_after_av_hr  el_before_av_hr  '><div class='av-share-box'><h5 class='av-share-link-description av-no-toc '>Compartir esta noticia<\/h5><ul class='av-share-box-list noLightbox'><li class='av-share-link av-social-link-facebook' ><a target=\"_blank\" aria-label=\"Compartir en Facebook\" href='https:\/\/www.facebook.com\/sharer.php?u=https:\/\/radiorevelacionfm.cl\/?p=20499&#038;t=Adultos%20mayores%20de%20Bah%C3%ADa%20Murta%20conocer%C3%A1n%20Chilo%C3%A9%20gracias%20a%20un%20proyecto%20del%20municipio%20de%20Iba%C3%B1ez' aria-hidden='false' data-av_icon='\ue8f3' data-av_iconfont='entypo-fontello' title='' data-avia-related-tooltip='Compartir en Facebook' rel=\"noopener\"><span class='avia_hidden_link_text'>Compartir en Facebook<\/span><\/a><\/li><li class='av-share-link av-social-link-twitter' ><a target=\"_blank\" aria-label=\"Compartir en Twitter\" href='https:\/\/twitter.com\/share?text=Adultos%20mayores%20de%20Bah%C3%ADa%20Murta%20conocer%C3%A1n%20Chilo%C3%A9%20gracias%20a%20un%20proyecto%20del%20municipio%20de%20Iba%C3%B1ez&#038;url=https:\/\/radiorevelacionfm.cl\/?p=20499' aria-hidden='false' data-av_icon='\ue8f1' data-av_iconfont='entypo-fontello' title='' data-avia-related-tooltip='Compartir en Twitter' rel=\"noopener\"><span class='avia_hidden_link_text'>Compartir en Twitter<\/span><\/a><\/li><li class='av-share-link av-social-link-whatsapp' ><a target=\"_blank\" aria-label=\"Compartir en Whatsapp\" href='https:\/\/api.whatsapp.com\/send?text=https:\/\/radiorevelacionfm.cl\/?p=20499' aria-hidden='false' data-av_icon='\uf232' data-av_iconfont='entypo-fontello' title='' data-avia-related-tooltip='Compartir en Whatsapp' rel=\"noopener\"><span class='avia_hidden_link_text'>Compartir en Whatsapp<\/span><\/a><\/li><li class='av-share-link av-social-link-linkedin' ><a target=\"_blank\" aria-label=\"Compartir en LinkedIn\" href='https:\/\/linkedin.com\/shareArticle?mini=true&#038;title=Adultos%20mayores%20de%20Bah%C3%ADa%20Murta%20conocer%C3%A1n%20Chilo%C3%A9%20gracias%20a%20un%20proyecto%20del%20municipio%20de%20Iba%C3%B1ez&#038;url=https:\/\/radiorevelacionfm.cl\/?p=20499' aria-hidden='false' data-av_icon='\ue8fc' data-av_iconfont='entypo-fontello' title='' data-avia-related-tooltip='Compartir en LinkedIn' rel=\"noopener\"><span class='avia_hidden_link_text'>Compartir en LinkedIn<\/span><\/a><\/li><li class='av-share-link av-social-link-mail' ><a  aria-label=\"Compartir por correo\" href='mailto:?subject=Adultos%20mayores%20de%20Bah%C3%ADa%20Murta%20conocer%C3%A1n%20Chilo%C3%A9%20gracias%20a%20un%20proyecto%20del%20municipio%20de%20Iba%C3%B1ez&#038;body=https:\/\/radiorevelacionfm.cl\/?p=20499' aria-hidden='false' data-av_icon='\ue805' data-av_iconfont='entypo-fontello' title='' data-avia-related-tooltip='Compartir por correo'><span class='avia_hidden_link_text'>Compartir por correo<\/span><\/a><\/li><\/ul><\/div><\/div>\n<div  style='height:50px' class='hr hr-invisible   avia-builder-el-8  el_after_av_social_share  el_before_av_comments_list '><span class='hr-inner ' ><span class='hr-inner-style'><\/span><\/span><\/div>\n<div  class='av-buildercomment  av-blog-meta-html-info-disabled av-blog-meta-tag-disabled  '><\/div>\n","protected":false},"excerpt":{"rendered":"","protected":false},"author":1,"featured_media":20500,"comment_status":"open","ping_status":"open","sticky":false,"template":"","format":"standard","meta":{"footnotes":""},"categories":[38],"tags":[],"class_list":["post-20499","post","type-post","status-publish","format-standard","has-post-thumbnail","hentry","category-regional"],"jetpack_featured_media_url":"https:\/\/radiorevelacionfm.cl\/wp-content\/uploads\/2022\/08\/whatsapp-image-2022-08-12-at-2_optimized.56.59-pm-1.jpeg","_links":{"self":[{"href":"https:\/\/radiorevelacionfm.cl\/index.php?rest_route=\/wp\/v2\/posts\/20499","targetHints":{"allow":["GET"]}}],"collection":[{"href":"https:\/\/radiorevelacionfm.cl\/index.php?rest_route=\/wp\/v2\/posts"}],"about":[{"href":"https:\/\/radiorevelacionfm.cl\/index.php?rest_route=\/wp\/v2\/types\/post"}],"author":[{"embeddable":true,"href":"https:\/\/radiorevelacionfm.cl\/index.php?rest_route=\/wp\/v2\/users\/1"}],"replies":[{"embeddable":true,"href":"https:\/\/radiorevelacionfm.cl\/index.php?rest_route=%2Fwp%2Fv2%2Fcomments&post=20499"}],"version-history":[{"count":2,"href":"https:\/\/radiorevelacionfm.cl\/index.php?rest_route=\/wp\/v2\/posts\/20499\/revisions"}],"predecessor-version":[{"id":20502,"href":"https:\/\/radiorevelacionfm.cl\/index.php?rest_route=\/wp\/v2\/posts\/20499\/revisions\/20502"}],"wp:featuredmedia":[{"embeddable":true,"href":"https:\/\/radiorevelacionfm.cl\/index.php?rest_route=\/wp\/v2\/media\/20500"}],"wp:attachment":[{"href":"https:\/\/radiorevelacionfm.cl\/index.php?rest_route=%2Fwp%2Fv2%2Fmedia&parent=20499"}],"wp:term":[{"taxonomy":"category","embeddable":true,"href":"https:\/\/radiorevelacionfm.cl\/index.php?rest_route=%2Fwp%2Fv2%2Fcategories&post=20499"},{"taxonomy":"post_tag","embeddable":true,"href":"https:\/\/radiorevelacionfm.cl\/index.php?rest_route=%2Fwp%2Fv2%2Ftags&post=20499"}],"curies":[{"name":"wp","href":"https:\/\/api.w.org\/{rel}","templated":true}]}}