{"id":2049,"date":"2021-01-23T19:51:01","date_gmt":"2021-01-23T22:51:01","guid":{"rendered":"https:\/\/radiorevelacionfm.cl\/?p=2049"},"modified":"2021-01-23T20:32:45","modified_gmt":"2021-01-23T23:32:45","slug":"campana-reune-354-kilos-de-pilas-en-region-de-aysen-y-provincia-de-palena","status":"publish","type":"post","link":"https:\/\/radiorevelacionfm.cl\/?p=2049","title":{"rendered":"Exitosa campa\u00f1a re\u00fane 354 kilos de pilas en Regi\u00f3n de Ays\u00e9n y Provincia de Palena"},"content":{"rendered":"<div class=\"flex_column av_one_full  flex_column_div av-zero-column-padding first  avia-builder-el-0  el_before_av_one_full  avia-builder-el-first  \" style='border-radius:0px; '><div  class='avia-image-container  av-styling-    avia-builder-el-1  avia-builder-el-no-sibling  avia-align-center '  itemprop=\"image\" itemscope=\"itemscope\" itemtype=\"https:\/\/schema.org\/ImageObject\"  ><div class='avia-image-container-inner'><div class='avia-image-overlay-wrap'><img decoding=\"async\" class='wp-image-0 avia-img-lazy-loading-not-0 avia_image' src=\"https:\/\/radiorevelacionfm.cl\/wp-content\/uploads\/2021\/01\/Campana1-1.jpg\" alt='' title=''   itemprop=\"thumbnailUrl\"  \/><\/div><\/div><\/div><\/div><div class=\"flex_column av_one_full  flex_column_div av-zero-column-padding first  avia-builder-el-2  el_after_av_one_full  el_before_av_one_full  column-top-margin\" style='border-radius:0px; '><section class=\"av_textblock_section \"  itemscope=\"itemscope\" itemtype=\"https:\/\/schema.org\/BlogPosting\" itemprop=\"blogPost\" ><div class='avia_textblock  '   itemprop=\"text\" ><p style=\"text-align: center;\"><span style=\"font-size: 18pt;\"><strong>Exitosa campa\u00f1a re\u00fane 354 kilos de pilas en Regi\u00f3n de Ays\u00e9n y Provincia de Palena<\/strong><\/span><\/p>\n<div id=\"gtx-trans\" style=\"position: absolute; left: -50px; top: 4.31534px;\">\n<div class=\"gtx-trans-icon\"><\/div>\n<\/div>\n<\/div><\/section><\/div><\/p>\n<div class=\"flex_column av_one_full  flex_column_div av-zero-column-padding first  avia-builder-el-4  el_after_av_one_full  el_before_av_hr  column-top-margin\" style='border-radius:0px; '><section class=\"av_textblock_section \"  itemscope=\"itemscope\" itemtype=\"https:\/\/schema.org\/BlogPosting\" itemprop=\"blogPost\" ><div class='avia_textblock  '   itemprop=\"text\" ><p style=\"text-align: justify;\">Con \u00e9xito finaliz\u00f3 la 4\u00aa Campa\u00f1a de Recolecci\u00f3n de Pilas, iniciativa organizada por la empresa Edelaysen, la Seremi del Medio Ambiente de Los Lagos y Ays\u00e9n, junto a Fecunda Patagonia con el objetivo de recolectar y disponer de estos elementos de manera segura en una planta de tratamiento en la Regi\u00f3n del Biob\u00edo.<\/p>\n<p style=\"text-align: justify;\">De esta manera fueron 354 kilos de pilas los que se reunieron en las 10 comunas de la Regi\u00f3n de Ays\u00e9n, adem\u00e1s de Chait\u00e9n, Palena y Futaleuf\u00fa en la Regi\u00f3n de Los Lagos.<\/p>\n<p style=\"text-align: justify;\">M\u00f3nica Sald\u00edas, Seremi del Medio Ambiente de Ays\u00e9n destac\u00f3 el trabajo desarrollado en pandemia e inst\u00f3 a seguir trabajando este 2021.<\/p>\n<p style=\"text-align: justify;\">\u201cSab\u00edamos que este a\u00f1o la pandemia nos iba a hacer m\u00e1s complejo el camino, pero a\u00fan as\u00ed con el esfuerzo de todos, logramos llevarla adelante eliminando m\u00e1s de 350 kilos de estos residuos peligrosos de nuestra regi\u00f3n, as\u00ed que agradecer el compromiso de Edelaysen, Fecunda Patagonia y todos los que se suman a\u00f1o a a\u00f1o a esta iniciativa sustentable y atentos que pronto vamos a estar convocando para la 5\u00aa versi\u00f3n\u201d dijo Sald\u00edas.<\/p>\n<p style=\"text-align: justify;\">Por otro lado, Feisal Ahuile de Fecunda Patagonia, dijo sentirse \u201cmuy agradecido de poder unir estos esfuerzos junto al Ministerio del Medio Ambiente y Edelaysen. Nosotros ayudando con el desarrollo de la log\u00edstica, y estamos muy pronto a gestionar el traslado de estas pilas, para poder hacer la disposici\u00f3n en la planta\u201d.<\/p>\n<p style=\"text-align: justify;\">Desde Edelaysen, Signe Balboa, jefa de servicio al cliente, agradeci\u00f3 el esfuerzo de todos los trabajadores de la empresa, que tanto en la Regi\u00f3n de Ays\u00e9n como en las oficinas de Chait\u00e9n, Futaleuf\u00fa y Palena en la Regi\u00f3n de Los lagos, aportaron para el \u00e9xito de esta campa\u00f1a.<\/p>\n<p style=\"text-align: justify;\">\u201cPara Edelaysen es fundamental apoyar iniciativas como esta, que mejoran la calidad de vida de las personas y en la que sacamos estos elementos contaminantes fuera de la regi\u00f3n de Ays\u00e9n. Este a\u00f1o fue dif\u00edcil, principalmente por la pandemia, pero valoramos y agradecemos el esfuerzo que hicieron nuestros colaboradores en cada una de las oficinas donde recibimos estas pilas\u201d.<\/p>\n<p style=\"text-align: justify;\">Para finalizar cabe destacar que tanto Edelaysen, como la Seremi del Medio Ambiente y Fecunda Patagonia, est\u00e1n trabajando en una nueva versi\u00f3n de esta campa\u00f1a, instancia que ser\u00e1 informada prontamente.<\/p>\n<\/div><\/section><\/div>\n<div  style='height:50px' class='hr hr-invisible   avia-builder-el-6  el_after_av_one_full  el_before_av_social_share '><span class='hr-inner ' ><span class='hr-inner-style'><\/span><\/span><\/div>\n<div  class='av-social-sharing-box  avia-builder-el-7  el_after_av_hr  el_before_av_hr  '><div class='av-share-box'><h5 class='av-share-link-description av-no-toc '>Compartir esta noticia<\/h5><ul class='av-share-box-list noLightbox'><li class='av-share-link av-social-link-facebook' ><a target=\"_blank\" aria-label=\"Compartir en Facebook\" href='https:\/\/www.facebook.com\/sharer.php?u=https:\/\/radiorevelacionfm.cl\/?p=2049&#038;t=Exitosa%20campa%C3%B1a%20re%C3%BAne%20354%20kilos%20de%20pilas%20en%20Regi%C3%B3n%20de%20Ays%C3%A9n%20y%20Provincia%20de%20Palena' aria-hidden='false' data-av_icon='\ue8f3' data-av_iconfont='entypo-fontello' title='' data-avia-related-tooltip='Compartir en Facebook' rel=\"noopener\"><span class='avia_hidden_link_text'>Compartir en Facebook<\/span><\/a><\/li><li class='av-share-link av-social-link-twitter' ><a target=\"_blank\" aria-label=\"Compartir en Twitter\" href='https:\/\/twitter.com\/share?text=Exitosa%20campa%C3%B1a%20re%C3%BAne%20354%20kilos%20de%20pilas%20en%20Regi%C3%B3n%20de%20Ays%C3%A9n%20y%20Provincia%20de%20Palena&#038;url=https:\/\/radiorevelacionfm.cl\/?p=2049' aria-hidden='false' data-av_icon='\ue8f1' data-av_iconfont='entypo-fontello' title='' data-avia-related-tooltip='Compartir en Twitter' rel=\"noopener\"><span class='avia_hidden_link_text'>Compartir en Twitter<\/span><\/a><\/li><li class='av-share-link av-social-link-whatsapp' ><a target=\"_blank\" aria-label=\"Compartir en Whatsapp\" href='https:\/\/api.whatsapp.com\/send?text=https:\/\/radiorevelacionfm.cl\/?p=2049' aria-hidden='false' data-av_icon='\uf232' data-av_iconfont='entypo-fontello' title='' data-avia-related-tooltip='Compartir en Whatsapp' rel=\"noopener\"><span class='avia_hidden_link_text'>Compartir en Whatsapp<\/span><\/a><\/li><li class='av-share-link av-social-link-linkedin' ><a target=\"_blank\" aria-label=\"Compartir en LinkedIn\" href='https:\/\/linkedin.com\/shareArticle?mini=true&#038;title=Exitosa%20campa%C3%B1a%20re%C3%BAne%20354%20kilos%20de%20pilas%20en%20Regi%C3%B3n%20de%20Ays%C3%A9n%20y%20Provincia%20de%20Palena&#038;url=https:\/\/radiorevelacionfm.cl\/?p=2049' aria-hidden='false' data-av_icon='\ue8fc' data-av_iconfont='entypo-fontello' title='' data-avia-related-tooltip='Compartir en LinkedIn' rel=\"noopener\"><span class='avia_hidden_link_text'>Compartir en LinkedIn<\/span><\/a><\/li><li class='av-share-link av-social-link-mail' ><a  aria-label=\"Compartir por correo\" href='mailto:?subject=Exitosa%20campa%C3%B1a%20re%C3%BAne%20354%20kilos%20de%20pilas%20en%20Regi%C3%B3n%20de%20Ays%C3%A9n%20y%20Provincia%20de%20Palena&#038;body=https:\/\/radiorevelacionfm.cl\/?p=2049' aria-hidden='false' data-av_icon='\ue805' data-av_iconfont='entypo-fontello' title='' data-avia-related-tooltip='Compartir por correo'><span class='avia_hidden_link_text'>Compartir por correo<\/span><\/a><\/li><\/ul><\/div><\/div>\n<div  style='height:50px' class='hr hr-invisible   avia-builder-el-8  el_after_av_social_share  el_before_av_comments_list '><span class='hr-inner ' ><span class='hr-inner-style'><\/span><\/span><\/div>\n<div  class='av-buildercomment  av-blog-meta-html-info-disabled av-blog-meta-tag-disabled  '><\/div>\n","protected":false},"excerpt":{"rendered":"","protected":false},"author":1,"featured_media":0,"comment_status":"open","ping_status":"open","sticky":false,"template":"","format":"standard","meta":{"footnotes":""},"categories":[39],"tags":[],"class_list":["post-2049","post","type-post","status-publish","format-standard","hentry","category-medio-ambiente"],"jetpack_featured_media_url":"","_links":{"self":[{"href":"https:\/\/radiorevelacionfm.cl\/index.php?rest_route=\/wp\/v2\/posts\/2049","targetHints":{"allow":["GET"]}}],"collection":[{"href":"https:\/\/radiorevelacionfm.cl\/index.php?rest_route=\/wp\/v2\/posts"}],"about":[{"href":"https:\/\/radiorevelacionfm.cl\/index.php?rest_route=\/wp\/v2\/types\/post"}],"author":[{"embeddable":true,"href":"https:\/\/radiorevelacionfm.cl\/index.php?rest_route=\/wp\/v2\/users\/1"}],"replies":[{"embeddable":true,"href":"https:\/\/radiorevelacionfm.cl\/index.php?rest_route=%2Fwp%2Fv2%2Fcomments&post=2049"}],"version-history":[{"count":5,"href":"https:\/\/radiorevelacionfm.cl\/index.php?rest_route=\/wp\/v2\/posts\/2049\/revisions"}],"predecessor-version":[{"id":2057,"href":"https:\/\/radiorevelacionfm.cl\/index.php?rest_route=\/wp\/v2\/posts\/2049\/revisions\/2057"}],"wp:attachment":[{"href":"https:\/\/radiorevelacionfm.cl\/index.php?rest_route=%2Fwp%2Fv2%2Fmedia&parent=2049"}],"wp:term":[{"taxonomy":"category","embeddable":true,"href":"https:\/\/radiorevelacionfm.cl\/index.php?rest_route=%2Fwp%2Fv2%2Fcategories&post=2049"},{"taxonomy":"post_tag","embeddable":true,"href":"https:\/\/radiorevelacionfm.cl\/index.php?rest_route=%2Fwp%2Fv2%2Ftags&post=2049"}],"curies":[{"name":"wp","href":"https:\/\/api.w.org\/{rel}","templated":true}]}}