{"id":20485,"date":"2022-08-13T15:07:45","date_gmt":"2022-08-13T18:07:45","guid":{"rendered":"https:\/\/radiorevelacionfm.cl\/?p=20485"},"modified":"2022-08-13T15:07:45","modified_gmt":"2022-08-13T18:07:45","slug":"desde-islas-huichas-a-la-moneda-estudiantes-se-reunen-con-presidente-de-la-republica-y-ministro-de-educacion-en-el-marco-de-su-gira-de-estudios","status":"publish","type":"post","link":"https:\/\/radiorevelacionfm.cl\/?p=20485","title":{"rendered":"Desde Islas Huichas a La Moneda: Estudiantes se re\u00fanen con presidente de la Rep\u00fablica y ministro de Educaci\u00f3n en el marco de su gira de estudios"},"content":{"rendered":"<div class=\"flex_column av_one_full  flex_column_div av-zero-column-padding first  avia-builder-el-0  el_before_av_one_full  avia-builder-el-first  \" style='border-radius:0px; '><div  class='avia-image-container  av-styling-    avia-builder-el-1  avia-builder-el-no-sibling  avia-align-center '  itemprop=\"image\" itemscope=\"itemscope\" itemtype=\"https:\/\/schema.org\/ImageObject\"  ><div class='avia-image-container-inner'><div class='avia-image-overlay-wrap'><img decoding=\"async\" class='wp-image-20486 avia-img-lazy-loading-not-20486 avia_image' src=\"https:\/\/radiorevelacionfm.cl\/wp-content\/uploads\/2022\/08\/1660408848164-1-1.jpg\" alt='' title='1660408848164 (1) (1)' height=\"600\" width=\"800\"  itemprop=\"thumbnailUrl\" srcset=\"https:\/\/radiorevelacionfm.cl\/wp-content\/uploads\/2022\/08\/1660408848164-1-1.jpg 800w, https:\/\/radiorevelacionfm.cl\/wp-content\/uploads\/2022\/08\/1660408848164-1-1-300x225.jpg 300w, https:\/\/radiorevelacionfm.cl\/wp-content\/uploads\/2022\/08\/1660408848164-1-1-768x576.jpg 768w, https:\/\/radiorevelacionfm.cl\/wp-content\/uploads\/2022\/08\/1660408848164-1-1-705x529.jpg 705w, https:\/\/radiorevelacionfm.cl\/wp-content\/uploads\/2022\/08\/1660408848164-1-1-600x450.jpg 600w\" sizes=\"(max-width: 800px) 100vw, 800px\" \/><\/div><\/div><\/div><\/div><div class=\"flex_column av_one_full  flex_column_div av-zero-column-padding first  avia-builder-el-2  el_after_av_one_full  el_before_av_one_full  column-top-margin\" style='border-radius:0px; '><section class=\"av_textblock_section \"  itemscope=\"itemscope\" itemtype=\"https:\/\/schema.org\/BlogPosting\" itemprop=\"blogPost\" ><div class='avia_textblock  '   itemprop=\"text\" ><p style=\"text-align: center;\"><span style=\"font-size: 18pt;\"><strong>Desde Islas Huichas a La Moneda: Estudiantes se re\u00fanen con presidente de la Rep\u00fablica y ministro de Educaci\u00f3n en el marco de su gira de estudios<\/strong><\/span><\/p>\n<div id=\"gtx-trans\" style=\"position: absolute; left: -50px; top: 4.31534px;\">\n<div class=\"gtx-trans-icon\"><\/div>\n<\/div>\n<\/div><\/section><\/div><div class=\"flex_column av_one_full  flex_column_div av-zero-column-padding first  avia-builder-el-4  el_after_av_one_full  el_before_av_hr  column-top-margin\" style='border-radius:0px; '><section class=\"av_textblock_section \"  itemscope=\"itemscope\" itemtype=\"https:\/\/schema.org\/BlogPosting\" itemprop=\"blogPost\" ><div class='avia_textblock  '   itemprop=\"text\" ><p style=\"text-align: justify;\">Felices se les puede ver a los estudiantes de la escuela Pedro Aguirre Cerda, de Islas Huichas, quienes por estos d\u00edas disfrutan de una intensa gira de estudios, que los ha hecho recorrer destinos como son Valpara\u00edso, Santiago, Vi\u00f1a del Mar y La Serena.<\/p>\n<p style=\"text-align: justify;\">La iniciativa, a cargo del director del establecimiento, Eduardo Ram\u00edrez y que cont\u00f3 con el total respaldo del municipio aysenino, a trav\u00e9s de la Direcci\u00f3n de Educaci\u00f3n Municipal, se extender\u00e1 por un total de ocho d\u00edas en que los 13 ni\u00f1os y ni\u00f1as -pertenecientes a s\u00e9ptimo y octavo a\u00f1o b\u00e1sico-, ha podido maravillarse con \u00edconos c\u00edvicos, culturales, naturales y tur\u00edsticos de la zona centro-norte del pa\u00eds.<\/p>\n<p style=\"text-align: justify;\">Es as\u00ed que la delegaci\u00f3n, acompa\u00f1ada por el directivo de la escuela y la encargada de Convivencia Escolar, Karina Oliva, conoci\u00f3 las instalaciones del Congreso y el Senado, visitando adem\u00e1s el Palacio La Moneda este viernes, en que fueron recibidos por el ministro de Educaci\u00f3n, Marco Antonio \u00c1vila, para posteriormente reunirse un instante con el presidente de la Rep\u00fablica, Gabriel Boric y la primera dama, Irina Karamanos.<\/p>\n<p style=\"text-align: justify;\">En la instancia, los ni\u00f1os y ni\u00f1as pudieron expresar a la primera autoridad nacional, su sentir con respecto a su vida en Islas Huichas, sus sue\u00f1os y anhelos de cara al futuro, en que relevaron la necesidad de un recinto de educaci\u00f3n media, que les permita continuar sus estudios sin dejar su vida en el sector isle\u00f1o.<\/p>\n<p style=\"text-align: justify;\">Al respecto, Boric Font agradeci\u00f3 la visita de los alumnos y alumnas, destacando que vienen desde tan lejos. \u201cQue est\u00e9n ac\u00e1 no es s\u00f3lo para que conozcan los pasillos y salones, sino para que sepan que ustedes tambi\u00e9n son gobierno. Cuenten conmigo para apoyar el sue\u00f1o de un liceo en Huichas\u201d, manifest\u00f3, comprometiendo su visita a la Isla.<\/p>\n<p style=\"text-align: justify;\"><strong>ITINERARIO<\/strong><\/p>\n<p style=\"text-align: justify;\">\u201cMuy contento, es un hito, un hecho hist\u00f3rico que nuestros estudiantes de la Isla puedan realizar un viaje de estas caracter\u00edsticas. Realmente, ni\u00f1os que no hab\u00edan viajado nunca hoy d\u00eda lo puedan hacer con una gira de estudios que pretendemos, les pueda hasta cambiar sus vidas. Para m\u00ed, como sostenedor de esta escuela, es realmente un agrado relevar este tipo de hechos. Felicitar a su director por esta iniciativa y esperar que podamos seguir contribuyendo para la educaci\u00f3n de nuestros hijos y poder potenciar, especialmente, a nuestras localidades m\u00e1s aisladas\u201d, se\u00f1al\u00f3 el alcalde Julio Uribe respecto a la actividad, que se extender\u00e1 hasta el d\u00eda 17 de agosto.<\/p>\n<p style=\"text-align: justify;\">Por su parte, Patricio B\u00f3rquez, director del DEM, destac\u00f3 que instancias como estas, enriquecer\u00e1n diversos aspectos del crecimiento y desarrollo de los alumnos, \u201cno s\u00f3lo desde el punto de vista del conocimiento, sino tambi\u00e9n desde el punto de vista de un conjunto de habilidades que forman parte del curr\u00edculo de estos j\u00f3venes, como es desarrollo de ciudadan\u00eda, temas socioemocionales y habilidades comunicacionales. Valorar y agradecer al alcalde, el equipo del DEM, pero sobre todo al director del colegio, padres y apoderados que han permitido este sue\u00f1o sea hoy una realidad\u201d.<\/p>\n<p style=\"text-align: justify;\">Dentro de los lugares que forman parte de esta gira destacan, adem\u00e1s, la visita a la Casa Museo del poeta Pablo Neruda, en Isla Negra; Quinta Vergara, en Vi\u00f1a del Mar; el casco hist\u00f3rico de Santiago, el Zool\u00f3gico Metropolitano, Museo de la Memoria, Museo Interactivo Mirador (MIM), Casa Museo La Chascona, Universidades de Chile y Cat\u00f3lica, en Santiago; los observatorios astron\u00f3micos La Silla, Mamalluca y Tololo, as\u00ed como Casa Museo Gabriela Mistral, y Museos Precolombinos, en La Serena; y Punta de Choros, y Cruz del Tercer Milenio, en Coquimbo; entre otros.<\/p>\n<p style=\"text-align: justify;\">\u201cQueremos que nuestros ni\u00f1os conozcan, aprendan, disfruten, y atesoren recuerdos para la vida\u201d, expres\u00f3 el director de PAC, Eduardo Ram\u00edrez.<\/p>\n<p style=\"text-align: justify;\">Agreg\u00f3 que \u201ceste viaje tiene por objetivo el desarrollo de habilidades comunicacionales en los estudiantes, el fortalecimiento de la formaci\u00f3n ciudadana, bien debilitado en estos tiempos. Y adem\u00e1s el desarrollo de lo socioemocional. Queremos que a partir de todo esto, nuestros alumnos vayan adquiriendo mayores argumentos, incluso, para poder desplegar comunicacionalmente ideas y que es un de los aspectos que vemos mayormente disminuidos. Conversamos con el alcalde, con el director DEM, y ellos accedieron inmediatamente a que elaboremos un plan de trabajo con estos objetivos, que es lo que presentamos y que hoy nos tiene felices en el marco de esta gira de estudios maravillosa para nuestros peque\u00f1os de Islas Huichas\u201d, finaliz\u00f3.<\/p>\n<\/div><\/section><\/div><div  style='height:50px' class='hr hr-invisible   avia-builder-el-6  el_after_av_one_full  el_before_av_social_share '><span class='hr-inner ' ><span class='hr-inner-style'><\/span><\/span><\/div><\/p>\n<div  class='av-social-sharing-box  avia-builder-el-7  el_after_av_hr  el_before_av_hr  '><div class='av-share-box'><h5 class='av-share-link-description av-no-toc '>Compartir esta noticia<\/h5><ul class='av-share-box-list noLightbox'><li class='av-share-link av-social-link-facebook' ><a target=\"_blank\" aria-label=\"Compartir en Facebook\" href='https:\/\/www.facebook.com\/sharer.php?u=https:\/\/radiorevelacionfm.cl\/?p=20485&#038;t=Desde%20Islas%20Huichas%20a%20La%20Moneda%3A%20Estudiantes%20se%20re%C3%BAnen%20con%20presidente%20de%20la%20Rep%C3%BAblica%20y%20ministro%20de%20Educaci%C3%B3n%20en%20el%20marco%20de%20su%20gira%20de%20estudios' aria-hidden='false' data-av_icon='\ue8f3' data-av_iconfont='entypo-fontello' title='' data-avia-related-tooltip='Compartir en Facebook' rel=\"noopener\"><span class='avia_hidden_link_text'>Compartir en Facebook<\/span><\/a><\/li><li class='av-share-link av-social-link-twitter' ><a target=\"_blank\" aria-label=\"Compartir en Twitter\" href='https:\/\/twitter.com\/share?text=Desde%20Islas%20Huichas%20a%20La%20Moneda%3A%20Estudiantes%20se%20re%C3%BAnen%20con%20presidente%20de%20la%20Rep%C3%BAblica%20y%20ministro%20de%20Educaci%C3%B3n%20en%20el%20marco%20de%20su%20gira%20de%20estudios&#038;url=https:\/\/radiorevelacionfm.cl\/?p=20485' aria-hidden='false' data-av_icon='\ue8f1' data-av_iconfont='entypo-fontello' title='' data-avia-related-tooltip='Compartir en Twitter' rel=\"noopener\"><span class='avia_hidden_link_text'>Compartir en Twitter<\/span><\/a><\/li><li class='av-share-link av-social-link-whatsapp' ><a target=\"_blank\" aria-label=\"Compartir en Whatsapp\" href='https:\/\/api.whatsapp.com\/send?text=https:\/\/radiorevelacionfm.cl\/?p=20485' aria-hidden='false' data-av_icon='\uf232' data-av_iconfont='entypo-fontello' title='' data-avia-related-tooltip='Compartir en Whatsapp' rel=\"noopener\"><span class='avia_hidden_link_text'>Compartir en Whatsapp<\/span><\/a><\/li><li class='av-share-link av-social-link-linkedin' ><a target=\"_blank\" aria-label=\"Compartir en LinkedIn\" href='https:\/\/linkedin.com\/shareArticle?mini=true&#038;title=Desde%20Islas%20Huichas%20a%20La%20Moneda%3A%20Estudiantes%20se%20re%C3%BAnen%20con%20presidente%20de%20la%20Rep%C3%BAblica%20y%20ministro%20de%20Educaci%C3%B3n%20en%20el%20marco%20de%20su%20gira%20de%20estudios&#038;url=https:\/\/radiorevelacionfm.cl\/?p=20485' aria-hidden='false' data-av_icon='\ue8fc' data-av_iconfont='entypo-fontello' title='' data-avia-related-tooltip='Compartir en LinkedIn' rel=\"noopener\"><span class='avia_hidden_link_text'>Compartir en LinkedIn<\/span><\/a><\/li><li class='av-share-link av-social-link-mail' ><a  aria-label=\"Compartir por correo\" href='mailto:?subject=Desde%20Islas%20Huichas%20a%20La%20Moneda%3A%20Estudiantes%20se%20re%C3%BAnen%20con%20presidente%20de%20la%20Rep%C3%BAblica%20y%20ministro%20de%20Educaci%C3%B3n%20en%20el%20marco%20de%20su%20gira%20de%20estudios&#038;body=https:\/\/radiorevelacionfm.cl\/?p=20485' aria-hidden='false' data-av_icon='\ue805' data-av_iconfont='entypo-fontello' title='' data-avia-related-tooltip='Compartir por correo'><span class='avia_hidden_link_text'>Compartir por correo<\/span><\/a><\/li><\/ul><\/div><\/div>\n<div  style='height:50px' class='hr hr-invisible   avia-builder-el-8  el_after_av_social_share  el_before_av_comments_list '><span class='hr-inner ' ><span class='hr-inner-style'><\/span><\/span><\/div>\n<div  class='av-buildercomment  av-blog-meta-html-info-disabled av-blog-meta-tag-disabled  '><\/div>\n","protected":false},"excerpt":{"rendered":"","protected":false},"author":1,"featured_media":20486,"comment_status":"open","ping_status":"open","sticky":false,"template":"","format":"standard","meta":{"footnotes":""},"categories":[38],"tags":[],"class_list":["post-20485","post","type-post","status-publish","format-standard","has-post-thumbnail","hentry","category-regional"],"jetpack_featured_media_url":"https:\/\/radiorevelacionfm.cl\/wp-content\/uploads\/2022\/08\/1660408848164-1-1.jpg","_links":{"self":[{"href":"https:\/\/radiorevelacionfm.cl\/index.php?rest_route=\/wp\/v2\/posts\/20485","targetHints":{"allow":["GET"]}}],"collection":[{"href":"https:\/\/radiorevelacionfm.cl\/index.php?rest_route=\/wp\/v2\/posts"}],"about":[{"href":"https:\/\/radiorevelacionfm.cl\/index.php?rest_route=\/wp\/v2\/types\/post"}],"author":[{"embeddable":true,"href":"https:\/\/radiorevelacionfm.cl\/index.php?rest_route=\/wp\/v2\/users\/1"}],"replies":[{"embeddable":true,"href":"https:\/\/radiorevelacionfm.cl\/index.php?rest_route=%2Fwp%2Fv2%2Fcomments&post=20485"}],"version-history":[{"count":2,"href":"https:\/\/radiorevelacionfm.cl\/index.php?rest_route=\/wp\/v2\/posts\/20485\/revisions"}],"predecessor-version":[{"id":20488,"href":"https:\/\/radiorevelacionfm.cl\/index.php?rest_route=\/wp\/v2\/posts\/20485\/revisions\/20488"}],"wp:featuredmedia":[{"embeddable":true,"href":"https:\/\/radiorevelacionfm.cl\/index.php?rest_route=\/wp\/v2\/media\/20486"}],"wp:attachment":[{"href":"https:\/\/radiorevelacionfm.cl\/index.php?rest_route=%2Fwp%2Fv2%2Fmedia&parent=20485"}],"wp:term":[{"taxonomy":"category","embeddable":true,"href":"https:\/\/radiorevelacionfm.cl\/index.php?rest_route=%2Fwp%2Fv2%2Fcategories&post=20485"},{"taxonomy":"post_tag","embeddable":true,"href":"https:\/\/radiorevelacionfm.cl\/index.php?rest_route=%2Fwp%2Fv2%2Ftags&post=20485"}],"curies":[{"name":"wp","href":"https:\/\/api.w.org\/{rel}","templated":true}]}}