{"id":20479,"date":"2022-08-13T11:19:17","date_gmt":"2022-08-13T14:19:17","guid":{"rendered":"https:\/\/radiorevelacionfm.cl\/?p=20479"},"modified":"2022-08-13T11:19:17","modified_gmt":"2022-08-13T14:19:17","slug":"consejo-regional-aprueba-financiamiento-para-reposicion-de-medialuna-en-chile-chico","status":"publish","type":"post","link":"https:\/\/radiorevelacionfm.cl\/?p=20479","title":{"rendered":"Consejo Regional aprueba financiamiento para reposici\u00f3n de Medialuna en Chile Chico"},"content":{"rendered":"<div class=\"flex_column av_one_full  flex_column_div av-zero-column-padding first  avia-builder-el-0  el_before_av_one_full  avia-builder-el-first  \" style='border-radius:0px; '><div  class='avia-image-container  av-styling-    avia-builder-el-1  avia-builder-el-no-sibling  avia-align-center '  itemprop=\"image\" itemscope=\"itemscope\" itemtype=\"https:\/\/schema.org\/ImageObject\"  ><div class='avia-image-container-inner'><div class='avia-image-overlay-wrap'><img decoding=\"async\" class='wp-image-20480 avia-img-lazy-loading-not-20480 avia_image' src=\"https:\/\/radiorevelacionfm.cl\/wp-content\/uploads\/2022\/08\/rodeo-chch-1_optimized-1_optimized-1.jpg\" alt='' title='rodeo-chch-(1)_optimized-(1)_optimized (1)' height=\"600\" width=\"1054\"  itemprop=\"thumbnailUrl\" srcset=\"https:\/\/radiorevelacionfm.cl\/wp-content\/uploads\/2022\/08\/rodeo-chch-1_optimized-1_optimized-1.jpg 1054w, https:\/\/radiorevelacionfm.cl\/wp-content\/uploads\/2022\/08\/rodeo-chch-1_optimized-1_optimized-1-300x171.jpg 300w, https:\/\/radiorevelacionfm.cl\/wp-content\/uploads\/2022\/08\/rodeo-chch-1_optimized-1_optimized-1-1030x586.jpg 1030w, https:\/\/radiorevelacionfm.cl\/wp-content\/uploads\/2022\/08\/rodeo-chch-1_optimized-1_optimized-1-768x437.jpg 768w, https:\/\/radiorevelacionfm.cl\/wp-content\/uploads\/2022\/08\/rodeo-chch-1_optimized-1_optimized-1-705x401.jpg 705w, https:\/\/radiorevelacionfm.cl\/wp-content\/uploads\/2022\/08\/rodeo-chch-1_optimized-1_optimized-1-600x342.jpg 600w\" sizes=\"(max-width: 1054px) 100vw, 1054px\" \/><\/div><\/div><\/div><\/div><div class=\"flex_column av_one_full  flex_column_div av-zero-column-padding first  avia-builder-el-2  el_after_av_one_full  el_before_av_one_full  column-top-margin\" style='border-radius:0px; '><section class=\"av_textblock_section \"  itemscope=\"itemscope\" itemtype=\"https:\/\/schema.org\/BlogPosting\" itemprop=\"blogPost\" ><div class='avia_textblock  '   itemprop=\"text\" ><p style=\"text-align: center;\"><strong><span style=\"font-size: 18pt;\">Consejo Regional aprueba financiamiento para reposici\u00f3n de Medialuna en Chile Chico <\/span><\/strong><\/p>\n<div id=\"gtx-trans\" style=\"position: absolute; left: -50px; top: 4.31534px;\">\n<div class=\"gtx-trans-icon\"><\/div>\n<\/div>\n<\/div><\/section><\/div><div class=\"flex_column av_one_full  flex_column_div av-zero-column-padding first  avia-builder-el-4  el_after_av_one_full  el_before_av_hr  column-top-margin\" style='border-radius:0px; '><section class=\"av_textblock_section \"  itemscope=\"itemscope\" itemtype=\"https:\/\/schema.org\/BlogPosting\" itemprop=\"blogPost\" ><div class='avia_textblock  '   itemprop=\"text\" ><p dir=\"ltr\" style=\"text-align: justify;\">Durante este viernes se realiz\u00f3 la sesi\u00f3n N\u00b015 del Consejo Regional de Ays\u00e9n, donde hubo cuatro temas en la tabla de aprobaci\u00f3n. En la instancia participaron los 14 Consejeros y Consejeras, liderados por la presidenta del cuerpo colegiado la Gobernadora Regional de Ays\u00e9n, Andrea Mac\u00edas Palma. Los temas a debatir para su aprobaci\u00f3n fueron, en primer lugar, el suplementar una parte del \u00abPrograma de Inversi\u00f3n Regional\u00bb y ser destinado a CORES, con el objetivo de dar m\u00e1s recursos para su trabajo en terreno. Desde el cuerpo colegiado el consejero Jorge Abello ( DC) se abstuvo, mientras que los dem\u00e1s aceptaron la iniciativa.<\/p>\n<p dir=\"ltr\" style=\"text-align: justify;\">Luego, aprobar el\u00a0 dise\u00f1o para la construcci\u00f3n de Infraestructura, para el uso p\u00fablico,\u00a0 del sector Tamango por un monto de M$169.507. Lo que se busca con esta propuesta, es mejorar el sector para fines tur\u00edsticos.<\/p>\n<p dir=\"ltr\" style=\"text-align: justify;\">Ante la inversi\u00f3n, la gobernadora regional dijo que \u00abel Parque Nacional Patagonia, es un parque que tiene una capacidad de atracci\u00f3n tur\u00edstica important\u00edsima para nuestra regi\u00f3n. Entendemos que es el turismo una de las principales vocaciones productivas de nuestra tierra. Por lo tanto avanzar en infraestructura es fundamental\u00bb.<\/p>\n<p dir=\"ltr\" style=\"text-align: justify;\">Desde la Corporaci\u00f3n Nacional Forestal de la Regi\u00f3n de Ays\u00e9n (Conaf) su director (s) Ronald Valenzuela, indic\u00f3 que \u00abNos tiene muy contentos y muy satisfechos la aprobaci\u00f3n de este presupuesto para este dise\u00f1o, que es una necesidad que se hace patente desde el 2015 (&#8230;) con este tipo de proyectos se alcanza el inter\u00e9s conjunto del beneficio econ\u00f3mico de la comunidad y el resguardo de nuestro patrimonio ecol\u00f3gico\u00bb, indic\u00f3.<\/p>\n<p dir=\"ltr\" style=\"text-align: justify;\">Por su parte, la consejera y presidenta de la Comisi\u00f3n de Transporte, Infraestructura y Comunicaciones, Lilian Inostroza, se mostr\u00f3 satisfecha\u00a0 con la propuesta e indic\u00f3 que \u00abcreemos que como Consejo Regional es muy importante trabajar con todas las \u00e1reas silvestres protegidas de nuestra regi\u00f3n. CONAF desarrolla un gran trabajo a nivel regional y por ende este sector va a tener el apoyo\u00bb.<\/p>\n<p dir=\"ltr\" style=\"text-align: justify;\">En tercer lugar, se busc\u00f3 aprobar el informe favorable sobre la declaraci\u00f3n de impacto ambiental del proyecto \u00abPlanta de Almacenamiento de GLP\u00bb, documento que cont\u00f3 con el apoyo un\u00e1nime de los consejeros y consejeras.<\/p>\n<p dir=\"ltr\" style=\"text-align: justify;\">Finalmente, la aprobaci\u00f3n m\u00e1s esperada, fue sobre el financiamiento para ejecuci\u00f3n de \u00abMedialuna del Club de Rodeo Chile Chico\u00bb, Los vecinos y vecinas de esa comuna esperaron por m\u00e1s de una d\u00e9cada la luz verde para la mejora del lugar. Ser\u00e1n cerca de 1.400 millones los que el Gobierno Regional, junto a la aprobaci\u00f3n del CORE, beneficiaron para la obra.<\/p>\n<p dir=\"ltr\" style=\"text-align: justify;\">\u00abCuando uno apuesta por infraestructura en una zona rural, esto tambi\u00e9n implica que toda la comunidad pueda hacer uso de ella (&#8230;) Nos comprometimos y vamos a cumplir con los plazos \u00ab, dijo la Gobernadora Regional.<\/p>\n<p dir=\"ltr\" style=\"text-align: justify;\">El presidente del Club de Rodeo de Chile Chico, Segundo Acu\u00f1a, agradeci\u00f3 la gesti\u00f3n de las consejeras Lilian Inostroza y Paulina Hern\u00e1ndez por el apoyo en la propuesta. \u00abMuy emocionado, muy feliz, porque es como el sue\u00f1o del pibe (&#8230;) Agradezco al alcalde de Chile Chico, que es un gran aporte a la comunidad. Tambi\u00e9n agradecer a la gobernadora por la voluntad pol\u00edtica de acceder a este proyecto. Muy agradecido en nombre de la chilenidad y de la patria\u00bb, indic\u00f3 el vocero de la comunidad huasa de Chile Chico.<\/p>\n<\/div><\/section><\/div><div  style='height:50px' class='hr hr-invisible   avia-builder-el-6  el_after_av_one_full  el_before_av_social_share '><span class='hr-inner ' ><span class='hr-inner-style'><\/span><\/span><\/div><\/p>\n<div  class='av-social-sharing-box  avia-builder-el-7  el_after_av_hr  el_before_av_hr  '><div class='av-share-box'><h5 class='av-share-link-description av-no-toc '>Compartir esta noticia<\/h5><ul class='av-share-box-list noLightbox'><li class='av-share-link av-social-link-facebook' ><a target=\"_blank\" aria-label=\"Compartir en Facebook\" href='https:\/\/www.facebook.com\/sharer.php?u=https:\/\/radiorevelacionfm.cl\/?p=20479&#038;t=Consejo%20Regional%20aprueba%20financiamiento%20para%20reposici%C3%B3n%20de%20Medialuna%20en%20Chile%20Chico' aria-hidden='false' data-av_icon='\ue8f3' data-av_iconfont='entypo-fontello' title='' data-avia-related-tooltip='Compartir en Facebook' rel=\"noopener\"><span class='avia_hidden_link_text'>Compartir en Facebook<\/span><\/a><\/li><li class='av-share-link av-social-link-twitter' ><a target=\"_blank\" aria-label=\"Compartir en Twitter\" href='https:\/\/twitter.com\/share?text=Consejo%20Regional%20aprueba%20financiamiento%20para%20reposici%C3%B3n%20de%20Medialuna%20en%20Chile%20Chico&#038;url=https:\/\/radiorevelacionfm.cl\/?p=20479' aria-hidden='false' data-av_icon='\ue8f1' data-av_iconfont='entypo-fontello' title='' data-avia-related-tooltip='Compartir en Twitter' rel=\"noopener\"><span class='avia_hidden_link_text'>Compartir en Twitter<\/span><\/a><\/li><li class='av-share-link av-social-link-whatsapp' ><a target=\"_blank\" aria-label=\"Compartir en Whatsapp\" href='https:\/\/api.whatsapp.com\/send?text=https:\/\/radiorevelacionfm.cl\/?p=20479' aria-hidden='false' data-av_icon='\uf232' data-av_iconfont='entypo-fontello' title='' data-avia-related-tooltip='Compartir en Whatsapp' rel=\"noopener\"><span class='avia_hidden_link_text'>Compartir en Whatsapp<\/span><\/a><\/li><li class='av-share-link av-social-link-linkedin' ><a target=\"_blank\" aria-label=\"Compartir en LinkedIn\" href='https:\/\/linkedin.com\/shareArticle?mini=true&#038;title=Consejo%20Regional%20aprueba%20financiamiento%20para%20reposici%C3%B3n%20de%20Medialuna%20en%20Chile%20Chico&#038;url=https:\/\/radiorevelacionfm.cl\/?p=20479' aria-hidden='false' data-av_icon='\ue8fc' data-av_iconfont='entypo-fontello' title='' data-avia-related-tooltip='Compartir en LinkedIn' rel=\"noopener\"><span class='avia_hidden_link_text'>Compartir en LinkedIn<\/span><\/a><\/li><li class='av-share-link av-social-link-mail' ><a  aria-label=\"Compartir por correo\" href='mailto:?subject=Consejo%20Regional%20aprueba%20financiamiento%20para%20reposici%C3%B3n%20de%20Medialuna%20en%20Chile%20Chico&#038;body=https:\/\/radiorevelacionfm.cl\/?p=20479' aria-hidden='false' data-av_icon='\ue805' data-av_iconfont='entypo-fontello' title='' data-avia-related-tooltip='Compartir por correo'><span class='avia_hidden_link_text'>Compartir por correo<\/span><\/a><\/li><\/ul><\/div><\/div>\n<div  style='height:50px' class='hr hr-invisible   avia-builder-el-8  el_after_av_social_share  el_before_av_comments_list '><span class='hr-inner ' ><span class='hr-inner-style'><\/span><\/span><\/div>\n<div  class='av-buildercomment  av-blog-meta-html-info-disabled av-blog-meta-tag-disabled  '><\/div>\n","protected":false},"excerpt":{"rendered":"","protected":false},"author":1,"featured_media":20480,"comment_status":"open","ping_status":"open","sticky":false,"template":"","format":"standard","meta":{"footnotes":""},"categories":[38],"tags":[],"class_list":["post-20479","post","type-post","status-publish","format-standard","has-post-thumbnail","hentry","category-regional"],"jetpack_featured_media_url":"https:\/\/radiorevelacionfm.cl\/wp-content\/uploads\/2022\/08\/rodeo-chch-1_optimized-1_optimized-1.jpg","_links":{"self":[{"href":"https:\/\/radiorevelacionfm.cl\/index.php?rest_route=\/wp\/v2\/posts\/20479","targetHints":{"allow":["GET"]}}],"collection":[{"href":"https:\/\/radiorevelacionfm.cl\/index.php?rest_route=\/wp\/v2\/posts"}],"about":[{"href":"https:\/\/radiorevelacionfm.cl\/index.php?rest_route=\/wp\/v2\/types\/post"}],"author":[{"embeddable":true,"href":"https:\/\/radiorevelacionfm.cl\/index.php?rest_route=\/wp\/v2\/users\/1"}],"replies":[{"embeddable":true,"href":"https:\/\/radiorevelacionfm.cl\/index.php?rest_route=%2Fwp%2Fv2%2Fcomments&post=20479"}],"version-history":[{"count":2,"href":"https:\/\/radiorevelacionfm.cl\/index.php?rest_route=\/wp\/v2\/posts\/20479\/revisions"}],"predecessor-version":[{"id":20482,"href":"https:\/\/radiorevelacionfm.cl\/index.php?rest_route=\/wp\/v2\/posts\/20479\/revisions\/20482"}],"wp:featuredmedia":[{"embeddable":true,"href":"https:\/\/radiorevelacionfm.cl\/index.php?rest_route=\/wp\/v2\/media\/20480"}],"wp:attachment":[{"href":"https:\/\/radiorevelacionfm.cl\/index.php?rest_route=%2Fwp%2Fv2%2Fmedia&parent=20479"}],"wp:term":[{"taxonomy":"category","embeddable":true,"href":"https:\/\/radiorevelacionfm.cl\/index.php?rest_route=%2Fwp%2Fv2%2Fcategories&post=20479"},{"taxonomy":"post_tag","embeddable":true,"href":"https:\/\/radiorevelacionfm.cl\/index.php?rest_route=%2Fwp%2Fv2%2Ftags&post=20479"}],"curies":[{"name":"wp","href":"https:\/\/api.w.org\/{rel}","templated":true}]}}