{"id":20476,"date":"2022-08-13T11:38:28","date_gmt":"2022-08-13T14:38:28","guid":{"rendered":"https:\/\/radiorevelacionfm.cl\/?p=20476"},"modified":"2022-08-13T16:44:01","modified_gmt":"2022-08-13T19:44:01","slug":"servel-publico-nomina-de-vocales-de-mesa-para-el-plebiscito-del-04-de-septiembre","status":"publish","type":"post","link":"https:\/\/radiorevelacionfm.cl\/?p=20476","title":{"rendered":"Servel public\u00f3 n\u00f3mina de vocales de mesa para el Plebiscito del 04 de septiembre"},"content":{"rendered":"<div class=\"flex_column av_one_full  flex_column_div av-zero-column-padding first  avia-builder-el-0  el_before_av_one_full  avia-builder-el-first  \" style='border-radius:0px; '><div  class='avia-image-container  av-styling-    avia-builder-el-1  avia-builder-el-no-sibling  avia-align-center '  itemprop=\"image\" itemscope=\"itemscope\" itemtype=\"https:\/\/schema.org\/ImageObject\"  ><div class='avia-image-container-inner'><div class='avia-image-overlay-wrap'><img decoding=\"async\" class='wp-image-20477 avia-img-lazy-loading-not-20477 avia_image' src=\"https:\/\/radiorevelacionfm.cl\/wp-content\/uploads\/2022\/08\/Servel3-1-1.jpg\" alt='' title='Servel3 (1) (1)' height=\"600\" width=\"900\"  itemprop=\"thumbnailUrl\" srcset=\"https:\/\/radiorevelacionfm.cl\/wp-content\/uploads\/2022\/08\/Servel3-1-1.jpg 900w, https:\/\/radiorevelacionfm.cl\/wp-content\/uploads\/2022\/08\/Servel3-1-1-300x200.jpg 300w, https:\/\/radiorevelacionfm.cl\/wp-content\/uploads\/2022\/08\/Servel3-1-1-768x512.jpg 768w, https:\/\/radiorevelacionfm.cl\/wp-content\/uploads\/2022\/08\/Servel3-1-1-705x470.jpg 705w, https:\/\/radiorevelacionfm.cl\/wp-content\/uploads\/2022\/08\/Servel3-1-1-600x400.jpg 600w\" sizes=\"(max-width: 900px) 100vw, 900px\" \/><\/div><\/div><\/div><\/div>\n<div class=\"flex_column av_one_full  flex_column_div av-zero-column-padding first  avia-builder-el-2  el_after_av_one_full  el_before_av_one_full  column-top-margin\" style='border-radius:0px; '><section class=\"av_textblock_section \"  itemscope=\"itemscope\" itemtype=\"https:\/\/schema.org\/BlogPosting\" itemprop=\"blogPost\" ><div class='avia_textblock  '   itemprop=\"text\" ><p style=\"text-align: center;\"><strong><span style=\"font-size: 18pt;\">Servel public\u00f3 n\u00f3mina de vocales de mesa para el Plebiscito del 04 de septiembre<\/span><\/strong><\/p>\n<div id=\"gtx-trans\" style=\"position: absolute; left: -50px; top: 4.31534px;\">\n<div class=\"gtx-trans-icon\"><\/div>\n<\/div>\n<\/div><\/section><\/div>\n<div class=\"flex_column av_one_full  flex_column_div av-zero-column-padding first  avia-builder-el-4  el_after_av_one_full  el_before_av_hr  column-top-margin\" style='border-radius:0px; '><section class=\"av_textblock_section \"  itemscope=\"itemscope\" itemtype=\"https:\/\/schema.org\/BlogPosting\" itemprop=\"blogPost\" ><div class='avia_textblock  '   itemprop=\"text\" ><p style=\"text-align: justify;\"><span data-contrast=\"auto\">Este s\u00e1bado <strong>13 de agosto<\/strong>, se publicaron las mesas receptoras de sufragios y locales de votaci\u00f3n donde deber\u00e1 asistir el electorado para cumplir con su voto obligatorio en el Plebiscito Constitucional.<\/span><span data-ccp-props=\"{\">\u00a0<\/span><\/p>\n<p style=\"text-align: justify;\"><span data-contrast=\"auto\">A partir de hoy, cada ciudadano podr\u00e1 revisar en consulta de datos electorales de la web de Servel estos antecedentes para tenerlos presentes el 4 de septiembre, d\u00eda en que acuda a ejercer su derecho a sufragio.<\/span><span data-ccp-props=\"{\">\u00a0<\/span><\/p>\n<p style=\"text-align: justify;\"><span data-contrast=\"auto\">Tambi\u00e9n se dio a conocer el listado de los electores designados como Vocales de Mesa por las Juntas Electorales los que, en caso de necesidad, tendr\u00e1n un plazo de tres d\u00edas para presentar sus excusas ante el organismo.<\/span><span data-ccp-props=\"{\">\u00a0<\/span><\/p>\n<p style=\"text-align: justify;\"><strong>Todas las mesas ser\u00e1n nuevas y los locales de votaci\u00f3n pueden haber cambiado<\/strong>\u00a0debido a la implementaci\u00f3n de la Ley N\u00b021.385, que modific\u00f3 la forma de asignar a los electores los locales de votaci\u00f3n para permitir acercarlos a su domicilio electoral.<\/p>\n<p style=\"text-align: justify;\">Conozca su mesa, local de votaci\u00f3n, y si fue designado como vocal de mesa o miembro de colegio escrutador ingresando con su RUN a\u00a0<a href=\"https:\/\/consulta.servel.cl\/\">consulta.servel.cl<\/a>, llamando al 600 6000 166, o a trav\u00e9s de la \u00faltima versi\u00f3n de la App del Servicio Electoral\u00a0<strong>\u201cServel Chile\u201d<\/strong>, disponible en App Store y Play Store.<\/p>\n<p style=\"text-align: justify;\">Es importante tener claro que el voto es obligatorio, el no ir a votar puede significar recibir una multa que puede alcanzar las 3 UTM, es decir, $174.744.<\/p>\n<p style=\"text-align: justify;\"><strong>Otras fechas importantes para el electorado:\u00a0<\/strong><\/p>\n<p style=\"text-align: justify;\"><span data-contrast=\"auto\">16 al 18 de agosto<\/span>\u00a0<span data-contrast=\"auto\">: Comienza el plazo para presentar excusas ante<\/span><span data-ccp-props=\"{\">\u00a0<\/span><span data-contrast=\"auto\">Juntas Electorales para Vocal de Mesa y\u00a0<\/span><span data-contrast=\"auto\">miembros de Colegio Escrutador.<\/span><span data-ccp-props=\"{\">\u00a0<\/span><\/p>\n<p style=\"text-align: justify;\"><span data-contrast=\"auto\">20 de agosto<\/span>\u00a0<span data-contrast=\"auto\">: Publican n\u00f3minas de vocales reemplazantes para Mesas Receptoras de Sufragios y miembros de Colegios Escrutadores.<\/span><span data-ccp-props=\"{\">\u00a0<\/span><\/p>\n<p style=\"text-align: justify;\"><span data-contrast=\"auto\">20 de agosto<\/span>\u00a0<span data-contrast=\"auto\">:\u00a0<\/span><span data-contrast=\"auto\">Vence plazo para divulgar resultados de encuestas.<\/span><span data-ccp-props=\"{\">\u00a0<\/span><\/p>\n<p style=\"text-align: justify;\"><span data-contrast=\"auto\">30 de agosto<\/span>\u00a0<span data-contrast=\"auto\">: Servicio Electoral publica en diarios, el facs\u00edmil de la c\u00e9dula de votaci\u00f3n.<\/span><span data-ccp-props=\"{\">\u00a0<\/span><\/p>\n<p style=\"text-align: justify;\"><span data-contrast=\"auto\">1 de septiembre<\/span>\u00a0<span data-contrast=\"auto\">: T\u00e9rmino de todo tipo de propaganda electoral, informaci\u00f3n electoral de utilidad para la ciudadan\u00eda y la franja gratuita de propaganda.<\/span><\/p>\n<p style=\"text-align: justify;\"><span data-contrast=\"auto\">3 de septiembre<\/span>\u00a0<span data-contrast=\"auto\">: A las 15:00 horas, los vocales de Mesas Receptoras designados, se re\u00fanen para constituir sus mesas de sufragio.<\/span><span data-ccp-props=\"{\">\u00a0<\/span><\/p>\n<p style=\"text-align: justify;\"><span data-contrast=\"auto\">4 de septiembre<\/span>\u00a0<span data-contrast=\"auto\">: Plebiscito Constitucional.<\/span><span data-ccp-props=\"{\">\u00a0<\/span><\/p>\n<\/div><\/section><\/div><div  style='height:50px' class='hr hr-invisible   avia-builder-el-6  el_after_av_one_full  el_before_av_social_share '><span class='hr-inner ' ><span class='hr-inner-style'><\/span><\/span><\/div><\/p>\n<div  class='av-social-sharing-box  avia-builder-el-7  el_after_av_hr  el_before_av_hr  '><div class='av-share-box'><h5 class='av-share-link-description av-no-toc '>Compartir esta noticia<\/h5><ul class='av-share-box-list noLightbox'><li class='av-share-link av-social-link-facebook' ><a target=\"_blank\" aria-label=\"Compartir en Facebook\" href='https:\/\/www.facebook.com\/sharer.php?u=https:\/\/radiorevelacionfm.cl\/?p=20476&#038;t=Servel%20public%C3%B3%20n%C3%B3mina%20de%20vocales%20de%20mesa%20para%20el%20Plebiscito%20del%2004%20de%20septiembre' aria-hidden='false' data-av_icon='\ue8f3' data-av_iconfont='entypo-fontello' title='' data-avia-related-tooltip='Compartir en Facebook' rel=\"noopener\"><span class='avia_hidden_link_text'>Compartir en Facebook<\/span><\/a><\/li><li class='av-share-link av-social-link-twitter' ><a target=\"_blank\" aria-label=\"Compartir en Twitter\" href='https:\/\/twitter.com\/share?text=Servel%20public%C3%B3%20n%C3%B3mina%20de%20vocales%20de%20mesa%20para%20el%20Plebiscito%20del%2004%20de%20septiembre&#038;url=https:\/\/radiorevelacionfm.cl\/?p=20476' aria-hidden='false' data-av_icon='\ue8f1' data-av_iconfont='entypo-fontello' title='' data-avia-related-tooltip='Compartir en Twitter' rel=\"noopener\"><span class='avia_hidden_link_text'>Compartir en Twitter<\/span><\/a><\/li><li class='av-share-link av-social-link-whatsapp' ><a target=\"_blank\" aria-label=\"Compartir en Whatsapp\" href='https:\/\/api.whatsapp.com\/send?text=https:\/\/radiorevelacionfm.cl\/?p=20476' aria-hidden='false' data-av_icon='\uf232' data-av_iconfont='entypo-fontello' title='' data-avia-related-tooltip='Compartir en Whatsapp' rel=\"noopener\"><span class='avia_hidden_link_text'>Compartir en Whatsapp<\/span><\/a><\/li><li class='av-share-link av-social-link-linkedin' ><a target=\"_blank\" aria-label=\"Compartir en LinkedIn\" href='https:\/\/linkedin.com\/shareArticle?mini=true&#038;title=Servel%20public%C3%B3%20n%C3%B3mina%20de%20vocales%20de%20mesa%20para%20el%20Plebiscito%20del%2004%20de%20septiembre&#038;url=https:\/\/radiorevelacionfm.cl\/?p=20476' aria-hidden='false' data-av_icon='\ue8fc' data-av_iconfont='entypo-fontello' title='' data-avia-related-tooltip='Compartir en LinkedIn' rel=\"noopener\"><span class='avia_hidden_link_text'>Compartir en LinkedIn<\/span><\/a><\/li><li class='av-share-link av-social-link-mail' ><a  aria-label=\"Compartir por correo\" href='mailto:?subject=Servel%20public%C3%B3%20n%C3%B3mina%20de%20vocales%20de%20mesa%20para%20el%20Plebiscito%20del%2004%20de%20septiembre&#038;body=https:\/\/radiorevelacionfm.cl\/?p=20476' aria-hidden='false' data-av_icon='\ue805' data-av_iconfont='entypo-fontello' title='' data-avia-related-tooltip='Compartir por correo'><span class='avia_hidden_link_text'>Compartir por correo<\/span><\/a><\/li><\/ul><\/div><\/div>\n<div  style='height:50px' class='hr hr-invisible   avia-builder-el-8  el_after_av_social_share  el_before_av_comments_list '><span class='hr-inner ' ><span class='hr-inner-style'><\/span><\/span><\/div>\n<div  class='av-buildercomment  av-blog-meta-html-info-disabled av-blog-meta-tag-disabled  '><\/div>\n","protected":false},"excerpt":{"rendered":"","protected":false},"author":1,"featured_media":20477,"comment_status":"open","ping_status":"open","sticky":false,"template":"","format":"standard","meta":{"footnotes":""},"categories":[61],"tags":[],"class_list":["post-20476","post","type-post","status-publish","format-standard","has-post-thumbnail","hentry","category-nacional"],"jetpack_featured_media_url":"https:\/\/radiorevelacionfm.cl\/wp-content\/uploads\/2022\/08\/Servel3-1-1.jpg","_links":{"self":[{"href":"https:\/\/radiorevelacionfm.cl\/index.php?rest_route=\/wp\/v2\/posts\/20476","targetHints":{"allow":["GET"]}}],"collection":[{"href":"https:\/\/radiorevelacionfm.cl\/index.php?rest_route=\/wp\/v2\/posts"}],"about":[{"href":"https:\/\/radiorevelacionfm.cl\/index.php?rest_route=\/wp\/v2\/types\/post"}],"author":[{"embeddable":true,"href":"https:\/\/radiorevelacionfm.cl\/index.php?rest_route=\/wp\/v2\/users\/1"}],"replies":[{"embeddable":true,"href":"https:\/\/radiorevelacionfm.cl\/index.php?rest_route=%2Fwp%2Fv2%2Fcomments&post=20476"}],"version-history":[{"count":4,"href":"https:\/\/radiorevelacionfm.cl\/index.php?rest_route=\/wp\/v2\/posts\/20476\/revisions"}],"predecessor-version":[{"id":20489,"href":"https:\/\/radiorevelacionfm.cl\/index.php?rest_route=\/wp\/v2\/posts\/20476\/revisions\/20489"}],"wp:featuredmedia":[{"embeddable":true,"href":"https:\/\/radiorevelacionfm.cl\/index.php?rest_route=\/wp\/v2\/media\/20477"}],"wp:attachment":[{"href":"https:\/\/radiorevelacionfm.cl\/index.php?rest_route=%2Fwp%2Fv2%2Fmedia&parent=20476"}],"wp:term":[{"taxonomy":"category","embeddable":true,"href":"https:\/\/radiorevelacionfm.cl\/index.php?rest_route=%2Fwp%2Fv2%2Fcategories&post=20476"},{"taxonomy":"post_tag","embeddable":true,"href":"https:\/\/radiorevelacionfm.cl\/index.php?rest_route=%2Fwp%2Fv2%2Ftags&post=20476"}],"curies":[{"name":"wp","href":"https:\/\/api.w.org\/{rel}","templated":true}]}}