{"id":20462,"date":"2022-08-12T18:08:48","date_gmt":"2022-08-12T21:08:48","guid":{"rendered":"https:\/\/radiorevelacionfm.cl\/?p=20462"},"modified":"2022-08-13T18:04:43","modified_gmt":"2022-08-13T21:04:43","slug":"declaran-alerta-temprana-preventiva-para-la-region-de-aysen-por-evento-meteorologico-2","status":"publish","type":"post","link":"https:\/\/radiorevelacionfm.cl\/?p=20462","title":{"rendered":"Declaran alerta temprana preventiva para la regi\u00f3n de Ays\u00e9n por evento meteorol\u00f3gico"},"content":{"rendered":"<div class=\"flex_column av_one_full  flex_column_div av-zero-column-padding first  avia-builder-el-0  el_before_av_one_full  avia-builder-el-first  \" style='border-radius:0px; '><div  class='avia-image-container  av-styling-    avia-builder-el-1  avia-builder-el-no-sibling  avia-align-center '  itemprop=\"image\" itemscope=\"itemscope\" itemtype=\"https:\/\/schema.org\/ImageObject\"  ><div class='avia-image-container-inner'><div class='avia-image-overlay-wrap'><img decoding=\"async\" class='wp-image-20463 avia-img-lazy-loading-not-20463 avia_image' src=\"https:\/\/radiorevelacionfm.cl\/wp-content\/uploads\/2022\/08\/Tormentas-electricas2-1-1.jpg\" alt='' title='Tormentas electricas2 (1) (1)' height=\"600\" width=\"1113\"  itemprop=\"thumbnailUrl\" srcset=\"https:\/\/radiorevelacionfm.cl\/wp-content\/uploads\/2022\/08\/Tormentas-electricas2-1-1.jpg 1113w, https:\/\/radiorevelacionfm.cl\/wp-content\/uploads\/2022\/08\/Tormentas-electricas2-1-1-300x162.jpg 300w, https:\/\/radiorevelacionfm.cl\/wp-content\/uploads\/2022\/08\/Tormentas-electricas2-1-1-1030x555.jpg 1030w, https:\/\/radiorevelacionfm.cl\/wp-content\/uploads\/2022\/08\/Tormentas-electricas2-1-1-768x414.jpg 768w, https:\/\/radiorevelacionfm.cl\/wp-content\/uploads\/2022\/08\/Tormentas-electricas2-1-1-705x380.jpg 705w, https:\/\/radiorevelacionfm.cl\/wp-content\/uploads\/2022\/08\/Tormentas-electricas2-1-1-600x323.jpg 600w\" sizes=\"(max-width: 1113px) 100vw, 1113px\" \/><\/div><\/div><\/div><\/div>\n<div class=\"flex_column av_one_full  flex_column_div av-zero-column-padding first  avia-builder-el-2  el_after_av_one_full  el_before_av_one_full  column-top-margin\" style='border-radius:0px; '><section class=\"av_textblock_section \"  itemscope=\"itemscope\" itemtype=\"https:\/\/schema.org\/BlogPosting\" itemprop=\"blogPost\" ><div class='avia_textblock  '   itemprop=\"text\" ><p style=\"text-align: center;\"><strong><span style=\"font-size: 18pt;\">Declaran alerta temprana preventiva para la regi\u00f3n de Ays\u00e9n por evento meteorol\u00f3gico<\/span><\/strong><\/p>\n<div id=\"gtx-trans\" style=\"position: absolute; left: -50px; top: 4.31534px;\">\n<div class=\"gtx-trans-icon\"><\/div>\n<\/div>\n<\/div><\/section><\/div>\n<div class=\"flex_column av_one_full  flex_column_div av-zero-column-padding first  avia-builder-el-4  el_after_av_one_full  el_before_av_hr  column-top-margin\" style='border-radius:0px; '><section class=\"av_textblock_section \"  itemscope=\"itemscope\" itemtype=\"https:\/\/schema.org\/BlogPosting\" itemprop=\"blogPost\" ><div class='avia_textblock  '   itemprop=\"text\" ><p style=\"font-weight: 400; text-align: justify;\">De acuerdo con la informaci\u00f3n proporcionada por la Direcci\u00f3n Meteorol\u00f3gica de Chile a trav\u00e9s de su Aviso Meteorol\u00f3gico\u00a0CNA A326\/2022,\u00a0emitido el d\u00eda Jueves 11 de agosto de 2022,\u00a0el cual indica\u00a0Viento Normal a Moderado desde la madrugada del s\u00e1bado 13 de agosto hasta la tarde 13 de agosto, en zona insular Norte e Insular sur, debido a condici\u00f3n sin\u00f3ptica Sistema frontal Frio.<\/p>\n<p style=\"font-weight: 400; text-align: justify;\">Por otra parte la informaci\u00f3n proporcionada por la Direcci\u00f3n Meteorol\u00f3gica de Chile, en su Aviso Meteorol\u00f3gico\u00a0CNA A327\/2022\u00a0emitido el d\u00eda Jueves 11 de agosto de 2022, en la que se indica\u00a0Precipitaciones normales a moderadas, que afectara a Cordillera Austral Norte.\u00a0Debido a condici\u00f3n sin\u00f3ptica Sistema frontal Frio.<\/p>\n<p style=\"font-weight: 400; text-align: justify;\">Adem\u00e1s del nuevo informe proporcionado por la Direcci\u00f3n Meteorol\u00f3gica de Chile, en su Aviso Meteorol\u00f3gico CNA A329\/2022 emitido el d\u00eda de hoy viernes 12 de agosto de 2022, en la que se indica Probables tormentas el\u00e9ctricas, que afectara a Zona Insular Norte, Litoral Interior Norte, Cordillera Austral Norte y Patagonia Subandina Norte desde la ma\u00f1ana del domingo 14 de agosto hasta la tarde de domingo 14 de agosto del 2022. Debido a condici\u00f3n sin\u00f3ptica de Inestabilidad post frontal.<\/p>\n<p style=\"font-weight: 400; text-align: justify;\">Por ultimo la Direcci\u00f3n Meteorol\u00f3gica de Chile a trav\u00e9s de su Aviso Meteorol\u00f3gico\u00a0CNA A330\/2022,\u00a0emitido el d\u00eda de hoy viernes \u00a0de agosto de 2022,\u00a0el cual indica\u00a0Viento Normal a Moderado desde la madrugada del Domingo 14 de agosto hasta la ma\u00f1ana del 14 de agosto, en zona Insular Norte, debido a condici\u00f3n sin\u00f3ptica Sistema frontal Frio.<\/p>\n<p style=\"font-weight: 400; text-align: justify;\">Sumado al sistema frontal anterior que dejo acumulaciones de nieve en zonas de Cordillera Austral Norte, Patagonia Subandina, Cordillera Austral Sur y Patagonia Subandina Sur. Afectando principalmente a la conectividad terrestre en \u00a0v\u00edas y rutas de la regi\u00f3n por rodados menores y deshielo, lo cual ha producido dificultades de desplazamiento, principalmente en la \u00a0en la Ruta 7 \u00a0Sur, como as\u00ed mismo se mantiene condici\u00f3n de nieve y hielo en caminos secundarios y terciarios de la Regi\u00f3n.<\/p>\n<p style=\"font-weight: 400; text-align: justify;\">En base a esta informaci\u00f3n t\u00e9cnica, la Direcci\u00f3n Regional de ONEMI Ays\u00e9n\u00a0<strong>DECLARA ALERTA VERDE TEMPRANA PREVENTIVA<\/strong>\u00a0para la Regi\u00f3n de Ays\u00e9n, por\u00a0Evento Meteorol\u00f3gico\u00a0y se mantendr\u00e1 hasta que las condiciones as\u00ed lo ameriten.<\/p>\n<p style=\"font-weight: 400; text-align: justify;\">En relaci\u00f3n a las\u00a0<strong>precipitaciones<\/strong>\u00a0se debe tener especial resguardo, por acumulaci\u00f3n de agua en sectores bajos, posibles aumentos de caudal de los cursos de agua con potencial desborde, por lo que se deber\u00e1 monitorear estado de r\u00edos y caminos. Adem\u00e1s, se deber\u00e1 mantener monitoreo de los cursos de agua y quebradas que se pudieran activar o generar arrastre de sedimento con las precipitaciones.<\/p>\n<p style=\"font-weight: 400; text-align: justify;\">En atenci\u00f3n a la condici\u00f3n de\u00a0<strong>Viento<\/strong>, el Sistema Nacional de Prevenci\u00f3n y Respuesta ante Desastres (SINAPRED), deber\u00e1 mantener las coordinaciones necesarias para la efectividad de los mecanismos de alerta y de gestiones de prevenci\u00f3n a fin de evitar situaciones de riesgo para la poblaci\u00f3n, ya que se podr\u00eda generar afectaci\u00f3n por voladuras de techumbres, alteraci\u00f3n de conectividad, interrupci\u00f3n de suministro el\u00e9ctrico y telef\u00f3nico por ca\u00eddas de \u00e1rboles o parte de sus ramas en tendido el\u00e9ctrico, tanto en sectores rurales como urbanos, adem\u00e1s se podr\u00eda afectar muros y cierres de sitios en construcci\u00f3n. Se recomienda a la poblaci\u00f3n asegurar techumbre de las viviendas, realizar poda de \u00e1rboles y ramas y asegurar objetos colgantes que pudieran desprenderse por acci\u00f3n del viento, generando situaciones de emergencia.<\/p>\n<p style=\"font-weight: 400; text-align: justify;\">En atenci\u00f3n al pron\u00f3stico de\u00a0<strong>tormentas el\u00e9ctricas<\/strong>, el Sistema Nacional de Prevenci\u00f3n y Respuesta ante Desastres (SINAPRED), recomienda a la poblaci\u00f3n suspender juegos u otras actividades al aire libre, evitar refugiarse bajo \u00e1rboles, postes o antenas, evitar nadar o ingresar a lagos o r\u00edos, no acercarse a m\u00e1quinas, cercas, tubos, rejas o m\u00e1stiles. En cuanto a recomendaciones en el hogar, determinar un lugar seguro para resguardarse, desenchufar y desconectar todos los aparatos el\u00e9ctricos, evitar cualquier contacto con agua, cerrar cortinas y persianas para evitar da\u00f1os si hubiese quebradura de vidrios.<\/p>\n<\/div><\/section><\/div><div  style='height:50px' class='hr hr-invisible   avia-builder-el-6  el_after_av_one_full  el_before_av_social_share '><span class='hr-inner ' ><span class='hr-inner-style'><\/span><\/span><\/div><\/p>\n<div  class='av-social-sharing-box  avia-builder-el-7  el_after_av_hr  el_before_av_hr  '><div class='av-share-box'><h5 class='av-share-link-description av-no-toc '>Compartir esta noticia<\/h5><ul class='av-share-box-list noLightbox'><li class='av-share-link av-social-link-facebook' ><a target=\"_blank\" aria-label=\"Compartir en Facebook\" href='https:\/\/www.facebook.com\/sharer.php?u=https:\/\/radiorevelacionfm.cl\/?p=20462&#038;t=Declaran%20alerta%20temprana%20preventiva%20para%20la%20regi%C3%B3n%20de%20Ays%C3%A9n%20por%20evento%20meteorol%C3%B3gico' aria-hidden='false' data-av_icon='\ue8f3' data-av_iconfont='entypo-fontello' title='' data-avia-related-tooltip='Compartir en Facebook' rel=\"noopener\"><span class='avia_hidden_link_text'>Compartir en Facebook<\/span><\/a><\/li><li class='av-share-link av-social-link-twitter' ><a target=\"_blank\" aria-label=\"Compartir en Twitter\" href='https:\/\/twitter.com\/share?text=Declaran%20alerta%20temprana%20preventiva%20para%20la%20regi%C3%B3n%20de%20Ays%C3%A9n%20por%20evento%20meteorol%C3%B3gico&#038;url=https:\/\/radiorevelacionfm.cl\/?p=20462' aria-hidden='false' data-av_icon='\ue8f1' data-av_iconfont='entypo-fontello' title='' data-avia-related-tooltip='Compartir en Twitter' rel=\"noopener\"><span class='avia_hidden_link_text'>Compartir en Twitter<\/span><\/a><\/li><li class='av-share-link av-social-link-whatsapp' ><a target=\"_blank\" aria-label=\"Compartir en Whatsapp\" href='https:\/\/api.whatsapp.com\/send?text=https:\/\/radiorevelacionfm.cl\/?p=20462' aria-hidden='false' data-av_icon='\uf232' data-av_iconfont='entypo-fontello' title='' data-avia-related-tooltip='Compartir en Whatsapp' rel=\"noopener\"><span class='avia_hidden_link_text'>Compartir en Whatsapp<\/span><\/a><\/li><li class='av-share-link av-social-link-linkedin' ><a target=\"_blank\" aria-label=\"Compartir en LinkedIn\" href='https:\/\/linkedin.com\/shareArticle?mini=true&#038;title=Declaran%20alerta%20temprana%20preventiva%20para%20la%20regi%C3%B3n%20de%20Ays%C3%A9n%20por%20evento%20meteorol%C3%B3gico&#038;url=https:\/\/radiorevelacionfm.cl\/?p=20462' aria-hidden='false' data-av_icon='\ue8fc' data-av_iconfont='entypo-fontello' title='' data-avia-related-tooltip='Compartir en LinkedIn' rel=\"noopener\"><span class='avia_hidden_link_text'>Compartir en LinkedIn<\/span><\/a><\/li><li class='av-share-link av-social-link-mail' ><a  aria-label=\"Compartir por correo\" href='mailto:?subject=Declaran%20alerta%20temprana%20preventiva%20para%20la%20regi%C3%B3n%20de%20Ays%C3%A9n%20por%20evento%20meteorol%C3%B3gico&#038;body=https:\/\/radiorevelacionfm.cl\/?p=20462' aria-hidden='false' data-av_icon='\ue805' data-av_iconfont='entypo-fontello' title='' data-avia-related-tooltip='Compartir por correo'><span class='avia_hidden_link_text'>Compartir por correo<\/span><\/a><\/li><\/ul><\/div><\/div>\n<div  style='height:50px' class='hr hr-invisible   avia-builder-el-8  el_after_av_social_share  el_before_av_comments_list '><span class='hr-inner ' ><span class='hr-inner-style'><\/span><\/span><\/div>\n<div  class='av-buildercomment  av-blog-meta-html-info-disabled av-blog-meta-tag-disabled  '><\/div>\n","protected":false},"excerpt":{"rendered":"","protected":false},"author":1,"featured_media":20463,"comment_status":"open","ping_status":"open","sticky":false,"template":"","format":"standard","meta":{"footnotes":""},"categories":[38],"tags":[],"class_list":["post-20462","post","type-post","status-publish","format-standard","has-post-thumbnail","hentry","category-regional"],"jetpack_featured_media_url":"https:\/\/radiorevelacionfm.cl\/wp-content\/uploads\/2022\/08\/Tormentas-electricas2-1-1.jpg","_links":{"self":[{"href":"https:\/\/radiorevelacionfm.cl\/index.php?rest_route=\/wp\/v2\/posts\/20462","targetHints":{"allow":["GET"]}}],"collection":[{"href":"https:\/\/radiorevelacionfm.cl\/index.php?rest_route=\/wp\/v2\/posts"}],"about":[{"href":"https:\/\/radiorevelacionfm.cl\/index.php?rest_route=\/wp\/v2\/types\/post"}],"author":[{"embeddable":true,"href":"https:\/\/radiorevelacionfm.cl\/index.php?rest_route=\/wp\/v2\/users\/1"}],"replies":[{"embeddable":true,"href":"https:\/\/radiorevelacionfm.cl\/index.php?rest_route=%2Fwp%2Fv2%2Fcomments&post=20462"}],"version-history":[{"count":4,"href":"https:\/\/radiorevelacionfm.cl\/index.php?rest_route=\/wp\/v2\/posts\/20462\/revisions"}],"predecessor-version":[{"id":20492,"href":"https:\/\/radiorevelacionfm.cl\/index.php?rest_route=\/wp\/v2\/posts\/20462\/revisions\/20492"}],"wp:featuredmedia":[{"embeddable":true,"href":"https:\/\/radiorevelacionfm.cl\/index.php?rest_route=\/wp\/v2\/media\/20463"}],"wp:attachment":[{"href":"https:\/\/radiorevelacionfm.cl\/index.php?rest_route=%2Fwp%2Fv2%2Fmedia&parent=20462"}],"wp:term":[{"taxonomy":"category","embeddable":true,"href":"https:\/\/radiorevelacionfm.cl\/index.php?rest_route=%2Fwp%2Fv2%2Fcategories&post=20462"},{"taxonomy":"post_tag","embeddable":true,"href":"https:\/\/radiorevelacionfm.cl\/index.php?rest_route=%2Fwp%2Fv2%2Ftags&post=20462"}],"curies":[{"name":"wp","href":"https:\/\/api.w.org\/{rel}","templated":true}]}}