{"id":20458,"date":"2022-08-12T17:55:01","date_gmt":"2022-08-12T20:55:01","guid":{"rendered":"https:\/\/radiorevelacionfm.cl\/?p=20458"},"modified":"2022-08-12T17:55:01","modified_gmt":"2022-08-12T20:55:01","slug":"delegado-rodrigo-araya-encabeza-coordinacion-de-servicios-para-proximo-plebiscito-constitucional","status":"publish","type":"post","link":"https:\/\/radiorevelacionfm.cl\/?p=20458","title":{"rendered":"Delegado Rodrigo Araya encabeza coordinaci\u00f3n de servicios para pr\u00f3ximo Plebiscito Constitucional"},"content":{"rendered":"<div class=\"flex_column av_one_full  flex_column_div av-zero-column-padding first  avia-builder-el-0  el_before_av_one_full  avia-builder-el-first  \" style='border-radius:0px; '><div  class='avia-image-container  av-styling-    avia-builder-el-1  avia-builder-el-no-sibling  avia-align-center '  itemprop=\"image\" itemscope=\"itemscope\" itemtype=\"https:\/\/schema.org\/ImageObject\"  ><div class='avia-image-container-inner'><div class='avia-image-overlay-wrap'><img decoding=\"async\" class='wp-image-20459 avia-img-lazy-loading-not-20459 avia_image' src=\"https:\/\/radiorevelacionfm.cl\/wp-content\/uploads\/2022\/08\/WhatsApp-Image-2022-08-12-at-3.56.08-PM-1-1-1.jpeg\" alt='' title='WhatsApp Image 2022-08-12 at 3.56.08 PM (1) (1) (1)' height=\"600\" width=\"900\"  itemprop=\"thumbnailUrl\" srcset=\"https:\/\/radiorevelacionfm.cl\/wp-content\/uploads\/2022\/08\/WhatsApp-Image-2022-08-12-at-3.56.08-PM-1-1-1.jpeg 900w, https:\/\/radiorevelacionfm.cl\/wp-content\/uploads\/2022\/08\/WhatsApp-Image-2022-08-12-at-3.56.08-PM-1-1-1-300x200.jpeg 300w, https:\/\/radiorevelacionfm.cl\/wp-content\/uploads\/2022\/08\/WhatsApp-Image-2022-08-12-at-3.56.08-PM-1-1-1-768x512.jpeg 768w, https:\/\/radiorevelacionfm.cl\/wp-content\/uploads\/2022\/08\/WhatsApp-Image-2022-08-12-at-3.56.08-PM-1-1-1-705x470.jpeg 705w, https:\/\/radiorevelacionfm.cl\/wp-content\/uploads\/2022\/08\/WhatsApp-Image-2022-08-12-at-3.56.08-PM-1-1-1-600x400.jpeg 600w\" sizes=\"(max-width: 900px) 100vw, 900px\" \/><\/div><\/div><\/div><\/div><div class=\"flex_column av_one_full  flex_column_div av-zero-column-padding first  avia-builder-el-2  el_after_av_one_full  el_before_av_one_full  column-top-margin\" style='border-radius:0px; '><section class=\"av_textblock_section \"  itemscope=\"itemscope\" itemtype=\"https:\/\/schema.org\/BlogPosting\" itemprop=\"blogPost\" ><div class='avia_textblock  '   itemprop=\"text\" ><p style=\"text-align: center;\"><strong><span style=\"font-size: 18pt;\">Delegado Rodrigo Araya encabeza coordinaci\u00f3n de servicios para pr\u00f3ximo Plebiscito Constitucional<\/span><\/strong><\/p>\n<div id=\"gtx-trans\" style=\"position: absolute; left: -50px; top: 4.31534px;\">\n<div class=\"gtx-trans-icon\"><\/div>\n<\/div>\n<\/div><\/section><\/div><div class=\"flex_column av_one_full  flex_column_div av-zero-column-padding first  avia-builder-el-4  el_after_av_one_full  el_before_av_hr  column-top-margin\" style='border-radius:0px; '><section class=\"av_textblock_section \"  itemscope=\"itemscope\" itemtype=\"https:\/\/schema.org\/BlogPosting\" itemprop=\"blogPost\" ><div class='avia_textblock  '   itemprop=\"text\" ><p style=\"font-weight: 400; text-align: justify;\">Con el objetivo de garantizar una adecuada coordinaci\u00f3n de todas las instituciones que participar\u00e1n en el Plebiscito Constitucional del pr\u00f3ximo 4 de septiembre, el Delegado Presidencial Regional, Rodrigo Araya, encabez\u00f3 una reuni\u00f3n de trabajo con el Director Regional del Servicio Electoral, N\u00e9stor Sep\u00falveda, la seremi de Transporte y Telecomunicaciones, Claudia Cantero, el Jefe XI Zona de Carabineros de Ays\u00e9n, General Hugo Zenteno, y el Jefe del Estado Mayor de la IV\u00aa Divisi\u00f3n de Ej\u00e9rcito, Coronel Javier Mendoza.<\/p>\n<p style=\"font-weight: 400; text-align: justify;\">Rodrigo Araya destac\u00f3 que los servicios est\u00e1n preparados para la atenci\u00f3n que se entregar\u00e1 en 39 locales en la regi\u00f3n, por lo que inst\u00f3 a revisar oportunamente los datos electorales considerando que la participaci\u00f3n es obligatoria.<\/p>\n<p style=\"font-weight: 400; text-align: justify;\">\u201cPara verificar que todo est\u00e1 funcionando y se est\u00e1 coordinando de manera adecuada, para garantizar que todos nosotros podamos votar el 4 de septiembre de manera segura. Este voto es obligatorio, a partir de este fin de semana, se van a publicar tambi\u00e9n los listados formales y, por lo tanto, cada uno de nosotros puede verificar en el sistema online, el local de votaci\u00f3n y la mesa que le corresponde. Es muy importante, porque en este evento se cambi\u00f3 el sistema, ya no van a estar en las mesas que estaban anteriormente inscritos y muchos de nosotros vamos a tener tambi\u00e9n nuevos locales de votaci\u00f3n a donde tenemos que acudir\u201d, se\u00f1al\u00f3 Rodrigo Araya.<\/p>\n<p style=\"font-weight: 400; text-align: justify;\">N\u00e9stor Sep\u00falveda a\u00f1adi\u00f3 que este s\u00e1bado se publicar\u00e1n las mesas receptoras de sufragios, locales de votaci\u00f3n y el listado de electores designados como Vocales de Mesa por las Juntas Electorales los que, en caso de necesidad, tendr\u00e1n un plazo de tres d\u00edas para presentar sus excusas.<\/p>\n<p style=\"font-weight: 400; text-align: justify;\">\u201cHablamos de coordinaciones de tipo log\u00edstico, la posibilidad de traslado del electorado de localidades distantes para acercarlos a los locales de votaci\u00f3n. La log\u00edstica del reparto y entrega del material electoral y sobre la cantidad total de locales de votaci\u00f3n. La publicaci\u00f3n de los locales de votaci\u00f3n va a aparecer ma\u00f1ana en forma oficial, en nuestro sitio web y tambi\u00e9n en el diario El Divisadero. Son en total 39 locales de votaci\u00f3n y el electorado son 98.600\u201d, detall\u00f3.<\/p>\n<p style=\"font-weight: 400; text-align: justify;\">Por su parte, el General Hugo Zenteno enfatiz\u00f3 en las medidas de seguridad que Carabineros ha dispuesto en el exterior de los locales de votaci\u00f3n.<\/p>\n<p style=\"font-weight: 400; text-align: justify;\">\u201cRespecto a lo que es Carabineros, estamos desplegados en toda la regi\u00f3n y en los 39 locales de votaci\u00f3n nos corresponde la seguridad exterior, para que las personas puedan desplazarse con seguridad a cada lugar de votaci\u00f3n y que lo hagan sin ning\u00fan problema. Llamamos a la comunidad a planificarse para este d\u00eda, el tema de las distancias, c\u00f3mo se desplazan u otras afectaciones que puedan afectar el desplazamiento de cada persona. Tambi\u00e9n vamos a implementar algunos lugares en los cuarteles para las constancias excusatorias, si alguna persona no puede ir a votar, ac\u00e9rquense a los cuarteles, van a estar indicados para que puedan hacerlo sin ning\u00fan problema, en lo que es la parte de constancia excusatoria\u201d, expres\u00f3.<\/p>\n<p style=\"font-weight: 400; text-align: justify;\">En el resguardo y seguridad de los locales de votaci\u00f3n, estar\u00e1 personal del Ej\u00e9rcito y de la Armada.<\/p>\n<p style=\"font-weight: 400; text-align: justify;\">\u201cLas Fuerzas Armadas presentes en la regi\u00f3n, ya han elaborado su planificaci\u00f3n que permite asegurar el resguardo y la seguridad de los locales de votaci\u00f3n que est\u00e1n presentes en la regi\u00f3n.<\/p>\n<p style=\"font-weight: 400; text-align: justify;\">De los 39 locales, 37 estar\u00e1n cubiertos por personal del Ej\u00e9rcito y dos locales de votaci\u00f3n por personal de la Armada de Chile. La tarea principal es cooperar en la ejecuci\u00f3n de este acto plebiscitario y garantizar la seguridad de que todos puedan ejercer su derecho a voto, tal como lo establece la ley\u201d, explic\u00f3 el Coronel Javier Mendoza.<\/p>\n<p style=\"font-weight: 400; text-align: justify;\">Desde la cartera de Transportes y Telecomunicaciones, la seremiTT Claudia Cantero se\u00f1al\u00f3 que tal como en anteriores comicios se asegurar\u00e1 la operaci\u00f3n del transporte subvencionado que opera normalmente en esa fecha. \u00abAdem\u00e1s se contratar\u00e1n en forma adicional 23 servicios de transporte terrestre y tres servicios mar\u00edtimos que cubrir\u00e1n las islas del litoral norte de Ays\u00e9n, hacia Puerto Gala, Melimoyu y Puerto Gaviota. Este transporte subvencionado no tendr\u00e1 costo, a fin de brindar las facilidades para que las personas puedan participar de este proceso\u00bb, concluy\u00f3.<\/p>\n<\/div><\/section><\/div><div  style='height:50px' class='hr hr-invisible   avia-builder-el-6  el_after_av_one_full  el_before_av_social_share '><span class='hr-inner ' ><span class='hr-inner-style'><\/span><\/span><\/div><\/p>\n<div  class='av-social-sharing-box  avia-builder-el-7  el_after_av_hr  el_before_av_hr  '><div class='av-share-box'><h5 class='av-share-link-description av-no-toc '>Compartir esta noticia<\/h5><ul class='av-share-box-list noLightbox'><li class='av-share-link av-social-link-facebook' ><a target=\"_blank\" aria-label=\"Compartir en Facebook\" href='https:\/\/www.facebook.com\/sharer.php?u=https:\/\/radiorevelacionfm.cl\/?p=20458&#038;t=Delegado%20Rodrigo%20Araya%20encabeza%20coordinaci%C3%B3n%20de%20servicios%20para%20pr%C3%B3ximo%20Plebiscito%20Constitucional' aria-hidden='false' data-av_icon='\ue8f3' data-av_iconfont='entypo-fontello' title='' data-avia-related-tooltip='Compartir en Facebook' rel=\"noopener\"><span class='avia_hidden_link_text'>Compartir en Facebook<\/span><\/a><\/li><li class='av-share-link av-social-link-twitter' ><a target=\"_blank\" aria-label=\"Compartir en Twitter\" href='https:\/\/twitter.com\/share?text=Delegado%20Rodrigo%20Araya%20encabeza%20coordinaci%C3%B3n%20de%20servicios%20para%20pr%C3%B3ximo%20Plebiscito%20Constitucional&#038;url=https:\/\/radiorevelacionfm.cl\/?p=20458' aria-hidden='false' data-av_icon='\ue8f1' data-av_iconfont='entypo-fontello' title='' data-avia-related-tooltip='Compartir en Twitter' rel=\"noopener\"><span class='avia_hidden_link_text'>Compartir en Twitter<\/span><\/a><\/li><li class='av-share-link av-social-link-whatsapp' ><a target=\"_blank\" aria-label=\"Compartir en Whatsapp\" href='https:\/\/api.whatsapp.com\/send?text=https:\/\/radiorevelacionfm.cl\/?p=20458' aria-hidden='false' data-av_icon='\uf232' data-av_iconfont='entypo-fontello' title='' data-avia-related-tooltip='Compartir en Whatsapp' rel=\"noopener\"><span class='avia_hidden_link_text'>Compartir en Whatsapp<\/span><\/a><\/li><li class='av-share-link av-social-link-linkedin' ><a target=\"_blank\" aria-label=\"Compartir en LinkedIn\" href='https:\/\/linkedin.com\/shareArticle?mini=true&#038;title=Delegado%20Rodrigo%20Araya%20encabeza%20coordinaci%C3%B3n%20de%20servicios%20para%20pr%C3%B3ximo%20Plebiscito%20Constitucional&#038;url=https:\/\/radiorevelacionfm.cl\/?p=20458' aria-hidden='false' data-av_icon='\ue8fc' data-av_iconfont='entypo-fontello' title='' data-avia-related-tooltip='Compartir en LinkedIn' rel=\"noopener\"><span class='avia_hidden_link_text'>Compartir en LinkedIn<\/span><\/a><\/li><li class='av-share-link av-social-link-mail' ><a  aria-label=\"Compartir por correo\" href='mailto:?subject=Delegado%20Rodrigo%20Araya%20encabeza%20coordinaci%C3%B3n%20de%20servicios%20para%20pr%C3%B3ximo%20Plebiscito%20Constitucional&#038;body=https:\/\/radiorevelacionfm.cl\/?p=20458' aria-hidden='false' data-av_icon='\ue805' data-av_iconfont='entypo-fontello' title='' data-avia-related-tooltip='Compartir por correo'><span class='avia_hidden_link_text'>Compartir por correo<\/span><\/a><\/li><\/ul><\/div><\/div>\n<div  style='height:50px' class='hr hr-invisible   avia-builder-el-8  el_after_av_social_share  el_before_av_comments_list '><span class='hr-inner ' ><span class='hr-inner-style'><\/span><\/span><\/div>\n<div  class='av-buildercomment  av-blog-meta-html-info-disabled av-blog-meta-tag-disabled  '><\/div>\n","protected":false},"excerpt":{"rendered":"","protected":false},"author":1,"featured_media":20459,"comment_status":"open","ping_status":"open","sticky":false,"template":"","format":"standard","meta":{"footnotes":""},"categories":[38],"tags":[],"class_list":["post-20458","post","type-post","status-publish","format-standard","has-post-thumbnail","hentry","category-regional"],"jetpack_featured_media_url":"https:\/\/radiorevelacionfm.cl\/wp-content\/uploads\/2022\/08\/WhatsApp-Image-2022-08-12-at-3.56.08-PM-1-1-1.jpeg","_links":{"self":[{"href":"https:\/\/radiorevelacionfm.cl\/index.php?rest_route=\/wp\/v2\/posts\/20458","targetHints":{"allow":["GET"]}}],"collection":[{"href":"https:\/\/radiorevelacionfm.cl\/index.php?rest_route=\/wp\/v2\/posts"}],"about":[{"href":"https:\/\/radiorevelacionfm.cl\/index.php?rest_route=\/wp\/v2\/types\/post"}],"author":[{"embeddable":true,"href":"https:\/\/radiorevelacionfm.cl\/index.php?rest_route=\/wp\/v2\/users\/1"}],"replies":[{"embeddable":true,"href":"https:\/\/radiorevelacionfm.cl\/index.php?rest_route=%2Fwp%2Fv2%2Fcomments&post=20458"}],"version-history":[{"count":2,"href":"https:\/\/radiorevelacionfm.cl\/index.php?rest_route=\/wp\/v2\/posts\/20458\/revisions"}],"predecessor-version":[{"id":20461,"href":"https:\/\/radiorevelacionfm.cl\/index.php?rest_route=\/wp\/v2\/posts\/20458\/revisions\/20461"}],"wp:featuredmedia":[{"embeddable":true,"href":"https:\/\/radiorevelacionfm.cl\/index.php?rest_route=\/wp\/v2\/media\/20459"}],"wp:attachment":[{"href":"https:\/\/radiorevelacionfm.cl\/index.php?rest_route=%2Fwp%2Fv2%2Fmedia&parent=20458"}],"wp:term":[{"taxonomy":"category","embeddable":true,"href":"https:\/\/radiorevelacionfm.cl\/index.php?rest_route=%2Fwp%2Fv2%2Fcategories&post=20458"},{"taxonomy":"post_tag","embeddable":true,"href":"https:\/\/radiorevelacionfm.cl\/index.php?rest_route=%2Fwp%2Fv2%2Ftags&post=20458"}],"curies":[{"name":"wp","href":"https:\/\/api.w.org\/{rel}","templated":true}]}}