{"id":20447,"date":"2022-08-12T15:50:55","date_gmt":"2022-08-12T18:50:55","guid":{"rendered":"https:\/\/radiorevelacionfm.cl\/?p=20447"},"modified":"2022-08-12T15:50:55","modified_gmt":"2022-08-12T18:50:55","slug":"el-16-y-17-de-agosto-se-realizara-el-festival-de-teatro-ambiental-estudiantil-en-puerto-aysen-y-coyhaique","status":"publish","type":"post","link":"https:\/\/radiorevelacionfm.cl\/?p=20447","title":{"rendered":"El 16 y 17 de agosto se realizar\u00e1 el Festival de teatro ambiental estudiantil en Puerto Ays\u00e9n y Coyhaique"},"content":{"rendered":"<div class=\"flex_column av_one_full  flex_column_div av-zero-column-padding first  avia-builder-el-0  el_before_av_one_full  avia-builder-el-first  \" style='border-radius:0px; '><div  class='avia-image-container  av-styling-    avia-builder-el-1  avia-builder-el-no-sibling  avia-align-center '  itemprop=\"image\" itemscope=\"itemscope\" itemtype=\"https:\/\/schema.org\/ImageObject\"  ><div class='avia-image-container-inner'><div class='avia-image-overlay-wrap'><img decoding=\"async\" class='wp-image-20448 avia-img-lazy-loading-not-20448 avia_image' src=\"https:\/\/radiorevelacionfm.cl\/wp-content\/uploads\/2022\/08\/1-2022-08-12T144753.411-1-1.jpg\" alt='' title='1 - 2022-08-12T144753.411 (1) (1)' height=\"600\" width=\"800\"  itemprop=\"thumbnailUrl\" srcset=\"https:\/\/radiorevelacionfm.cl\/wp-content\/uploads\/2022\/08\/1-2022-08-12T144753.411-1-1.jpg 800w, https:\/\/radiorevelacionfm.cl\/wp-content\/uploads\/2022\/08\/1-2022-08-12T144753.411-1-1-300x225.jpg 300w, https:\/\/radiorevelacionfm.cl\/wp-content\/uploads\/2022\/08\/1-2022-08-12T144753.411-1-1-768x576.jpg 768w, https:\/\/radiorevelacionfm.cl\/wp-content\/uploads\/2022\/08\/1-2022-08-12T144753.411-1-1-705x529.jpg 705w, https:\/\/radiorevelacionfm.cl\/wp-content\/uploads\/2022\/08\/1-2022-08-12T144753.411-1-1-600x450.jpg 600w\" sizes=\"(max-width: 800px) 100vw, 800px\" \/><\/div><\/div><\/div><\/div><div class=\"flex_column av_one_full  flex_column_div av-zero-column-padding first  avia-builder-el-2  el_after_av_one_full  el_before_av_one_full  column-top-margin\" style='border-radius:0px; '><section class=\"av_textblock_section \"  itemscope=\"itemscope\" itemtype=\"https:\/\/schema.org\/BlogPosting\" itemprop=\"blogPost\" ><div class='avia_textblock  '   itemprop=\"text\" ><p style=\"text-align: center;\"><strong><span style=\"font-size: 18pt;\">El 16 y 17 de agosto se realizar\u00e1 el Festival de teatro ambiental estudiantil en Puerto Ays\u00e9n y Coyhaique<\/span><\/strong><\/p>\n<div id=\"gtx-trans\" style=\"position: absolute; left: -50px; top: 4.31534px;\">\n<div class=\"gtx-trans-icon\"><\/div>\n<\/div>\n<\/div><\/section><\/div><div class=\"flex_column av_one_full  flex_column_div av-zero-column-padding first  avia-builder-el-4  el_after_av_one_full  el_before_av_hr  column-top-margin\" style='border-radius:0px; '><section class=\"av_textblock_section \"  itemscope=\"itemscope\" itemtype=\"https:\/\/schema.org\/BlogPosting\" itemprop=\"blogPost\" ><div class='avia_textblock  '   itemprop=\"text\" ><p style=\"text-align: justify;\">El pr\u00f3ximo 16 y 17 de agosto se llevar\u00e1 a cabo el primer festival de teatro ambiental estudiantil en la regi\u00f3n, con funciones en las ciudades de Puerto Ays\u00e9n y Coyhaique para sensibilizar a la ciudadan\u00eda respecto al cuidado de la calidad del aire.<\/p>\n<p style=\"text-align: justify;\">La iniciativa forma parte de las actividades del programa FNDR \u201cDifusi\u00f3n y Educaci\u00f3n Ambiental en Calidad del Aire, ejecutado por la SEREMI del Medio Ambiente y financiado por el Gobierno Regional de Ays\u00e9n y su Consejo \u201cSon muchas las iniciativas que hemos impulsado mediante este programa para sensibilizar a vecinas y vecinos de nuestra regi\u00f3n en la importancia de tomar conciencia, acci\u00f3n y colaborar en la descontaminaci\u00f3n atmosf\u00e9rica; pero esta es sin duda una de las m\u00e1s novedosas, porque nos permite reunir en un mismo espacio a la ciencia, a lo p\u00fablico, al arte, y a la educaci\u00f3n, generando as\u00ed no solo una forma m\u00e1s atractiva de comunicar las ideas, sino tambi\u00e9n involucrando a nuestras y nuestros estudiantes en esta tem\u00e1tica y convirti\u00e9ndose as\u00ed en agentes de cambio\u201d, explic\u00f3 el Seremi del Medio Ambiente, Juli\u00e1n C\u00e1rdenas.<\/p>\n<p style=\"text-align: justify;\">Las obras a presentarse corresponden al trabajo de creaci\u00f3n colectiva, resultante de los talleres de teatro convocados por el programa FNDR a trav\u00e9s de la consultora, compa\u00f1\u00eda de teatro Huevo. En dichos talleres los y las j\u00f3venes participantes de Coyhaique y Puerto Ays\u00e9n adquirieron conocimientos en las artes esc\u00e9nicas, pero adem\u00e1s en educaci\u00f3n ambiental en aire, concluyendo su trabajo en la creaci\u00f3n y presentaci\u00f3n de una obra que rescata su propia mirada e identidad local frente al desaf\u00edo ambiental \u00a0\u201ceste taller se trata del aire, porque ac\u00e1 en Ays\u00e9n estamos viviendo el peligro del aire por la contaminaci\u00f3n, por eso en este programa nos convocaron de todos los colegios, a hacer algo relacionado con el aire que contamina nuestra regi\u00f3n y les digo que cuidemos nuestra tierra, evitemos la contaminaci\u00f3n porque queremos un aire mejor para todos\u201d, explic\u00f3 el joven estudiante de Puerto Ays\u00e9n, Pedro Vargas, en pleno ensayo de la obra.<\/p>\n<p style=\"text-align: justify;\">Por su parte, la actriz de la compa\u00f1\u00eda de teatro Huevo y tallerista en el proyecto, Sabrina Porcel, explic\u00f3 que la creaci\u00f3n colectiva con ni\u00f1os y ni\u00f1as incluye teatro f\u00edsico y permite que\u00a0 los y las participantes expresen lo que entienden por contaminaci\u00f3n ambiental, de acuerdo a los contenidos que han sido entregados en las sesiones y para los cuales, la consultora fue capacitada \u201cpienso que a trav\u00e9s del teatro, realizar esta tem\u00e1tica es algo muy significativo para ellos y ellas porque han entendido muy bien el mensaje y es distinto a una clase, una teor\u00eda, porque ac\u00e1 pueden manifestar lo que sienten y c\u00f3mo lo entendieron. Me parece muy ingenioso llevar a cabo este proyecto de esta forma y a ellos les va a quedar adem\u00e1s una experiencia para cuando sean adultos\u201d.<\/p>\n<p style=\"text-align: justify;\">Adem\u00e1s la compa\u00f1\u00eda de teatro Huevo, al alero del programa FNDR, desarroll\u00f3 la pieza teatral \u201cAire\u201d, obra y guion original encargado espec\u00edficamente para formar parte del despliegue educativo del programa en la regi\u00f3n de Ays\u00e9n. La obra tambi\u00e9n forma parte del festival de teatro y ser\u00e1 estrenada la pr\u00f3xima semana en ambas localidades.<\/p>\n<p style=\"text-align: justify;\">El festival comenzar\u00e1 el d\u00eda martes 16 de agosto a las 18:30 horas en el polideportivo de la ciudad de Puerto Ays\u00e9n y continuar\u00e1 el d\u00eda 17 de agosto a la misma hora, en el Centro Cultural de la ciudad de Coyhaique. Las funciones son gratuitas y cuentan con cupos limitados por cuanto pueden solicitar su entrada al correo <a href=\"mailto:jmelgarejo@mma.gob.cl\">jmelgarejo@mma.gob.cl<\/a> (requisito pase de movilidad<\/p>\n<\/div><\/section><\/div><div  style='height:50px' class='hr hr-invisible   avia-builder-el-6  el_after_av_one_full  el_before_av_social_share '><span class='hr-inner ' ><span class='hr-inner-style'><\/span><\/span><\/div><\/p>\n<div  class='av-social-sharing-box  avia-builder-el-7  el_after_av_hr  el_before_av_hr  '><div class='av-share-box'><h5 class='av-share-link-description av-no-toc '>Compartir esta noticia<\/h5><ul class='av-share-box-list noLightbox'><li class='av-share-link av-social-link-facebook' ><a target=\"_blank\" aria-label=\"Compartir en Facebook\" href='https:\/\/www.facebook.com\/sharer.php?u=https:\/\/radiorevelacionfm.cl\/?p=20447&#038;t=El%2016%20y%2017%20de%20agosto%20se%20realizar%C3%A1%20el%20Festival%20de%20teatro%20ambiental%20estudiantil%20en%20Puerto%20Ays%C3%A9n%20y%20Coyhaique' aria-hidden='false' data-av_icon='\ue8f3' data-av_iconfont='entypo-fontello' title='' data-avia-related-tooltip='Compartir en Facebook' rel=\"noopener\"><span class='avia_hidden_link_text'>Compartir en Facebook<\/span><\/a><\/li><li class='av-share-link av-social-link-twitter' ><a target=\"_blank\" aria-label=\"Compartir en Twitter\" href='https:\/\/twitter.com\/share?text=El%2016%20y%2017%20de%20agosto%20se%20realizar%C3%A1%20el%20Festival%20de%20teatro%20ambiental%20estudiantil%20en%20Puerto%20Ays%C3%A9n%20y%20Coyhaique&#038;url=https:\/\/radiorevelacionfm.cl\/?p=20447' aria-hidden='false' data-av_icon='\ue8f1' data-av_iconfont='entypo-fontello' title='' data-avia-related-tooltip='Compartir en Twitter' rel=\"noopener\"><span class='avia_hidden_link_text'>Compartir en Twitter<\/span><\/a><\/li><li class='av-share-link av-social-link-whatsapp' ><a target=\"_blank\" aria-label=\"Compartir en Whatsapp\" href='https:\/\/api.whatsapp.com\/send?text=https:\/\/radiorevelacionfm.cl\/?p=20447' aria-hidden='false' data-av_icon='\uf232' data-av_iconfont='entypo-fontello' title='' data-avia-related-tooltip='Compartir en Whatsapp' rel=\"noopener\"><span class='avia_hidden_link_text'>Compartir en Whatsapp<\/span><\/a><\/li><li class='av-share-link av-social-link-linkedin' ><a target=\"_blank\" aria-label=\"Compartir en LinkedIn\" href='https:\/\/linkedin.com\/shareArticle?mini=true&#038;title=El%2016%20y%2017%20de%20agosto%20se%20realizar%C3%A1%20el%20Festival%20de%20teatro%20ambiental%20estudiantil%20en%20Puerto%20Ays%C3%A9n%20y%20Coyhaique&#038;url=https:\/\/radiorevelacionfm.cl\/?p=20447' aria-hidden='false' data-av_icon='\ue8fc' data-av_iconfont='entypo-fontello' title='' data-avia-related-tooltip='Compartir en LinkedIn' rel=\"noopener\"><span class='avia_hidden_link_text'>Compartir en LinkedIn<\/span><\/a><\/li><li class='av-share-link av-social-link-mail' ><a  aria-label=\"Compartir por correo\" href='mailto:?subject=El%2016%20y%2017%20de%20agosto%20se%20realizar%C3%A1%20el%20Festival%20de%20teatro%20ambiental%20estudiantil%20en%20Puerto%20Ays%C3%A9n%20y%20Coyhaique&#038;body=https:\/\/radiorevelacionfm.cl\/?p=20447' aria-hidden='false' data-av_icon='\ue805' data-av_iconfont='entypo-fontello' title='' data-avia-related-tooltip='Compartir por correo'><span class='avia_hidden_link_text'>Compartir por correo<\/span><\/a><\/li><\/ul><\/div><\/div>\n<div  style='height:50px' class='hr hr-invisible   avia-builder-el-8  el_after_av_social_share  el_before_av_comments_list '><span class='hr-inner ' ><span class='hr-inner-style'><\/span><\/span><\/div>\n<div  class='av-buildercomment  av-blog-meta-html-info-disabled av-blog-meta-tag-disabled  '><\/div>\n","protected":false},"excerpt":{"rendered":"","protected":false},"author":1,"featured_media":20448,"comment_status":"open","ping_status":"open","sticky":false,"template":"","format":"standard","meta":{"footnotes":""},"categories":[38],"tags":[],"class_list":["post-20447","post","type-post","status-publish","format-standard","has-post-thumbnail","hentry","category-regional"],"jetpack_featured_media_url":"https:\/\/radiorevelacionfm.cl\/wp-content\/uploads\/2022\/08\/1-2022-08-12T144753.411-1-1.jpg","_links":{"self":[{"href":"https:\/\/radiorevelacionfm.cl\/index.php?rest_route=\/wp\/v2\/posts\/20447","targetHints":{"allow":["GET"]}}],"collection":[{"href":"https:\/\/radiorevelacionfm.cl\/index.php?rest_route=\/wp\/v2\/posts"}],"about":[{"href":"https:\/\/radiorevelacionfm.cl\/index.php?rest_route=\/wp\/v2\/types\/post"}],"author":[{"embeddable":true,"href":"https:\/\/radiorevelacionfm.cl\/index.php?rest_route=\/wp\/v2\/users\/1"}],"replies":[{"embeddable":true,"href":"https:\/\/radiorevelacionfm.cl\/index.php?rest_route=%2Fwp%2Fv2%2Fcomments&post=20447"}],"version-history":[{"count":2,"href":"https:\/\/radiorevelacionfm.cl\/index.php?rest_route=\/wp\/v2\/posts\/20447\/revisions"}],"predecessor-version":[{"id":20450,"href":"https:\/\/radiorevelacionfm.cl\/index.php?rest_route=\/wp\/v2\/posts\/20447\/revisions\/20450"}],"wp:featuredmedia":[{"embeddable":true,"href":"https:\/\/radiorevelacionfm.cl\/index.php?rest_route=\/wp\/v2\/media\/20448"}],"wp:attachment":[{"href":"https:\/\/radiorevelacionfm.cl\/index.php?rest_route=%2Fwp%2Fv2%2Fmedia&parent=20447"}],"wp:term":[{"taxonomy":"category","embeddable":true,"href":"https:\/\/radiorevelacionfm.cl\/index.php?rest_route=%2Fwp%2Fv2%2Fcategories&post=20447"},{"taxonomy":"post_tag","embeddable":true,"href":"https:\/\/radiorevelacionfm.cl\/index.php?rest_route=%2Fwp%2Fv2%2Ftags&post=20447"}],"curies":[{"name":"wp","href":"https:\/\/api.w.org\/{rel}","templated":true}]}}