{"id":2044,"date":"2021-01-23T18:39:11","date_gmt":"2021-01-23T21:39:11","guid":{"rendered":"https:\/\/radiorevelacionfm.cl\/?p=2044"},"modified":"2021-01-23T18:51:32","modified_gmt":"2021-01-23T21:51:32","slug":"elige-educar-lanza-campana-para-atraer-a-jovenes-a-estudiar-pedagogia","status":"publish","type":"post","link":"https:\/\/radiorevelacionfm.cl\/?p=2044","title":{"rendered":"Elige Educar lanza campa\u00f1a para atraer a j\u00f3venes a estudiar Pedagog\u00eda"},"content":{"rendered":"<div class=\"flex_column av_one_full  flex_column_div av-zero-column-padding first  avia-builder-el-0  el_before_av_one_full  avia-builder-el-first  \" style='border-radius:0px; '><div  class='avia-image-container  av-styling-    avia-builder-el-1  avia-builder-el-no-sibling  avia-align-center '  itemprop=\"image\" itemscope=\"itemscope\" itemtype=\"https:\/\/schema.org\/ImageObject\"  ><div class='avia-image-container-inner'><div class='avia-image-overlay-wrap'><img decoding=\"async\" class='wp-image-0 avia-img-lazy-loading-not-0 avia_image' src=\"https:\/\/radiorevelacionfm.cl\/wp-content\/uploads\/2021\/01\/educar-1.png\" alt='' title=''   itemprop=\"thumbnailUrl\"  \/><\/div><\/div><\/div><\/div>\n<div class=\"flex_column av_one_full  flex_column_div av-zero-column-padding first  avia-builder-el-2  el_after_av_one_full  el_before_av_one_full  column-top-margin\" style='border-radius:0px; '><section class=\"av_textblock_section \"  itemscope=\"itemscope\" itemtype=\"https:\/\/schema.org\/BlogPosting\" itemprop=\"blogPost\" ><div class='avia_textblock  '   itemprop=\"text\" ><p style=\"text-align: center;\"><span style=\"font-size: 18pt;\"><strong>Elige Educar lanza campa\u00f1a para atraer a j\u00f3venes a estudiar Pedagog\u00eda<\/strong><\/span><\/p>\n<div id=\"gtx-trans\" style=\"position: absolute; left: -50px; top: 4.31534px;\">\n<div class=\"gtx-trans-icon\"><\/div>\n<\/div>\n<\/div><\/section><\/div>\n<div class=\"flex_column av_one_full  flex_column_div av-zero-column-padding first  avia-builder-el-4  el_after_av_one_full  el_before_av_hr  column-top-margin\" style='border-radius:0px; '><section class=\"av_textblock_section \"  itemscope=\"itemscope\" itemtype=\"https:\/\/schema.org\/BlogPosting\" itemprop=\"blogPost\" ><div class='avia_textblock  '   itemprop=\"text\" ><p style=\"text-align: justify;\"><em>En el marco de un nuevo proceso de admisi\u00f3n universitaria, buscan atraer a nuevos talentos a carreras de educaci\u00f3n.<\/em><\/p>\n<p style=\"text-align: justify;\">\u201cDecisiones, pluma, l\u00e1piz, plantar ideas con fuerza y de ra\u00edz. Sembrar, pensar, cosechar, mirar, emocionar a un otro ser es el m\u00e1s hermoso inspirar. Hacer poes\u00eda por toda la sala, compartir saber es belleza que empapa\u201d, suena de fondo mientras en la pantalla aparecen un joven maestro haciendo una clase de matem\u00e1tica a distancia, un educador de p\u00e1rvulos sembrando un huerto con los estudiantes y una profesora de tecnolog\u00eda trabajando un proyecto de rob\u00f3tica con tres alumnas.<\/p>\n<p style=\"text-align: justify;\">El videoclip se enmarca dentro de la campa\u00f1a desarrollada por Elige Educar, #EligeEducarElChileQueViene, busca \u2013de cara a un nuevo proceso de admisi\u00f3n universitaria\u2013 promover la atracci\u00f3n de estudiantes a carreras de Pedagog\u00eda.<\/p>\n<p style=\"text-align: justify;\">\u201cSi bien se ha avanzado en el fortalecimiento de la profesi\u00f3n docente, hoy se proyecta que \u2013para 2025\u2013 podr\u00edan faltar m\u00e1s de 26 mil docentes id\u00f3neos en establecimientos educativos. Estas cifras son un llamado de alerta y requiere de esfuerzos colaborativos entre la sociedad civil, el mundo p\u00fablico y privado para atraer y apoyar a j\u00f3venes con vocaci\u00f3n a carreras de Pedagog\u00eda. Por esto, como Elige Educar, estamos impulsando esta campa\u00f1a que busca visibilizar el rol transformador de la docencia e invitar a las nuevas generaciones a estudiar la carrera m\u00e1s estrat\u00e9gica para el pa\u00eds\u201d, destac\u00f3 Joaqu\u00edn Walker, director Ejecutivo de Elige Educar.<\/p>\n<p style=\"text-align: justify;\">Adem\u00e1s, aquellos estudiantes interesados en carreras de educaci\u00f3n podr\u00e1n resolver\u00a0 dudas sobre programas de Pedagog\u00eda, Beca Vocaci\u00f3n de Profesor o futuro laboral, a trav\u00e9s del sitio web\u00a0<a href=\"https:\/\/eligeeducar.us19.list-manage.com\/track\/click?u=88287ddaf7356032e2e201d1e&amp;id=f3f875293a&amp;e=e845b31760\" target=\"_blank\" rel=\"noopener\" data-saferedirecturl=\"https:\/\/www.google.com\/url?q=https:\/\/eligeeducar.us19.list-manage.com\/track\/click?u%3D88287ddaf7356032e2e201d1e%26id%3Df3f875293a%26e%3De845b31760&amp;source=gmail&amp;ust=1611520670148000&amp;usg=AFQjCNEfL1sXycGVdrFY4cJWi1grAWkGQQ\">www.quieroserprofe.cl<\/a>. En este sitio, los estudiantes podr\u00e1n inscribirse en un evento online que contar\u00e1 con la participaci\u00f3n de una reconocida cantante nacional y de Manuel Calcagni, ganador del Global Teacher Prize Chile 2020, quien acompa\u00f1ado de estudiantes de Pedagog\u00eda, resolver\u00e1n las dudas de los futuros universitarios.<\/p>\n<\/div><\/section><\/div><div  style='height:50px' class='hr hr-invisible   avia-builder-el-6  el_after_av_one_full  el_before_av_social_share '><span class='hr-inner ' ><span class='hr-inner-style'><\/span><\/span><\/div><\/p>\n<div  class='av-social-sharing-box  avia-builder-el-7  el_after_av_hr  el_before_av_hr  '><div class='av-share-box'><h5 class='av-share-link-description av-no-toc '>Compartir esta noticia<\/h5><ul class='av-share-box-list noLightbox'><li class='av-share-link av-social-link-facebook' ><a target=\"_blank\" aria-label=\"Compartir en Facebook\" href='https:\/\/www.facebook.com\/sharer.php?u=https:\/\/radiorevelacionfm.cl\/?p=2044&#038;t=Elige%20Educar%20lanza%20campa%C3%B1a%20para%20atraer%20a%20j%C3%B3venes%20a%20estudiar%20Pedagog%C3%ADa' aria-hidden='false' data-av_icon='\ue8f3' data-av_iconfont='entypo-fontello' title='' data-avia-related-tooltip='Compartir en Facebook' rel=\"noopener\"><span class='avia_hidden_link_text'>Compartir en Facebook<\/span><\/a><\/li><li class='av-share-link av-social-link-twitter' ><a target=\"_blank\" aria-label=\"Compartir en Twitter\" href='https:\/\/twitter.com\/share?text=Elige%20Educar%20lanza%20campa%C3%B1a%20para%20atraer%20a%20j%C3%B3venes%20a%20estudiar%20Pedagog%C3%ADa&#038;url=https:\/\/radiorevelacionfm.cl\/?p=2044' aria-hidden='false' data-av_icon='\ue8f1' data-av_iconfont='entypo-fontello' title='' data-avia-related-tooltip='Compartir en Twitter' rel=\"noopener\"><span class='avia_hidden_link_text'>Compartir en Twitter<\/span><\/a><\/li><li class='av-share-link av-social-link-whatsapp' ><a target=\"_blank\" aria-label=\"Compartir en Whatsapp\" href='https:\/\/api.whatsapp.com\/send?text=https:\/\/radiorevelacionfm.cl\/?p=2044' aria-hidden='false' data-av_icon='\uf232' data-av_iconfont='entypo-fontello' title='' data-avia-related-tooltip='Compartir en Whatsapp' rel=\"noopener\"><span class='avia_hidden_link_text'>Compartir en Whatsapp<\/span><\/a><\/li><li class='av-share-link av-social-link-linkedin' ><a target=\"_blank\" aria-label=\"Compartir en LinkedIn\" href='https:\/\/linkedin.com\/shareArticle?mini=true&#038;title=Elige%20Educar%20lanza%20campa%C3%B1a%20para%20atraer%20a%20j%C3%B3venes%20a%20estudiar%20Pedagog%C3%ADa&#038;url=https:\/\/radiorevelacionfm.cl\/?p=2044' aria-hidden='false' data-av_icon='\ue8fc' data-av_iconfont='entypo-fontello' title='' data-avia-related-tooltip='Compartir en LinkedIn' rel=\"noopener\"><span class='avia_hidden_link_text'>Compartir en LinkedIn<\/span><\/a><\/li><li class='av-share-link av-social-link-mail' ><a  aria-label=\"Compartir por correo\" href='mailto:?subject=Elige%20Educar%20lanza%20campa%C3%B1a%20para%20atraer%20a%20j%C3%B3venes%20a%20estudiar%20Pedagog%C3%ADa&#038;body=https:\/\/radiorevelacionfm.cl\/?p=2044' aria-hidden='false' data-av_icon='\ue805' data-av_iconfont='entypo-fontello' title='' data-avia-related-tooltip='Compartir por correo'><span class='avia_hidden_link_text'>Compartir por correo<\/span><\/a><\/li><\/ul><\/div><\/div>\n<div  style='height:50px' class='hr hr-invisible   avia-builder-el-8  el_after_av_social_share  el_before_av_comments_list '><span class='hr-inner ' ><span class='hr-inner-style'><\/span><\/span><\/div>\n<div  class='av-buildercomment  av-blog-meta-html-info-disabled av-blog-meta-tag-disabled  '><\/div>\n","protected":false},"excerpt":{"rendered":"","protected":false},"author":1,"featured_media":0,"comment_status":"open","ping_status":"open","sticky":false,"template":"","format":"standard","meta":{"footnotes":""},"categories":[49],"tags":[],"class_list":["post-2044","post","type-post","status-publish","format-standard","hentry","category-educacion"],"jetpack_featured_media_url":"","_links":{"self":[{"href":"https:\/\/radiorevelacionfm.cl\/index.php?rest_route=\/wp\/v2\/posts\/2044","targetHints":{"allow":["GET"]}}],"collection":[{"href":"https:\/\/radiorevelacionfm.cl\/index.php?rest_route=\/wp\/v2\/posts"}],"about":[{"href":"https:\/\/radiorevelacionfm.cl\/index.php?rest_route=\/wp\/v2\/types\/post"}],"author":[{"embeddable":true,"href":"https:\/\/radiorevelacionfm.cl\/index.php?rest_route=\/wp\/v2\/users\/1"}],"replies":[{"embeddable":true,"href":"https:\/\/radiorevelacionfm.cl\/index.php?rest_route=%2Fwp%2Fv2%2Fcomments&post=2044"}],"version-history":[{"count":3,"href":"https:\/\/radiorevelacionfm.cl\/index.php?rest_route=\/wp\/v2\/posts\/2044\/revisions"}],"predecessor-version":[{"id":2048,"href":"https:\/\/radiorevelacionfm.cl\/index.php?rest_route=\/wp\/v2\/posts\/2044\/revisions\/2048"}],"wp:attachment":[{"href":"https:\/\/radiorevelacionfm.cl\/index.php?rest_route=%2Fwp%2Fv2%2Fmedia&parent=2044"}],"wp:term":[{"taxonomy":"category","embeddable":true,"href":"https:\/\/radiorevelacionfm.cl\/index.php?rest_route=%2Fwp%2Fv2%2Fcategories&post=2044"},{"taxonomy":"post_tag","embeddable":true,"href":"https:\/\/radiorevelacionfm.cl\/index.php?rest_route=%2Fwp%2Fv2%2Ftags&post=2044"}],"curies":[{"name":"wp","href":"https:\/\/api.w.org\/{rel}","templated":true}]}}