{"id":20438,"date":"2022-08-12T12:28:51","date_gmt":"2022-08-12T15:28:51","guid":{"rendered":"https:\/\/radiorevelacionfm.cl\/?p=20438"},"modified":"2022-08-12T12:28:51","modified_gmt":"2022-08-12T15:28:51","slug":"mujeres-se-reunen-para-avanzar-hacia-una-mayor-participacion-en-carreras-y-oficios-no-tradicionales","status":"publish","type":"post","link":"https:\/\/radiorevelacionfm.cl\/?p=20438","title":{"rendered":"Mujeres se re\u00fanen para avanzar hacia una mayor participaci\u00f3n en carreras y oficios no tradicionales"},"content":{"rendered":"<div class=\"flex_column av_one_full  flex_column_div av-zero-column-padding first  avia-builder-el-0  el_before_av_one_full  avia-builder-el-first  \" style='border-radius:0px; '><div  class='avia-image-container  av-styling-    avia-builder-el-1  avia-builder-el-no-sibling  avia-align-center '  itemprop=\"image\" itemscope=\"itemscope\" itemtype=\"https:\/\/schema.org\/ImageObject\"  ><div class='avia-image-container-inner'><div class='avia-image-overlay-wrap'><img decoding=\"async\" class='wp-image-20439 avia-img-lazy-loading-not-20439 avia_image' src=\"https:\/\/radiorevelacionfm.cl\/wp-content\/uploads\/2022\/08\/taller-mpp-coyhaique-6-1_optimized.jpg\" alt='' title='taller-mpp-coyhaique-(6)-(1)_optimized' height=\"600\" width=\"901\"  itemprop=\"thumbnailUrl\" srcset=\"https:\/\/radiorevelacionfm.cl\/wp-content\/uploads\/2022\/08\/taller-mpp-coyhaique-6-1_optimized.jpg 901w, https:\/\/radiorevelacionfm.cl\/wp-content\/uploads\/2022\/08\/taller-mpp-coyhaique-6-1_optimized-300x200.jpg 300w, https:\/\/radiorevelacionfm.cl\/wp-content\/uploads\/2022\/08\/taller-mpp-coyhaique-6-1_optimized-768x511.jpg 768w, https:\/\/radiorevelacionfm.cl\/wp-content\/uploads\/2022\/08\/taller-mpp-coyhaique-6-1_optimized-705x469.jpg 705w, https:\/\/radiorevelacionfm.cl\/wp-content\/uploads\/2022\/08\/taller-mpp-coyhaique-6-1_optimized-600x400.jpg 600w\" sizes=\"(max-width: 901px) 100vw, 901px\" \/><\/div><\/div><\/div><\/div><div class=\"flex_column av_one_full  flex_column_div av-zero-column-padding first  avia-builder-el-2  el_after_av_one_full  el_before_av_one_full  column-top-margin\" style='border-radius:0px; '><section class=\"av_textblock_section \"  itemscope=\"itemscope\" itemtype=\"https:\/\/schema.org\/BlogPosting\" itemprop=\"blogPost\" ><div class='avia_textblock  '   itemprop=\"text\" ><p style=\"text-align: center;\"><strong><span style=\"font-size: 18pt;\">Mujeres se re\u00fanen para avanzar hacia una mayor participaci\u00f3n en carreras y oficios no tradicionales<\/span><\/strong><\/p>\n<div id=\"gtx-trans\" style=\"position: absolute; left: -50px; top: 4.31534px;\">\n<div class=\"gtx-trans-icon\"><\/div>\n<\/div>\n<\/div><\/section><\/div><div class=\"flex_column av_one_full  flex_column_div av-zero-column-padding first  avia-builder-el-4  el_after_av_one_full  el_before_av_hr  column-top-margin\" style='border-radius:0px; '><section class=\"av_textblock_section \"  itemscope=\"itemscope\" itemtype=\"https:\/\/schema.org\/BlogPosting\" itemprop=\"blogPost\" ><div class='avia_textblock  '   itemprop=\"text\" ><p style=\"font-weight: 400; text-align: justify;\">En Coyhaique, se inici\u00f3 el ciclo de talleres presenciales del programa Mujer y Participaci\u00f3n Pol\u00edtica del Servicio Nacional de la Mujer y la Equidad de G\u00e9nero, SernamEG. Este a\u00f1o, su ejecuci\u00f3n est\u00e1 a cargo de la ONG Centro del Desarrollo de la Mujer DOMOS. La actividad de sensibilizaci\u00f3n se centr\u00f3 en la presencia de las mujeres y sus liderazgos en \u00e1reas, oficios y carreras no tradicionales. Su objetivo es reforzar las habilidades de sus participantes; promoviendo as\u00ed su autonom\u00eda y mayor nivel de empoderamiento.<\/p>\n<p style=\"font-weight: 400; text-align: justify;\">Algunas de las tem\u00e1ticas tratadas corresponden a la visibilizaci\u00f3n de las mujeres en el acceso al mundo del trabajo formal e informal, en rubros donde est\u00e1n poco o sin representaci\u00f3n. Tambi\u00e9n, los principales obst\u00e1culos y brechas de g\u00e9nero en la postulaci\u00f3n a las carreras STEM \u2013 Ciencia, Tecnolog\u00eda, Ingenier\u00eda y Matem\u00e1tica-. Asimismo, los avances y desaf\u00edos para disminuir las brechas de g\u00e9nero en las carreras y oficios donde se perpet\u00faa la subrepresentaci\u00f3n femenina.<\/p>\n<p style=\"font-weight: 400; text-align: justify;\">La Directora Regional (s) de SernamEG, Carla Arriagada Malague\u00f1o, destac\u00f3 que \u201cesta es la primera iniciativa presencial en el marco del programa Mujer y Participaci\u00f3n Pol\u00edtica, la evaluaci\u00f3n que tenemos como Servicio es muy positiva, porque hubo mucho inter\u00e9s de las asistentes. Es relevante mencionar que estas actividades de sensibilizaci\u00f3n van a continuar, tenemos dos talleres que vienen ahora en septiembre y que tienen relaci\u00f3n con la diversidad sexo &#8211; gen\u00e9rica y liderazgos. La \u00faltima tiene relaci\u00f3n con el COVID y c\u00f3mo es que esta pandemia ha afectado la participaci\u00f3n pol\u00edtica de las mujeres\u201d.<\/p>\n<p style=\"font-weight: 400; text-align: justify;\">La expositora del taller fue la Coordinadora (s) de la Unidad de Equidad de G\u00e9nero de la Universidad de Ays\u00e9n,\u00a0Hailey Dur\u00e1n Bocaz. Junto\u00a0con valorar que el taller apunte a la necesidad de que m\u00e1s mujeres\u00a0ingresen a carreras STEM, la antrop\u00f3loga se refiri\u00f3 a algunos de los conceptos tratados. \u201cHablamos del\u00a0<em>techo de cristal<\/em>\u00a0y del\u00a0<em>piso pegajoso<\/em>\u00a0que son dos situaciones, ya sea por los estereotipos de g\u00e9nero o la misma cultura, impiden que las mujeres accedan a m\u00e1s cargos de representaci\u00f3n. Por otro lado, c\u00f3mo tambi\u00e9n esta misma cultura nos obliga a detenernos en ciertos espacios y no atrevernos a ir m\u00e1s all\u00e1. Por consiguiente, es un llamado a que colaboremos en cambiarlo\u201d, precis\u00f3.<\/p>\n<p style=\"font-weight: 400; text-align: justify;\">Como una experiencia enriquecedora calific\u00f3 la integrante de la Agrupaci\u00f3n de Sordos de Coyhaique, ASCOY, Loreto Ayala Parada, la actividad de sensibilizaci\u00f3n. \u201cMe parece destacable, que se den estos espacios para las mujeres de todas las edades y de distintas partes. De todos los temas que pudimos abordar, creo que el m\u00e1s relevante fue el del abordaje de las pol\u00edticas p\u00fablicas que son muy necesarias, las que hacen falta para que hombres y mujeres tengamos igualdad de condiciones; para enfrentar el mundo laboral que fue una de las tem\u00e1ticas tratadas\u201d, afirm\u00f3.<\/p>\n<p style=\"font-weight: 400; text-align: justify;\">Por su parte, la Presidenta del Consejo Regional ANEF Ays\u00e9n, Y\u00e9ssica Almonacid Soto, dijo: \u201ccreo que fue trascendente la reflexi\u00f3n que se dio entre las distintas personas que estuvimos, respecto a c\u00f3mo nos ha costado ingresar a carreras u oficios donde com\u00fanmente no nos encontramos representadas. Dentro de las participantes, una ingeniera civil cont\u00f3 su experiencia cuando ingres\u00f3 a la Universidad, donde hab\u00eda 200 hombres y s\u00f3lo 6 mujeres; as\u00ed tambi\u00e9n distintos oficios que culturalmente nos han dicho desde ni\u00f1as que son para hombres. Por lo tanto, es necesario ir avanzando para que las j\u00f3venes se atrevan a estudiar lo que ellas sue\u00f1an y no exista m\u00e1s educaci\u00f3n sexista\u201d.<\/p>\n<p style=\"font-weight: 400; text-align: justify;\">Las inscripciones a las actividades de sensibilizaci\u00f3n del Programa Mujer y Participaci\u00f3n Pol\u00edtica son a trav\u00e9s del sitio web del SernamEG (<a href=\"http:\/\/www.sernameg.gob.cl\/\" data-saferedirecturl=\"https:\/\/www.google.com\/url?q=http:\/\/www.sernameg.gob.cl&amp;source=gmail&amp;ust=1660402446288000&amp;usg=AOvVaw3KBRujvjM___c_gzpkWUzr\">www.sernameg.gob.cl<\/a>). Uno de los tres temas, que se tratar\u00e1n en los talleres en formato h\u00edbrido, es \u201cLiderazgos y participaci\u00f3n de las mujeres en \u00e1reas no tradicionales\u201d, tales como espacios acad\u00e9micos y laborales vinculados a las Ciencias, Tecnolog\u00edas, Ingenier\u00edas, Matem\u00e1ticas, Miner\u00eda, entre otros.\u00a0 Otro de los temas a abordar es \u201cLiderazgos y diversidad de g\u00e9nero\u201d que apunta a destacar las potencialidades y desaf\u00edos de los movimientos reivindicativos de la diversidad de g\u00e9nero en la sociedad actual. Finalmente, la tercera tem\u00e1tica es la denominada \u201cRetrocesos por pandemia COVID &#8211; 19 en la autonom\u00eda pol\u00edtica y social de las mujeres\u201d, la que aborda el escenario actual de las brechas, barreras y obst\u00e1culos de g\u00e9nero en contexto Pandemia COVID 19.<\/p>\n<\/div><\/section><\/div><div  style='height:50px' class='hr hr-invisible   avia-builder-el-6  el_after_av_one_full  el_before_av_social_share '><span class='hr-inner ' ><span class='hr-inner-style'><\/span><\/span><\/div><\/p>\n<div  class='av-social-sharing-box  avia-builder-el-7  el_after_av_hr  el_before_av_hr  '><div class='av-share-box'><h5 class='av-share-link-description av-no-toc '>Compartir esta noticia<\/h5><ul class='av-share-box-list noLightbox'><li class='av-share-link av-social-link-facebook' ><a target=\"_blank\" aria-label=\"Compartir en Facebook\" href='https:\/\/www.facebook.com\/sharer.php?u=https:\/\/radiorevelacionfm.cl\/?p=20438&#038;t=Mujeres%20se%20re%C3%BAnen%20para%20avanzar%20hacia%20una%20mayor%20participaci%C3%B3n%20en%20carreras%20y%20oficios%20no%20tradicionales' aria-hidden='false' data-av_icon='\ue8f3' data-av_iconfont='entypo-fontello' title='' data-avia-related-tooltip='Compartir en Facebook' rel=\"noopener\"><span class='avia_hidden_link_text'>Compartir en Facebook<\/span><\/a><\/li><li class='av-share-link av-social-link-twitter' ><a target=\"_blank\" aria-label=\"Compartir en Twitter\" href='https:\/\/twitter.com\/share?text=Mujeres%20se%20re%C3%BAnen%20para%20avanzar%20hacia%20una%20mayor%20participaci%C3%B3n%20en%20carreras%20y%20oficios%20no%20tradicionales&#038;url=https:\/\/radiorevelacionfm.cl\/?p=20438' aria-hidden='false' data-av_icon='\ue8f1' data-av_iconfont='entypo-fontello' title='' data-avia-related-tooltip='Compartir en Twitter' rel=\"noopener\"><span class='avia_hidden_link_text'>Compartir en Twitter<\/span><\/a><\/li><li class='av-share-link av-social-link-whatsapp' ><a target=\"_blank\" aria-label=\"Compartir en Whatsapp\" href='https:\/\/api.whatsapp.com\/send?text=https:\/\/radiorevelacionfm.cl\/?p=20438' aria-hidden='false' data-av_icon='\uf232' data-av_iconfont='entypo-fontello' title='' data-avia-related-tooltip='Compartir en Whatsapp' rel=\"noopener\"><span class='avia_hidden_link_text'>Compartir en Whatsapp<\/span><\/a><\/li><li class='av-share-link av-social-link-linkedin' ><a target=\"_blank\" aria-label=\"Compartir en LinkedIn\" href='https:\/\/linkedin.com\/shareArticle?mini=true&#038;title=Mujeres%20se%20re%C3%BAnen%20para%20avanzar%20hacia%20una%20mayor%20participaci%C3%B3n%20en%20carreras%20y%20oficios%20no%20tradicionales&#038;url=https:\/\/radiorevelacionfm.cl\/?p=20438' aria-hidden='false' data-av_icon='\ue8fc' data-av_iconfont='entypo-fontello' title='' data-avia-related-tooltip='Compartir en LinkedIn' rel=\"noopener\"><span class='avia_hidden_link_text'>Compartir en LinkedIn<\/span><\/a><\/li><li class='av-share-link av-social-link-mail' ><a  aria-label=\"Compartir por correo\" href='mailto:?subject=Mujeres%20se%20re%C3%BAnen%20para%20avanzar%20hacia%20una%20mayor%20participaci%C3%B3n%20en%20carreras%20y%20oficios%20no%20tradicionales&#038;body=https:\/\/radiorevelacionfm.cl\/?p=20438' aria-hidden='false' data-av_icon='\ue805' data-av_iconfont='entypo-fontello' title='' data-avia-related-tooltip='Compartir por correo'><span class='avia_hidden_link_text'>Compartir por correo<\/span><\/a><\/li><\/ul><\/div><\/div>\n<div  style='height:50px' class='hr hr-invisible   avia-builder-el-8  el_after_av_social_share  el_before_av_comments_list '><span class='hr-inner ' ><span class='hr-inner-style'><\/span><\/span><\/div>\n<div  class='av-buildercomment  av-blog-meta-html-info-disabled av-blog-meta-tag-disabled  '><\/div>\n","protected":false},"excerpt":{"rendered":"","protected":false},"author":1,"featured_media":20439,"comment_status":"open","ping_status":"open","sticky":false,"template":"","format":"standard","meta":{"footnotes":""},"categories":[38],"tags":[],"class_list":["post-20438","post","type-post","status-publish","format-standard","has-post-thumbnail","hentry","category-regional"],"jetpack_featured_media_url":"https:\/\/radiorevelacionfm.cl\/wp-content\/uploads\/2022\/08\/taller-mpp-coyhaique-6-1_optimized.jpg","_links":{"self":[{"href":"https:\/\/radiorevelacionfm.cl\/index.php?rest_route=\/wp\/v2\/posts\/20438","targetHints":{"allow":["GET"]}}],"collection":[{"href":"https:\/\/radiorevelacionfm.cl\/index.php?rest_route=\/wp\/v2\/posts"}],"about":[{"href":"https:\/\/radiorevelacionfm.cl\/index.php?rest_route=\/wp\/v2\/types\/post"}],"author":[{"embeddable":true,"href":"https:\/\/radiorevelacionfm.cl\/index.php?rest_route=\/wp\/v2\/users\/1"}],"replies":[{"embeddable":true,"href":"https:\/\/radiorevelacionfm.cl\/index.php?rest_route=%2Fwp%2Fv2%2Fcomments&post=20438"}],"version-history":[{"count":2,"href":"https:\/\/radiorevelacionfm.cl\/index.php?rest_route=\/wp\/v2\/posts\/20438\/revisions"}],"predecessor-version":[{"id":20441,"href":"https:\/\/radiorevelacionfm.cl\/index.php?rest_route=\/wp\/v2\/posts\/20438\/revisions\/20441"}],"wp:featuredmedia":[{"embeddable":true,"href":"https:\/\/radiorevelacionfm.cl\/index.php?rest_route=\/wp\/v2\/media\/20439"}],"wp:attachment":[{"href":"https:\/\/radiorevelacionfm.cl\/index.php?rest_route=%2Fwp%2Fv2%2Fmedia&parent=20438"}],"wp:term":[{"taxonomy":"category","embeddable":true,"href":"https:\/\/radiorevelacionfm.cl\/index.php?rest_route=%2Fwp%2Fv2%2Fcategories&post=20438"},{"taxonomy":"post_tag","embeddable":true,"href":"https:\/\/radiorevelacionfm.cl\/index.php?rest_route=%2Fwp%2Fv2%2Ftags&post=20438"}],"curies":[{"name":"wp","href":"https:\/\/api.w.org\/{rel}","templated":true}]}}