{"id":20433,"date":"2022-08-11T22:19:56","date_gmt":"2022-08-12T01:19:56","guid":{"rendered":"https:\/\/radiorevelacionfm.cl\/?p=20433"},"modified":"2022-08-11T22:19:56","modified_gmt":"2022-08-12T01:19:56","slug":"declaran-alerta-preventiva-por-marejadas-anormales-para-las-comunas-del-borde-costero-entre-las-regiones-de-arica-parinacota-y-aysen","status":"publish","type":"post","link":"https:\/\/radiorevelacionfm.cl\/?p=20433","title":{"rendered":"Declaran Alerta Preventiva por marejadas anormales para las comunas del borde costero entre las regiones de Arica-Parinacota y Ays\u00e9n"},"content":{"rendered":"<div class=\"flex_column av_one_full  flex_column_div av-zero-column-padding first  avia-builder-el-0  el_before_av_one_full  avia-builder-el-first  \" style='border-radius:0px; '><div  class='avia-image-container  av-styling-    avia-builder-el-1  avia-builder-el-no-sibling  avia-align-center '  itemprop=\"image\" itemscope=\"itemscope\" itemtype=\"https:\/\/schema.org\/ImageObject\"  ><div class='avia-image-container-inner'><div class='avia-image-overlay-wrap'><img decoding=\"async\" class='wp-image-20434 avia-img-lazy-loading-not-20434 avia_image' src=\"https:\/\/radiorevelacionfm.cl\/wp-content\/uploads\/2022\/08\/marejadas3_optimized.jpg\" alt='' title='marejadas3_optimized' height=\"600\" width=\"800\"  itemprop=\"thumbnailUrl\" srcset=\"https:\/\/radiorevelacionfm.cl\/wp-content\/uploads\/2022\/08\/marejadas3_optimized.jpg 800w, https:\/\/radiorevelacionfm.cl\/wp-content\/uploads\/2022\/08\/marejadas3_optimized-300x225.jpg 300w, https:\/\/radiorevelacionfm.cl\/wp-content\/uploads\/2022\/08\/marejadas3_optimized-768x576.jpg 768w, https:\/\/radiorevelacionfm.cl\/wp-content\/uploads\/2022\/08\/marejadas3_optimized-705x529.jpg 705w, https:\/\/radiorevelacionfm.cl\/wp-content\/uploads\/2022\/08\/marejadas3_optimized-600x450.jpg 600w\" sizes=\"(max-width: 800px) 100vw, 800px\" \/><\/div><\/div><\/div><\/div><div class=\"flex_column av_one_full  flex_column_div av-zero-column-padding first  avia-builder-el-2  el_after_av_one_full  el_before_av_one_full  column-top-margin\" style='border-radius:0px; '><section class=\"av_textblock_section \"  itemscope=\"itemscope\" itemtype=\"https:\/\/schema.org\/BlogPosting\" itemprop=\"blogPost\" ><div class='avia_textblock  '   itemprop=\"text\" ><p style=\"text-align: center;\"><span style=\"font-size: 18pt;\"><strong>Declaran Alerta Preventiva por marejadas anormales para las comunas del borde costero entre las regiones de Arica-Parinacota y Ays\u00e9n<\/strong><\/span><\/p>\n<div id=\"gtx-trans\" style=\"position: absolute; left: -50px; top: 4.31534px;\">\n<div class=\"gtx-trans-icon\"><\/div>\n<\/div>\n<\/div><\/section><\/div><div class=\"flex_column av_one_full  flex_column_div av-zero-column-padding first  avia-builder-el-4  el_after_av_one_full  el_before_av_hr  column-top-margin\" style='border-radius:0px; '><section class=\"av_textblock_section \"  itemscope=\"itemscope\" itemtype=\"https:\/\/schema.org\/BlogPosting\" itemprop=\"blogPost\" ><div class='avia_textblock  '   itemprop=\"text\" ><p style=\"font-weight: 400; text-align: justify;\">El Centro Meteorol\u00f3gico Mar\u00edtimo Regional de Valpara\u00edso, dependiente de la Gobernaci\u00f3n Mar\u00edtima de Valpara\u00edso, informa que producto de un sistema frontal que se manifestar\u00e1 en las costas de la Zona Central y Sur del pa\u00eds, se generar\u00e1 gran oleaje que se proyectar\u00e1 como marejadas anormales del\u00a0<strong>Suroeste<\/strong>, seg\u00fan el siguiente detalle:<\/p>\n<p style=\"font-weight: 400; text-align: justify;\"><strong>Archipi\u00e9lago de Juan Fern\u00e1ndez\u00a0 \u00a0 \u00a0 \u00a0 \u00a0 \u00a0 \u00a0<\/strong>: s\u00e1bado 13 de agosto (AM)<\/p>\n<p style=\"font-weight: 400; text-align: justify;\"><strong>Golfo de Penas hasta Coquimbo\u00a0 \u00a0 \u00a0 \u00a0 \u00a0 \u00a0 \u00a0<\/strong>: s\u00e1bado 13 de agosto (AM)<\/p>\n<p style=\"font-weight: 400; text-align: justify;\"><strong>Coquimbo hasta Arica\u00a0 \u00a0 \u00a0 \u00a0 \u00a0 \u00a0 \u00a0 \u00a0 \u00a0 \u00a0 \u00a0 \u00a0 \u00a0 \u00a0 \u00a0 <\/strong>: s\u00e1bado 13 de agosto (PM)<\/p>\n<p style=\"font-weight: 400; text-align: justify;\">Esta condici\u00f3n se mantendr\u00e1 hasta el viernes 19 de agosto, seg\u00fan el siguiente detalle:<\/p>\n<p style=\"font-weight: 400; text-align: justify;\"><strong>Archipi\u00e9lago Juan Fern\u00e1ndez\u00a0\u00a0 \u00a0\u00a0\u00a0\u00a0\u00a0\u00a0\u00a0\u00a0\u00a0\u00a0\u00a0\u00a0\u00a0\u00a0 <\/strong>: mi\u00e9rcoles 17 de agosto.<\/p>\n<p style=\"font-weight: 400; text-align: justify;\"><strong>Golfo de Penas hasta Golfo de Arauco\u00a0 \u00a0<\/strong>: jueves 18 de agosto.<\/p>\n<p style=\"font-weight: 400; text-align: justify;\"><strong>Golfo de Arauco hasta Arica\u00a0 \u00a0 \u00a0 \u00a0 \u00a0 \u00a0 \u00a0 \u00a0 \u00a0 \u00a0 <\/strong>: viernes 19 de agosto.<\/p>\n<p style=\"font-weight: 400; text-align: justify;\">Asimismo, se espera que la mayor intensidad se registre los d\u00edas domingo 14, lunes 15 y martes 16 de agosto, en los horarios de pleamar o de m\u00e1s alta marea, tal como se indica:<\/p>\n<p style=\"font-weight: 400; text-align: justify;\"><strong>Golfo de Penas hasta Coquimbo\u00a0\u00a0\u00a0 \u00a0\u00a0\u00a0\u00a0\u00a0\u00a0\u00a0\u00a0\u00a0 <\/strong>: entre 11:00 y 13:00 horas.<\/p>\n<p style=\"font-weight: 400; text-align: justify;\"><strong>Coquimbo hasta Arica\u00a0\u00a0\u00a0\u00a0\u00a0\u00a0\u00a0\u00a0 \u00a0 \u00a0\u00a0\u00a0\u00a0\u00a0\u00a0\u00a0\u00a0\u00a0\u00a0\u00a0\u00a0\u00a0\u00a0\u00a0\u00a0\u00a0\u00a0\u00a0 <\/strong>: entre 10:00 y 12:00 horas.<\/p>\n<p style=\"font-weight: 400; text-align: justify;\">Cabe destacar, que la magnitud del fen\u00f3meno permite prever sobrepasos y potenciales da\u00f1os a la infraestructura costera. Por lo anterior, se hace \u00e9nfasis en respetar las normas de seguridad establecidas, evitando el tr\u00e1nsito por sectores rocosos, no ingresar al mar durante el evento de marejadas, no desarrollar actividades n\u00e1uticas y deportivas sin la debida autorizaci\u00f3n.<\/p>\n<p style=\"font-weight: 400; text-align: justify;\">En consideraci\u00f3n a estos antecedentes, ONEMI\u00a0<strong>declara Alerta Temprana Preventiva<\/strong>\u00a0por marejadas anormales, para las comunas del borde costero entre las regiones de Arica y Parinacota y Ays\u00e9n; incluyendo la comuna de Juan Fern\u00e1ndez, Regi\u00f3n de Valpara\u00edso, a partir de hoy y hasta que las condiciones as\u00ed lo ameriten.<\/p>\n<\/div><\/section><\/div><div  style='height:50px' class='hr hr-invisible   avia-builder-el-6  el_after_av_one_full  el_before_av_social_share '><span class='hr-inner ' ><span class='hr-inner-style'><\/span><\/span><\/div><\/p>\n<div  class='av-social-sharing-box  avia-builder-el-7  el_after_av_hr  el_before_av_hr  '><div class='av-share-box'><h5 class='av-share-link-description av-no-toc '>Compartir esta noticia<\/h5><ul class='av-share-box-list noLightbox'><li class='av-share-link av-social-link-facebook' ><a target=\"_blank\" aria-label=\"Compartir en Facebook\" href='https:\/\/www.facebook.com\/sharer.php?u=https:\/\/radiorevelacionfm.cl\/?p=20433&#038;t=Declaran%20Alerta%20Preventiva%20por%20marejadas%20anormales%20para%20las%20comunas%20del%20borde%20costero%20entre%20las%20regiones%20de%20Arica-Parinacota%20y%20Ays%C3%A9n' aria-hidden='false' data-av_icon='\ue8f3' data-av_iconfont='entypo-fontello' title='' data-avia-related-tooltip='Compartir en Facebook' rel=\"noopener\"><span class='avia_hidden_link_text'>Compartir en Facebook<\/span><\/a><\/li><li class='av-share-link av-social-link-twitter' ><a target=\"_blank\" aria-label=\"Compartir en Twitter\" href='https:\/\/twitter.com\/share?text=Declaran%20Alerta%20Preventiva%20por%20marejadas%20anormales%20para%20las%20comunas%20del%20borde%20costero%20entre%20las%20regiones%20de%20Arica-Parinacota%20y%20Ays%C3%A9n&#038;url=https:\/\/radiorevelacionfm.cl\/?p=20433' aria-hidden='false' data-av_icon='\ue8f1' data-av_iconfont='entypo-fontello' title='' data-avia-related-tooltip='Compartir en Twitter' rel=\"noopener\"><span class='avia_hidden_link_text'>Compartir en Twitter<\/span><\/a><\/li><li class='av-share-link av-social-link-whatsapp' ><a target=\"_blank\" aria-label=\"Compartir en Whatsapp\" href='https:\/\/api.whatsapp.com\/send?text=https:\/\/radiorevelacionfm.cl\/?p=20433' aria-hidden='false' data-av_icon='\uf232' data-av_iconfont='entypo-fontello' title='' data-avia-related-tooltip='Compartir en Whatsapp' rel=\"noopener\"><span class='avia_hidden_link_text'>Compartir en Whatsapp<\/span><\/a><\/li><li class='av-share-link av-social-link-linkedin' ><a target=\"_blank\" aria-label=\"Compartir en LinkedIn\" href='https:\/\/linkedin.com\/shareArticle?mini=true&#038;title=Declaran%20Alerta%20Preventiva%20por%20marejadas%20anormales%20para%20las%20comunas%20del%20borde%20costero%20entre%20las%20regiones%20de%20Arica-Parinacota%20y%20Ays%C3%A9n&#038;url=https:\/\/radiorevelacionfm.cl\/?p=20433' aria-hidden='false' data-av_icon='\ue8fc' data-av_iconfont='entypo-fontello' title='' data-avia-related-tooltip='Compartir en LinkedIn' rel=\"noopener\"><span class='avia_hidden_link_text'>Compartir en LinkedIn<\/span><\/a><\/li><li class='av-share-link av-social-link-mail' ><a  aria-label=\"Compartir por correo\" href='mailto:?subject=Declaran%20Alerta%20Preventiva%20por%20marejadas%20anormales%20para%20las%20comunas%20del%20borde%20costero%20entre%20las%20regiones%20de%20Arica-Parinacota%20y%20Ays%C3%A9n&#038;body=https:\/\/radiorevelacionfm.cl\/?p=20433' aria-hidden='false' data-av_icon='\ue805' data-av_iconfont='entypo-fontello' title='' data-avia-related-tooltip='Compartir por correo'><span class='avia_hidden_link_text'>Compartir por correo<\/span><\/a><\/li><\/ul><\/div><\/div>\n<div  style='height:50px' class='hr hr-invisible   avia-builder-el-8  el_after_av_social_share  el_before_av_comments_list '><span class='hr-inner ' ><span class='hr-inner-style'><\/span><\/span><\/div>\n<div  class='av-buildercomment  av-blog-meta-html-info-disabled av-blog-meta-tag-disabled  '><\/div>\n","protected":false},"excerpt":{"rendered":"","protected":false},"author":1,"featured_media":20434,"comment_status":"open","ping_status":"open","sticky":false,"template":"","format":"standard","meta":{"footnotes":""},"categories":[61],"tags":[],"class_list":["post-20433","post","type-post","status-publish","format-standard","has-post-thumbnail","hentry","category-nacional"],"jetpack_featured_media_url":"https:\/\/radiorevelacionfm.cl\/wp-content\/uploads\/2022\/08\/marejadas3_optimized.jpg","_links":{"self":[{"href":"https:\/\/radiorevelacionfm.cl\/index.php?rest_route=\/wp\/v2\/posts\/20433","targetHints":{"allow":["GET"]}}],"collection":[{"href":"https:\/\/radiorevelacionfm.cl\/index.php?rest_route=\/wp\/v2\/posts"}],"about":[{"href":"https:\/\/radiorevelacionfm.cl\/index.php?rest_route=\/wp\/v2\/types\/post"}],"author":[{"embeddable":true,"href":"https:\/\/radiorevelacionfm.cl\/index.php?rest_route=\/wp\/v2\/users\/1"}],"replies":[{"embeddable":true,"href":"https:\/\/radiorevelacionfm.cl\/index.php?rest_route=%2Fwp%2Fv2%2Fcomments&post=20433"}],"version-history":[{"count":2,"href":"https:\/\/radiorevelacionfm.cl\/index.php?rest_route=\/wp\/v2\/posts\/20433\/revisions"}],"predecessor-version":[{"id":20436,"href":"https:\/\/radiorevelacionfm.cl\/index.php?rest_route=\/wp\/v2\/posts\/20433\/revisions\/20436"}],"wp:featuredmedia":[{"embeddable":true,"href":"https:\/\/radiorevelacionfm.cl\/index.php?rest_route=\/wp\/v2\/media\/20434"}],"wp:attachment":[{"href":"https:\/\/radiorevelacionfm.cl\/index.php?rest_route=%2Fwp%2Fv2%2Fmedia&parent=20433"}],"wp:term":[{"taxonomy":"category","embeddable":true,"href":"https:\/\/radiorevelacionfm.cl\/index.php?rest_route=%2Fwp%2Fv2%2Fcategories&post=20433"},{"taxonomy":"post_tag","embeddable":true,"href":"https:\/\/radiorevelacionfm.cl\/index.php?rest_route=%2Fwp%2Fv2%2Ftags&post=20433"}],"curies":[{"name":"wp","href":"https:\/\/api.w.org\/{rel}","templated":true}]}}