{"id":20426,"date":"2022-08-11T20:52:49","date_gmt":"2022-08-11T23:52:49","guid":{"rendered":"https:\/\/radiorevelacionfm.cl\/?p=20426"},"modified":"2022-08-11T21:06:04","modified_gmt":"2022-08-12T00:06:04","slug":"gobierno-declara-emergencia-agricola-para-las-comunas-de-cisnes-y-tortel","status":"publish","type":"post","link":"https:\/\/radiorevelacionfm.cl\/?p=20426","title":{"rendered":"Declaran Situaci\u00f3n de Emergencia Agr\u00edcola para las comunas de Cisnes y Tortel"},"content":{"rendered":"<div class=\"flex_column av_one_full  flex_column_div av-zero-column-padding first  avia-builder-el-0  el_before_av_one_full  avia-builder-el-first  \" style='border-radius:0px; '><div  class='avia-image-container  av-styling-    avia-builder-el-1  avia-builder-el-no-sibling  avia-align-center '  itemprop=\"image\" itemscope=\"itemscope\" itemtype=\"https:\/\/schema.org\/ImageObject\"  ><div class='avia-image-container-inner'><div class='avia-image-overlay-wrap'><img decoding=\"async\" class='wp-image-20427 avia-img-lazy-loading-not-20427 avia_image' src=\"https:\/\/radiorevelacionfm.cl\/wp-content\/uploads\/2022\/08\/emergencia-agricola-1-1.jpg\" alt='' title='emergencia-agricola (1) (1)' height=\"600\" width=\"898\"  itemprop=\"thumbnailUrl\" srcset=\"https:\/\/radiorevelacionfm.cl\/wp-content\/uploads\/2022\/08\/emergencia-agricola-1-1.jpg 898w, https:\/\/radiorevelacionfm.cl\/wp-content\/uploads\/2022\/08\/emergencia-agricola-1-1-300x200.jpg 300w, https:\/\/radiorevelacionfm.cl\/wp-content\/uploads\/2022\/08\/emergencia-agricola-1-1-768x513.jpg 768w, https:\/\/radiorevelacionfm.cl\/wp-content\/uploads\/2022\/08\/emergencia-agricola-1-1-705x471.jpg 705w, https:\/\/radiorevelacionfm.cl\/wp-content\/uploads\/2022\/08\/emergencia-agricola-1-1-600x401.jpg 600w\" sizes=\"(max-width: 898px) 100vw, 898px\" \/><\/div><\/div><\/div><\/div>\n<div class=\"flex_column av_one_full  flex_column_div av-zero-column-padding first  avia-builder-el-2  el_after_av_one_full  el_before_av_one_full  column-top-margin\" style='border-radius:0px; '><section class=\"av_textblock_section \"  itemscope=\"itemscope\" itemtype=\"https:\/\/schema.org\/BlogPosting\" itemprop=\"blogPost\" ><div class='avia_textblock  '   itemprop=\"text\" ><p style=\"text-align: center;\"><strong><span style=\"font-size: 18pt;\">Declaran Situaci\u00f3n de Emergencia Agr\u00edcola para las comunas de Cisnes y Tortel <\/span><\/strong><\/p>\n<div id=\"gtx-trans\" style=\"position: absolute; left: -50px; top: 4.31534px;\">\n<div class=\"gtx-trans-icon\"><\/div>\n<\/div>\n<\/div><\/section><\/div>\n<div class=\"flex_column av_one_full  flex_column_div av-zero-column-padding first  avia-builder-el-4  el_after_av_one_full  el_before_av_hr  column-top-margin\" style='border-radius:0px; '><section class=\"av_textblock_section \"  itemscope=\"itemscope\" itemtype=\"https:\/\/schema.org\/BlogPosting\" itemprop=\"blogPost\" ><div class='avia_textblock  '   itemprop=\"text\" ><p style=\"text-align: justify;\">El Seremi de Agricultura, Alan Espinoza Ortiz, comunic\u00f3 la declaraci\u00f3n de Situaci\u00f3n de Emergencia Agr\u00edcola para las comunas de Cisnes y Tortel, mediante una reuni\u00f3n con los alcaldes Francisco Roncagliolo Lep\u00edo y Abel Becerra Vidal, respectivamente.<\/p>\n<p style=\"text-align: justify;\">La Declaraci\u00f3n se suma a la resoluci\u00f3n del pasado 22 de julio que incluy\u00f3 a las comunas de Coyhaique, Ays\u00e9n, R\u00edo Ib\u00e1\u00f1ez, Cochrane, Chile Chico, Lago Verde y O&#8217;Higgins.<\/p>\n<p style=\"text-align: justify;\">La resoluci\u00f3n fue firmada por el ministro del ramo Esteban Valenzuela Van Trek, este mi\u00e9rcoles 10 de agosto, y determina la generaci\u00f3n de apoyos para los productores\/as priorizados por el Plan de Contingencia de las comunas citadas ante los efectos del da\u00f1o productivo por nevazones y posteriores heladas.<\/p>\n<p style=\"text-align: justify;\">\u00abEste nuevo decreto emitido por el Ministerio de Agricultura nos faculta para continuar acompa\u00f1ando a nuestros productores y productoras, a quienes ya estamos apoyando con entrega de concentrado en los lugares priorizados y contenidos en el decreto del d\u00eda 22 de julio. Con este nuevo decreto podemos estructurar un plan de trabajo integral que permita apoyar en esta \u00e9poca de mayor demanda de alimentaci\u00f3n a mayor n\u00famero de campesinos de nuestra regi\u00f3n\u00bb, se\u00f1al\u00f3 el Seremi de Agricultura, Alan Espinoza Ortiz.<\/p>\n<p style=\"text-align: justify;\">En este sentido el alcalde de la comuna de Tortel se\u00f1al\u00f3 que la medida implica un apoyo importante para los productores de la comuna.<\/p>\n<p style=\"text-align: justify;\">\u00abLos agricultores fueron muy afectados porque a la gran cantidad de nieve que cay\u00f3 en el territorio, hubo un periodo de escarcha de dos semanas consecutivas y eso va en directo perjuicio de las personas que viven de esto, porque la poca pradera que hay estaba cubierta de nieve por mucho rato y mucha escarcha. Entonces el forraje y todo lo que se pueda tener siempre se hace corto\u00bb, se\u00f1al\u00f3 Abel Becerra.<\/p>\n<p style=\"text-align: justify;\">Para Francisco Roncagliolo, la medida permite avanzar en un trabajo conjunto para apoyar a los agricultores de la comuna.<\/p>\n<p style=\"text-align: justify;\">\u00abEs una medida que se condice a las condiciones clim\u00e1ticas y los efectos que \u00e9sta ha tenido para la agricultura y sobre todo para la ganader\u00eda. Y esto se condice tambi\u00e9n con el trabajo que hemos llevado adelante como municipio. Ahora se viene un trabajo colaborativo y mancomunado entre nuestro municipio y la Seremi de Agricultura para poder llegar con los apoyos que esta medida va a significar para nuestra gente\u00bb, indic\u00f3.<\/p>\n<p style=\"text-align: justify;\">Con esta nueva declaraci\u00f3n de emergencia agr\u00edcola se suman las comunas de Tortel y Cisnes al Plan de Contingencia elaborado desde la Seremi de Agricultura en conjunto con los equipos t\u00e9cnicos y profesionales de INDAP, INIA, SAG e INFOR, cuyo foco es llegar con un apoyo oportuno a la agricultura familiar campesina de Ays\u00e9n.<\/p>\n<\/div><\/section><\/div><div  style='height:50px' class='hr hr-invisible   avia-builder-el-6  el_after_av_one_full  el_before_av_social_share '><span class='hr-inner ' ><span class='hr-inner-style'><\/span><\/span><\/div><\/p>\n<div  class='av-social-sharing-box  avia-builder-el-7  el_after_av_hr  el_before_av_hr  '><div class='av-share-box'><h5 class='av-share-link-description av-no-toc '>Compartir esta noticia<\/h5><ul class='av-share-box-list noLightbox'><li class='av-share-link av-social-link-facebook' ><a target=\"_blank\" aria-label=\"Compartir en Facebook\" href='https:\/\/www.facebook.com\/sharer.php?u=https:\/\/radiorevelacionfm.cl\/?p=20426&#038;t=Declaran%20Situaci%C3%B3n%20de%20Emergencia%20Agr%C3%ADcola%20para%20las%20comunas%20de%20Cisnes%20y%20Tortel' aria-hidden='false' data-av_icon='\ue8f3' data-av_iconfont='entypo-fontello' title='' data-avia-related-tooltip='Compartir en Facebook' rel=\"noopener\"><span class='avia_hidden_link_text'>Compartir en Facebook<\/span><\/a><\/li><li class='av-share-link av-social-link-twitter' ><a target=\"_blank\" aria-label=\"Compartir en Twitter\" href='https:\/\/twitter.com\/share?text=Declaran%20Situaci%C3%B3n%20de%20Emergencia%20Agr%C3%ADcola%20para%20las%20comunas%20de%20Cisnes%20y%20Tortel&#038;url=https:\/\/radiorevelacionfm.cl\/?p=20426' aria-hidden='false' data-av_icon='\ue8f1' data-av_iconfont='entypo-fontello' title='' data-avia-related-tooltip='Compartir en Twitter' rel=\"noopener\"><span class='avia_hidden_link_text'>Compartir en Twitter<\/span><\/a><\/li><li class='av-share-link av-social-link-whatsapp' ><a target=\"_blank\" aria-label=\"Compartir en Whatsapp\" href='https:\/\/api.whatsapp.com\/send?text=https:\/\/radiorevelacionfm.cl\/?p=20426' aria-hidden='false' data-av_icon='\uf232' data-av_iconfont='entypo-fontello' title='' data-avia-related-tooltip='Compartir en Whatsapp' rel=\"noopener\"><span class='avia_hidden_link_text'>Compartir en Whatsapp<\/span><\/a><\/li><li class='av-share-link av-social-link-linkedin' ><a target=\"_blank\" aria-label=\"Compartir en LinkedIn\" href='https:\/\/linkedin.com\/shareArticle?mini=true&#038;title=Declaran%20Situaci%C3%B3n%20de%20Emergencia%20Agr%C3%ADcola%20para%20las%20comunas%20de%20Cisnes%20y%20Tortel&#038;url=https:\/\/radiorevelacionfm.cl\/?p=20426' aria-hidden='false' data-av_icon='\ue8fc' data-av_iconfont='entypo-fontello' title='' data-avia-related-tooltip='Compartir en LinkedIn' rel=\"noopener\"><span class='avia_hidden_link_text'>Compartir en LinkedIn<\/span><\/a><\/li><li class='av-share-link av-social-link-mail' ><a  aria-label=\"Compartir por correo\" href='mailto:?subject=Declaran%20Situaci%C3%B3n%20de%20Emergencia%20Agr%C3%ADcola%20para%20las%20comunas%20de%20Cisnes%20y%20Tortel&#038;body=https:\/\/radiorevelacionfm.cl\/?p=20426' aria-hidden='false' data-av_icon='\ue805' data-av_iconfont='entypo-fontello' title='' data-avia-related-tooltip='Compartir por correo'><span class='avia_hidden_link_text'>Compartir por correo<\/span><\/a><\/li><\/ul><\/div><\/div>\n<div  style='height:50px' class='hr hr-invisible   avia-builder-el-8  el_after_av_social_share  el_before_av_comments_list '><span class='hr-inner ' ><span class='hr-inner-style'><\/span><\/span><\/div>\n<div  class='av-buildercomment  av-blog-meta-html-info-disabled av-blog-meta-tag-disabled  '><\/div>\n","protected":false},"excerpt":{"rendered":"","protected":false},"author":1,"featured_media":20427,"comment_status":"open","ping_status":"open","sticky":false,"template":"","format":"standard","meta":{"footnotes":""},"categories":[58],"tags":[],"class_list":["post-20426","post","type-post","status-publish","format-standard","has-post-thumbnail","hentry","category-agricultura"],"jetpack_featured_media_url":"https:\/\/radiorevelacionfm.cl\/wp-content\/uploads\/2022\/08\/emergencia-agricola-1-1.jpg","_links":{"self":[{"href":"https:\/\/radiorevelacionfm.cl\/index.php?rest_route=\/wp\/v2\/posts\/20426","targetHints":{"allow":["GET"]}}],"collection":[{"href":"https:\/\/radiorevelacionfm.cl\/index.php?rest_route=\/wp\/v2\/posts"}],"about":[{"href":"https:\/\/radiorevelacionfm.cl\/index.php?rest_route=\/wp\/v2\/types\/post"}],"author":[{"embeddable":true,"href":"https:\/\/radiorevelacionfm.cl\/index.php?rest_route=\/wp\/v2\/users\/1"}],"replies":[{"embeddable":true,"href":"https:\/\/radiorevelacionfm.cl\/index.php?rest_route=%2Fwp%2Fv2%2Fcomments&post=20426"}],"version-history":[{"count":5,"href":"https:\/\/radiorevelacionfm.cl\/index.php?rest_route=\/wp\/v2\/posts\/20426\/revisions"}],"predecessor-version":[{"id":20429,"href":"https:\/\/radiorevelacionfm.cl\/index.php?rest_route=\/wp\/v2\/posts\/20426\/revisions\/20429"}],"wp:featuredmedia":[{"embeddable":true,"href":"https:\/\/radiorevelacionfm.cl\/index.php?rest_route=\/wp\/v2\/media\/20427"}],"wp:attachment":[{"href":"https:\/\/radiorevelacionfm.cl\/index.php?rest_route=%2Fwp%2Fv2%2Fmedia&parent=20426"}],"wp:term":[{"taxonomy":"category","embeddable":true,"href":"https:\/\/radiorevelacionfm.cl\/index.php?rest_route=%2Fwp%2Fv2%2Fcategories&post=20426"},{"taxonomy":"post_tag","embeddable":true,"href":"https:\/\/radiorevelacionfm.cl\/index.php?rest_route=%2Fwp%2Fv2%2Ftags&post=20426"}],"curies":[{"name":"wp","href":"https:\/\/api.w.org\/{rel}","templated":true}]}}