{"id":20411,"date":"2022-08-11T18:09:35","date_gmt":"2022-08-11T21:09:35","guid":{"rendered":"https:\/\/radiorevelacionfm.cl\/?p=20411"},"modified":"2022-08-11T18:09:35","modified_gmt":"2022-08-11T21:09:35","slug":"gobernadora-macias-anuncia-12-medidas-de-apoyo-a-la-reactivacion-economica-regional","status":"publish","type":"post","link":"https:\/\/radiorevelacionfm.cl\/?p=20411","title":{"rendered":"Gobernadora Mac\u00edas anuncia 12 medidas de apoyo a la reactivaci\u00f3n econ\u00f3mica regional"},"content":{"rendered":"<div class=\"flex_column av_one_full  flex_column_div av-zero-column-padding first  avia-builder-el-0  el_before_av_one_full  avia-builder-el-first  \" style='border-radius:0px; '><div  class='avia-image-container  av-styling-    avia-builder-el-1  avia-builder-el-no-sibling  avia-align-center '  itemprop=\"image\" itemscope=\"itemscope\" itemtype=\"https:\/\/schema.org\/ImageObject\"  ><div class='avia-image-container-inner'><div class='avia-image-overlay-wrap'><img decoding=\"async\" class='wp-image-20412 avia-img-lazy-loading-not-20412 avia_image' src=\"https:\/\/radiorevelacionfm.cl\/wp-content\/uploads\/2022\/08\/62-1-1_optimized-1.jpg\" alt='' title='62-(1)-(1)_optimized (1)' height=\"600\" width=\"965\"  itemprop=\"thumbnailUrl\" srcset=\"https:\/\/radiorevelacionfm.cl\/wp-content\/uploads\/2022\/08\/62-1-1_optimized-1.jpg 965w, https:\/\/radiorevelacionfm.cl\/wp-content\/uploads\/2022\/08\/62-1-1_optimized-1-300x187.jpg 300w, https:\/\/radiorevelacionfm.cl\/wp-content\/uploads\/2022\/08\/62-1-1_optimized-1-768x478.jpg 768w, https:\/\/radiorevelacionfm.cl\/wp-content\/uploads\/2022\/08\/62-1-1_optimized-1-705x438.jpg 705w, https:\/\/radiorevelacionfm.cl\/wp-content\/uploads\/2022\/08\/62-1-1_optimized-1-600x373.jpg 600w\" sizes=\"(max-width: 965px) 100vw, 965px\" \/><\/div><\/div><\/div><\/div><div class=\"flex_column av_one_full  flex_column_div av-zero-column-padding first  avia-builder-el-2  el_after_av_one_full  el_before_av_one_full  column-top-margin\" style='border-radius:0px; '><section class=\"av_textblock_section \"  itemscope=\"itemscope\" itemtype=\"https:\/\/schema.org\/BlogPosting\" itemprop=\"blogPost\" ><div class='avia_textblock  '   itemprop=\"text\" ><p style=\"text-align: center;\"><strong><span style=\"font-size: 18pt;\">Gobernadora Mac\u00edas anuncia 12 medidas de apoyo a la reactivaci\u00f3n econ\u00f3mica regional <\/span><\/strong><\/p>\n<div id=\"gtx-trans\" style=\"position: absolute; left: -50px; top: 4.31534px;\">\n<div class=\"gtx-trans-icon\"><\/div>\n<\/div>\n<\/div><\/section><\/div><div class=\"flex_column av_one_full  flex_column_div av-zero-column-padding first  avia-builder-el-4  el_after_av_one_full  el_before_av_hr  column-top-margin\" style='border-radius:0px; '><section class=\"av_textblock_section \"  itemscope=\"itemscope\" itemtype=\"https:\/\/schema.org\/BlogPosting\" itemprop=\"blogPost\" ><div class='avia_textblock  '   itemprop=\"text\" ><p dir=\"ltr\" style=\"text-align: justify;\">La Gobernadora Regional de Ays\u00e9n, Andrea Mac\u00edas Palma, present\u00f3 esta ma\u00f1ana las \u00ab12 Medidas: Apoyo a la Reactivaci\u00f3n Econ\u00f3mica Regional\u00bb, que tienen como objetivo contribuir en el fortalecimiento de las localidades e ir en apoyo de las personas, comunidades, y los territorios.<\/p>\n<p dir=\"ltr\" style=\"text-align: justify;\">La contribuci\u00f3n de presupuesto que efect\u00faa el Gobierno Regional en materia de presupuesto es fundamental, es uno de los sectores que m\u00e1s proporciona a la inversi\u00f3n p\u00fablica en la regi\u00f3n.<\/p>\n<p dir=\"ltr\" style=\"text-align: justify;\">\u00abEstas iniciativas ya se encuentran en distintos niveles. Se presentan, precisamente por aquello. A mi juicio, la noticia de poder iniciar el proceso de creaci\u00f3n de una Corporaci\u00f3n de Regional de Desarrollo, es una tremenda oportunidad para fortalecer el trabajo entre el sector p\u00fablico y privado\u00bb, dijo la Gobernadora\u00a0 Andrea Mac\u00edas Palma.<\/p>\n<p dir=\"ltr\" style=\"text-align: justify;\">A la actividad del anuncio de las medidas, asistieron autoridades locales y regionales, adem\u00e1s de representantes de la sociedad civil, que se refirieron a la exposici\u00f3n informativa efectuada por la Gobernadora Regional.<\/p>\n<p dir=\"ltr\" style=\"text-align: justify;\">\u00abMe parece que el anuncio que la Gobernadora hizo hoy, es algo trascendental. Hay un cambio de paradigma, hay un cambio en la estructura y en la manera de abordar la inversi\u00f3n regional. Como ella bien manifiesta, los recursos que vienen del Estado son m\u00faltiples, donde el Gobierno Regional tiene un tercio de la inversi\u00f3n p\u00fablica y el resto viene por los sectores\u00bb, asever\u00f3 el Delegado Presidencial Regional, Rodrigo Araya.<\/p>\n<p dir=\"ltr\" style=\"text-align: justify;\">En el evento estuvieron los alcaldes de; Cochrane, Jorge Calder\u00f3n, Coyhaique, Carlos Gatica, Chile Chico, Luperciano Mu\u00f1oz, Cisnes, Francisco Roncagliolo, y la representante del alcalde de Puerto Ays\u00e9n, Roc\u00edo B\u00f3rquez.<\/p>\n<p dir=\"ltr\" style=\"text-align: justify;\">El edil de la comuna de R\u00edo Ib\u00e1\u00f1ez y presidente de la Asociaci\u00f3n Regional de Municipalidades de Ays\u00e9n, Marcelo Santana, dijo que \u00abrespecto a las 12 medidas, nos parece que hay medidas que, sin duda, aportan a mejorar este proceso que estamos viendo y en otras que atingen espec\u00edficamente a los municipios\u00bb, el alcalde manifest\u00f3 que solicitar\u00e1n reuniones para abordar las medidas y los proyectos.<\/p>\n<p dir=\"ltr\" style=\"text-align: justify;\">Representantes de la sociedad civil, juntas de vecinos, y representantes de gremios, instituciones privadas y p\u00fablicas, tambi\u00e9n estuvieron presentes para conocer las \u00ab12 Medidas: Apoyo a la reactivaci\u00f3n econ\u00f3mica Regional de Ays\u00e9n\u00bb.<\/p>\n<p dir=\"ltr\" style=\"text-align: justify;\">El Presidente del Instituto de Desarrollo Empresarial y del Emprendimiento en Ays\u00e9n, H\u00e9ctor Canales, tras concluir la exposici\u00f3n de la Gobernadora Regional, Andrea Mac\u00edas Palma, dijo que \u00abes un plan bastante potente y particularmente me llama la atenci\u00f3n y muy satisfecho que el punto n\u00famero uno de la creaci\u00f3n de esta Corporaci\u00f3n de Desarrollo (&#8230;) El sector privado est\u00e1 disponible para trabajar y perfeccionar todas las ideas, tal como lo dec\u00eda la gobernadora, tiene que ser un tema p\u00fablico privado\u00bb,<\/p>\n<p style=\"text-align: justify;\"><strong>Las 12 medidas:\u00a0<\/strong><\/p>\n<ol style=\"text-align: justify;\">\n<li dir=\"ltr\">\n<p dir=\"ltr\">Corporaci\u00f3n Regional de Desarrollo: Crear una institucionalidad regional representativa de los diferentes actores regionales y cuyo prop\u00f3sito fundamental es promover el desarrollo sostenible de la regi\u00f3n, facilitando la articulaci\u00f3n p\u00fablico-privada, en los \u00e1mbitos de desarrollo, social, econ\u00f3mico, cultural y deportivo de la regi\u00f3n.<\/p>\n<\/li>\n<li dir=\"ltr\">\n<p dir=\"ltr\">Rueda de atracci\u00f3n de inversi\u00f3n: Dar a conocer nuestras potencialidades como regi\u00f3n, fomentando la atracci\u00f3n de capitales inversores que promuevan el resguardo de nuestro patrimonio material e inmaterial y nuestra biodiversidad.<\/p>\n<\/li>\n<li dir=\"ltr\">\n<p dir=\"ltr\">Centro de Asistencia T\u00e9cnico Local: Fortalecimiento de competencias t\u00e9cnicas en los Municipios y apoyo en la formulaci\u00f3n de proyectos con el objeto de mejorar la cartera de iniciativas de inversi\u00f3n en todas las comunas de nuestra regi\u00f3n.<\/p>\n<\/li>\n<li dir=\"ltr\">\n<p dir=\"ltr\">Fondos de Emergencia Municipal: Proveer a los municipios un mecanismo de financiamiento expedito que permita sortear las emergencias de nuestras comunidades en \u00e1mbito como la canasta b\u00e1sica de alimentos para familias vulnerables, en emergencia agr\u00edcola con alimento para animales.<\/p>\n<\/li>\n<li dir=\"ltr\">\n<p dir=\"ltr\">Convenio de programaci\u00f3n\/ Ministerio del Interior: Fortalecer el sistema de seguridad ciudadana con enfoque en la prevenci\u00f3n y en la dotaci\u00f3n de veh\u00edculos y maquinarias (retenes m\u00f3viles, lanchas de patrullaje, camiones para transporte de combustible, motocicletas, entre otros).<\/p>\n<\/li>\n<li dir=\"ltr\">\n<p dir=\"ltr\">Mesa de Control y Seguimiento de la inversi\u00f3n regional: Realizar control y seguimiento de la Inversi\u00f3n Regional, en especial a sus convenios de programaci\u00f3n que determinan el comportamiento de Ejecuci\u00f3n Presupuestaria.<\/p>\n<\/li>\n<li dir=\"ltr\">\n<p dir=\"ltr\">Nuevo convenio de programaci\u00f3n\/ Fortalecimiento de la infraestructura educacional: La educaci\u00f3n, los ni\u00f1os y ni\u00f1as, j\u00f3venes son nuestra prioridad.<\/p>\n<\/li>\n<li dir=\"ltr\">\n<p dir=\"ltr\">\u00a0FRIL Ays\u00e9n\/ Fondo Regional de iniciativa local: Fortalecer el Fondo de Iniciativa Local (FRIL) con el objetivo de que cada comuna cuente con mayores oportunidades y recursos para ejecutar, seg\u00fan niveles de desarrollo, aislamiento, pobreza multinivel, dependencia del Fondo Com\u00fan Municipal, entre otros.<\/p>\n<\/li>\n<li dir=\"ltr\">\n<p dir=\"ltr\">Programa social de cuidados domiciliarios: Complementar la oferta de atenci\u00f3n integral a personas que presentan niveles de dependencia.<\/p>\n<\/li>\n<li dir=\"ltr\">\n<p dir=\"ltr\">Iniciativas Core\/ Aprobaci\u00f3n de Urgencia: Dinamizar la oferta de iniciativas regionales en ejecuci\u00f3n en el territorio.<\/p>\n<\/li>\n<li dir=\"ltr\">\n<p dir=\"ltr\">Programa de fomento y diversificaci\u00f3n de la pesca artesanal: Promover la diversificaci\u00f3n productiva de las localidades pesqueras artesanales para impulsar el dinamismo del sector.<\/p>\n<\/li>\n<li dir=\"ltr\">\n<p dir=\"ltr\">Programa de fortalecimiento: Reactivaci\u00f3n econ\u00f3mica: Activar procesos de reactivaci\u00f3n, fortalecimiento e incorporaci\u00f3n de pr\u00e1cticas de sustentabilidad de las micro y peque\u00f1as empresas, emprendedores y emprendedoras, unidades productivas informales y cooperativas de la Regi\u00f3n de Ays\u00e9n para un desarrollo local sustentable, eficiente y con equidad social.<\/p>\n<\/li>\n<\/ol>\n<p dir=\"ltr\" style=\"text-align: justify;\">Las personas pueden ver la presentaci\u00f3n realizada a trav\u00e9s de la transmisi\u00f3n en directo por medio de la Fanpage: Gobierno Regional de Ays\u00e9n.<\/p>\n<\/div><\/section><\/div><div  style='height:50px' class='hr hr-invisible   avia-builder-el-6  el_after_av_one_full  el_before_av_social_share '><span class='hr-inner ' ><span class='hr-inner-style'><\/span><\/span><\/div><\/p>\n<div  class='av-social-sharing-box  avia-builder-el-7  el_after_av_hr  el_before_av_hr  '><div class='av-share-box'><h5 class='av-share-link-description av-no-toc '>Compartir esta noticia<\/h5><ul class='av-share-box-list noLightbox'><li class='av-share-link av-social-link-facebook' ><a target=\"_blank\" aria-label=\"Compartir en Facebook\" href='https:\/\/www.facebook.com\/sharer.php?u=https:\/\/radiorevelacionfm.cl\/?p=20411&#038;t=Gobernadora%20Mac%C3%ADas%20anuncia%2012%20medidas%20de%20apoyo%20a%20la%20reactivaci%C3%B3n%20econ%C3%B3mica%20regional' aria-hidden='false' data-av_icon='\ue8f3' data-av_iconfont='entypo-fontello' title='' data-avia-related-tooltip='Compartir en Facebook' rel=\"noopener\"><span class='avia_hidden_link_text'>Compartir en Facebook<\/span><\/a><\/li><li class='av-share-link av-social-link-twitter' ><a target=\"_blank\" aria-label=\"Compartir en Twitter\" href='https:\/\/twitter.com\/share?text=Gobernadora%20Mac%C3%ADas%20anuncia%2012%20medidas%20de%20apoyo%20a%20la%20reactivaci%C3%B3n%20econ%C3%B3mica%20regional&#038;url=https:\/\/radiorevelacionfm.cl\/?p=20411' aria-hidden='false' data-av_icon='\ue8f1' data-av_iconfont='entypo-fontello' title='' data-avia-related-tooltip='Compartir en Twitter' rel=\"noopener\"><span class='avia_hidden_link_text'>Compartir en Twitter<\/span><\/a><\/li><li class='av-share-link av-social-link-whatsapp' ><a target=\"_blank\" aria-label=\"Compartir en Whatsapp\" href='https:\/\/api.whatsapp.com\/send?text=https:\/\/radiorevelacionfm.cl\/?p=20411' aria-hidden='false' data-av_icon='\uf232' data-av_iconfont='entypo-fontello' title='' data-avia-related-tooltip='Compartir en Whatsapp' rel=\"noopener\"><span class='avia_hidden_link_text'>Compartir en Whatsapp<\/span><\/a><\/li><li class='av-share-link av-social-link-linkedin' ><a target=\"_blank\" aria-label=\"Compartir en LinkedIn\" href='https:\/\/linkedin.com\/shareArticle?mini=true&#038;title=Gobernadora%20Mac%C3%ADas%20anuncia%2012%20medidas%20de%20apoyo%20a%20la%20reactivaci%C3%B3n%20econ%C3%B3mica%20regional&#038;url=https:\/\/radiorevelacionfm.cl\/?p=20411' aria-hidden='false' data-av_icon='\ue8fc' data-av_iconfont='entypo-fontello' title='' data-avia-related-tooltip='Compartir en LinkedIn' rel=\"noopener\"><span class='avia_hidden_link_text'>Compartir en LinkedIn<\/span><\/a><\/li><li class='av-share-link av-social-link-mail' ><a  aria-label=\"Compartir por correo\" href='mailto:?subject=Gobernadora%20Mac%C3%ADas%20anuncia%2012%20medidas%20de%20apoyo%20a%20la%20reactivaci%C3%B3n%20econ%C3%B3mica%20regional&#038;body=https:\/\/radiorevelacionfm.cl\/?p=20411' aria-hidden='false' data-av_icon='\ue805' data-av_iconfont='entypo-fontello' title='' data-avia-related-tooltip='Compartir por correo'><span class='avia_hidden_link_text'>Compartir por correo<\/span><\/a><\/li><\/ul><\/div><\/div>\n<div  style='height:50px' class='hr hr-invisible   avia-builder-el-8  el_after_av_social_share  el_before_av_comments_list '><span class='hr-inner ' ><span class='hr-inner-style'><\/span><\/span><\/div>\n<div  class='av-buildercomment  av-blog-meta-html-info-disabled av-blog-meta-tag-disabled  '><\/div>\n","protected":false},"excerpt":{"rendered":"","protected":false},"author":1,"featured_media":20412,"comment_status":"open","ping_status":"open","sticky":false,"template":"","format":"standard","meta":{"footnotes":""},"categories":[38],"tags":[],"class_list":["post-20411","post","type-post","status-publish","format-standard","has-post-thumbnail","hentry","category-regional"],"jetpack_featured_media_url":"https:\/\/radiorevelacionfm.cl\/wp-content\/uploads\/2022\/08\/62-1-1_optimized-1.jpg","_links":{"self":[{"href":"https:\/\/radiorevelacionfm.cl\/index.php?rest_route=\/wp\/v2\/posts\/20411","targetHints":{"allow":["GET"]}}],"collection":[{"href":"https:\/\/radiorevelacionfm.cl\/index.php?rest_route=\/wp\/v2\/posts"}],"about":[{"href":"https:\/\/radiorevelacionfm.cl\/index.php?rest_route=\/wp\/v2\/types\/post"}],"author":[{"embeddable":true,"href":"https:\/\/radiorevelacionfm.cl\/index.php?rest_route=\/wp\/v2\/users\/1"}],"replies":[{"embeddable":true,"href":"https:\/\/radiorevelacionfm.cl\/index.php?rest_route=%2Fwp%2Fv2%2Fcomments&post=20411"}],"version-history":[{"count":2,"href":"https:\/\/radiorevelacionfm.cl\/index.php?rest_route=\/wp\/v2\/posts\/20411\/revisions"}],"predecessor-version":[{"id":20414,"href":"https:\/\/radiorevelacionfm.cl\/index.php?rest_route=\/wp\/v2\/posts\/20411\/revisions\/20414"}],"wp:featuredmedia":[{"embeddable":true,"href":"https:\/\/radiorevelacionfm.cl\/index.php?rest_route=\/wp\/v2\/media\/20412"}],"wp:attachment":[{"href":"https:\/\/radiorevelacionfm.cl\/index.php?rest_route=%2Fwp%2Fv2%2Fmedia&parent=20411"}],"wp:term":[{"taxonomy":"category","embeddable":true,"href":"https:\/\/radiorevelacionfm.cl\/index.php?rest_route=%2Fwp%2Fv2%2Fcategories&post=20411"},{"taxonomy":"post_tag","embeddable":true,"href":"https:\/\/radiorevelacionfm.cl\/index.php?rest_route=%2Fwp%2Fv2%2Ftags&post=20411"}],"curies":[{"name":"wp","href":"https:\/\/api.w.org\/{rel}","templated":true}]}}