{"id":2040,"date":"2021-01-23T17:32:39","date_gmt":"2021-01-23T20:32:39","guid":{"rendered":"https:\/\/radiorevelacionfm.cl\/?p=2040"},"modified":"2021-01-23T17:32:39","modified_gmt":"2021-01-23T20:32:39","slug":"sernameg-lidera-este-2021-la-primera-reunion-del-circuito-intersectorial-de-femicidio","status":"publish","type":"post","link":"https:\/\/radiorevelacionfm.cl\/?p=2040","title":{"rendered":"SernamEG lidera este 2021 la primera reuni\u00f3n del Circuito Intersectorial de Femicidio"},"content":{"rendered":"<div class=\"flex_column av_one_full  flex_column_div av-zero-column-padding first  avia-builder-el-0  el_before_av_one_full  avia-builder-el-first  \" style='border-radius:0px; '><div  class='avia-image-container  av-styling-    avia-builder-el-1  avia-builder-el-no-sibling  avia-align-center '  itemprop=\"image\" itemscope=\"itemscope\" itemtype=\"https:\/\/schema.org\/ImageObject\"  ><div class='avia-image-container-inner'><div class='avia-image-overlay-wrap'><img decoding=\"async\" class='wp-image-0 avia-img-lazy-loading-not-0 avia_image' src=\"https:\/\/radiorevelacionfm.cl\/wp-content\/uploads\/2021\/01\/reunion-mensual-CIF-1.jpg\" alt='' title=''   itemprop=\"thumbnailUrl\"  \/><\/div><\/div><\/div><\/div><div class=\"flex_column av_one_full  flex_column_div av-zero-column-padding first  avia-builder-el-2  el_after_av_one_full  el_before_av_one_full  column-top-margin\" style='border-radius:0px; '><section class=\"av_textblock_section \"  itemscope=\"itemscope\" itemtype=\"https:\/\/schema.org\/BlogPosting\" itemprop=\"blogPost\" ><div class='avia_textblock  '   itemprop=\"text\" ><p style=\"text-align: center;\"><strong><span style=\"font-size: 18pt;\">SernamEG lidera este 2021 la primera reuni\u00f3n del Circuito Intersectorial de Femicidio<\/span><\/strong><\/p>\n<div id=\"gtx-trans\" style=\"position: absolute; left: -50px; top: 4.31534px;\">\n<div class=\"gtx-trans-icon\"><\/div>\n<\/div>\n<\/div><\/section><\/div><div class=\"flex_column av_one_full  flex_column_div av-zero-column-padding first  avia-builder-el-4  el_after_av_one_full  el_before_av_hr  column-top-margin\" style='border-radius:0px; '><section class=\"av_textblock_section \"  itemscope=\"itemscope\" itemtype=\"https:\/\/schema.org\/BlogPosting\" itemprop=\"blogPost\" ><div class='avia_textblock  '   itemprop=\"text\" ><p style=\"font-weight: 400; text-align: justify;\">Con el objetivo de aunar esfuerzos y criterios para organizar el trabajo a desarrollar durante el presente a\u00f1o, se realiz\u00f3 la primera reuni\u00f3n mensual del Circuito Intersectorial de Femicidio, CIF, liderado por el Servicio Nacional de la Mujer y la Equidad de G\u00e9nero.\u00a0 Este espacio\u00a0de articulaci\u00f3n tambi\u00e9n lo integran la\u00a0Polic\u00eda de Investigaciones de Chile, Unidad de Atenci\u00f3n a V\u00edctimas y Testigos de la Fiscal\u00eda Regional de Ays\u00e9n, Servicio M\u00e9dico Legal, Carabineros de Chile, Servicio Nacional de Menores y el Centro de Atenci\u00f3n a V\u00edctimas del Ministerio del Interior y Seguridad.<\/p>\n<p style=\"font-weight: 400; text-align: justify;\">Junto con destacar la participaci\u00f3n de las instituciones en la primera sesi\u00f3n del 2021, la Directora Regional de SernamEG, Elizabeth Guti\u00e9rrez Eggers, relev\u00f3 la asistencia de la\u00a0Unidad de Atenci\u00f3n a V\u00edctimas y Testigos. \u201cErradicar la violencia contra las mujeres requiere una coordinaci\u00f3n interinstitucional r\u00e1pida, articulada y especializada, lo que siempre es un desaf\u00edo; en el caso de nuestra Regi\u00f3n hemos podido sumar desde el a\u00f1o pasado a la\u00a0Fiscal\u00eda Regional de Ays\u00e9n, si bien no son parte del convenio nacional del CIF, su incorporaci\u00f3n da cuenta del compromiso compartido en apoyar a las mujeres que viven las consecuencias de esta problem\u00e1tica sociocultural. En esa l\u00ednea, una de nuestras metas\u00a0propuestas este a\u00f1o es organizar un seminario de capacitaci\u00f3n para el primer semestre en coordinaci\u00f3n con la URAVIT. Esta es una de las acciones que desarrollaremos para generar aprendizajes que nos permitan mejorar la respuesta y la prevenci\u00f3n de nuevos casos de femicidios\u201d.<\/p>\n<p style=\"font-weight: 400; text-align: justify;\">La IV Encuesta Nacional de Violencia Contra la Mujer en el \u00c1mbito Intrafamiliar y Otros Espacios encuest\u00f3 a mujeres entre 15 y 65 a\u00f1os en todo el pa\u00eds el a\u00f1o 2020, fue realizada por la Subsecretar\u00eda de Prevenci\u00f3n del Delito que depende del Ministerio del Interior y Seguridad P\u00fablica. En comparaci\u00f3n con el \u00faltimo estudio realizado el a\u00f1o 2017, uno de sus principales resultados fue que el 41,4% de las mujeres se\u00f1alaron que han sufrido alguna situaci\u00f3n de violencia en su vida; el 2017 la cifra fue de un 38,2%. Otro de los datos que arroj\u00f3 el estudio es que las mujeres est\u00e1n declarando en una mayor proporci\u00f3n ser v\u00edctimas de violencia psicol\u00f3gica, llegando a un 38,3%, mientras que en 2017 ese n\u00famero era un 35,9%.<\/p>\n<p style=\"font-weight: 400; text-align: justify;\">Respecto a la encuesta, Elizabeth Guti\u00e9rrez Eggers, precis\u00f3 que \u201cestos datos dan cuenta de una realidad que contin\u00faa presente en nuestra sociedad, m\u00e1s de la mitad de la poblaci\u00f3n del pa\u00eds est\u00e1 expuesta a esta problem\u00e1tica; que est\u00e1 basada en un orden social discriminatorio. Por ello es tan importante enfrentarla desde diferentes \u00e1ngulos, teniendo en consideraci\u00f3n las realidades regionales; tanto de los casos de violencia de g\u00e9nero como de las instituciones. Ese es justamente el aporte que entrega el Circuito Intersectorial de Femicidio y de all\u00ed la relevancia de que se siga fortaleciendo con el tiempo\u201d.<\/p>\n<p style=\"font-weight: 400; text-align: justify;\">Finalmente, otra de las funciones del CIF &#8211; en el caso de los femicidios frustrados- es hacer el seguimiento de las intervenciones con las mujeres y v\u00edctimas colaterales apoyadas por las instituciones; as\u00ed como las coordinaciones de seguimiento, protecci\u00f3n, atenci\u00f3n y acceso a la justicia.<\/p>\n<\/div><\/section><\/div><div  style='height:50px' class='hr hr-invisible   avia-builder-el-6  el_after_av_one_full  el_before_av_social_share '><span class='hr-inner ' ><span class='hr-inner-style'><\/span><\/span><\/div><\/p>\n<div  class='av-social-sharing-box  avia-builder-el-7  el_after_av_hr  el_before_av_hr  '><div class='av-share-box'><h5 class='av-share-link-description av-no-toc '>Compartir esta noticia<\/h5><ul class='av-share-box-list noLightbox'><li class='av-share-link av-social-link-facebook' ><a target=\"_blank\" aria-label=\"Compartir en Facebook\" href='https:\/\/www.facebook.com\/sharer.php?u=https:\/\/radiorevelacionfm.cl\/?p=2040&#038;t=SernamEG%20lidera%20este%202021%20la%20primera%20reuni%C3%B3n%20del%20Circuito%20Intersectorial%20de%20Femicidio' aria-hidden='false' data-av_icon='\ue8f3' data-av_iconfont='entypo-fontello' title='' data-avia-related-tooltip='Compartir en Facebook' rel=\"noopener\"><span class='avia_hidden_link_text'>Compartir en Facebook<\/span><\/a><\/li><li class='av-share-link av-social-link-twitter' ><a target=\"_blank\" aria-label=\"Compartir en Twitter\" href='https:\/\/twitter.com\/share?text=SernamEG%20lidera%20este%202021%20la%20primera%20reuni%C3%B3n%20del%20Circuito%20Intersectorial%20de%20Femicidio&#038;url=https:\/\/radiorevelacionfm.cl\/?p=2040' aria-hidden='false' data-av_icon='\ue8f1' data-av_iconfont='entypo-fontello' title='' data-avia-related-tooltip='Compartir en Twitter' rel=\"noopener\"><span class='avia_hidden_link_text'>Compartir en Twitter<\/span><\/a><\/li><li class='av-share-link av-social-link-whatsapp' ><a target=\"_blank\" aria-label=\"Compartir en Whatsapp\" href='https:\/\/api.whatsapp.com\/send?text=https:\/\/radiorevelacionfm.cl\/?p=2040' aria-hidden='false' data-av_icon='\uf232' data-av_iconfont='entypo-fontello' title='' data-avia-related-tooltip='Compartir en Whatsapp' rel=\"noopener\"><span class='avia_hidden_link_text'>Compartir en Whatsapp<\/span><\/a><\/li><li class='av-share-link av-social-link-linkedin' ><a target=\"_blank\" aria-label=\"Compartir en LinkedIn\" href='https:\/\/linkedin.com\/shareArticle?mini=true&#038;title=SernamEG%20lidera%20este%202021%20la%20primera%20reuni%C3%B3n%20del%20Circuito%20Intersectorial%20de%20Femicidio&#038;url=https:\/\/radiorevelacionfm.cl\/?p=2040' aria-hidden='false' data-av_icon='\ue8fc' data-av_iconfont='entypo-fontello' title='' data-avia-related-tooltip='Compartir en LinkedIn' rel=\"noopener\"><span class='avia_hidden_link_text'>Compartir en LinkedIn<\/span><\/a><\/li><li class='av-share-link av-social-link-mail' ><a  aria-label=\"Compartir por correo\" href='mailto:?subject=SernamEG%20lidera%20este%202021%20la%20primera%20reuni%C3%B3n%20del%20Circuito%20Intersectorial%20de%20Femicidio&#038;body=https:\/\/radiorevelacionfm.cl\/?p=2040' aria-hidden='false' data-av_icon='\ue805' data-av_iconfont='entypo-fontello' title='' data-avia-related-tooltip='Compartir por correo'><span class='avia_hidden_link_text'>Compartir por correo<\/span><\/a><\/li><\/ul><\/div><\/div>\n<div  style='height:50px' class='hr hr-invisible   avia-builder-el-8  el_after_av_social_share  el_before_av_comments_list '><span class='hr-inner ' ><span class='hr-inner-style'><\/span><\/span><\/div>\n<div  class='av-buildercomment  av-blog-meta-html-info-disabled av-blog-meta-tag-disabled  '><\/div>\n","protected":false},"excerpt":{"rendered":"","protected":false},"author":1,"featured_media":0,"comment_status":"open","ping_status":"open","sticky":false,"template":"","format":"standard","meta":{"footnotes":""},"categories":[38],"tags":[],"class_list":["post-2040","post","type-post","status-publish","format-standard","hentry","category-regional"],"jetpack_featured_media_url":"","_links":{"self":[{"href":"https:\/\/radiorevelacionfm.cl\/index.php?rest_route=\/wp\/v2\/posts\/2040","targetHints":{"allow":["GET"]}}],"collection":[{"href":"https:\/\/radiorevelacionfm.cl\/index.php?rest_route=\/wp\/v2\/posts"}],"about":[{"href":"https:\/\/radiorevelacionfm.cl\/index.php?rest_route=\/wp\/v2\/types\/post"}],"author":[{"embeddable":true,"href":"https:\/\/radiorevelacionfm.cl\/index.php?rest_route=\/wp\/v2\/users\/1"}],"replies":[{"embeddable":true,"href":"https:\/\/radiorevelacionfm.cl\/index.php?rest_route=%2Fwp%2Fv2%2Fcomments&post=2040"}],"version-history":[{"count":1,"href":"https:\/\/radiorevelacionfm.cl\/index.php?rest_route=\/wp\/v2\/posts\/2040\/revisions"}],"predecessor-version":[{"id":2042,"href":"https:\/\/radiorevelacionfm.cl\/index.php?rest_route=\/wp\/v2\/posts\/2040\/revisions\/2042"}],"wp:attachment":[{"href":"https:\/\/radiorevelacionfm.cl\/index.php?rest_route=%2Fwp%2Fv2%2Fmedia&parent=2040"}],"wp:term":[{"taxonomy":"category","embeddable":true,"href":"https:\/\/radiorevelacionfm.cl\/index.php?rest_route=%2Fwp%2Fv2%2Fcategories&post=2040"},{"taxonomy":"post_tag","embeddable":true,"href":"https:\/\/radiorevelacionfm.cl\/index.php?rest_route=%2Fwp%2Fv2%2Ftags&post=2040"}],"curies":[{"name":"wp","href":"https:\/\/api.w.org\/{rel}","templated":true}]}}