{"id":20386,"date":"2022-08-11T12:15:52","date_gmt":"2022-08-11T15:15:52","guid":{"rendered":"https:\/\/radiorevelacionfm.cl\/?p=20386"},"modified":"2022-08-11T12:15:52","modified_gmt":"2022-08-11T15:15:52","slug":"en-puerto-aysen-premian-a-los-ganadores-de-los-juegos-escolares-2022","status":"publish","type":"post","link":"https:\/\/radiorevelacionfm.cl\/?p=20386","title":{"rendered":"En Puerto Ays\u00e9n premian a los ganadores de los Juegos Escolares 2022"},"content":{"rendered":"<div class=\"flex_column av_one_full  flex_column_div av-zero-column-padding first  avia-builder-el-0  el_before_av_one_full  avia-builder-el-first  \" style='border-radius:0px; '><div  class='avia-image-container  av-styling-    avia-builder-el-1  avia-builder-el-no-sibling  avia-align-center '  itemprop=\"image\" itemscope=\"itemscope\" itemtype=\"https:\/\/schema.org\/ImageObject\"  ><div class='avia-image-container-inner'><div class='avia-image-overlay-wrap'><img decoding=\"async\" class='wp-image-20387 avia-img-lazy-loading-not-20387 avia_image' src=\"https:\/\/radiorevelacionfm.cl\/wp-content\/uploads\/2022\/08\/juegos-escolares-comunales-2022-49-1_optimized.jpg\" alt='' title='juegos-escolares-comunales-2022-49-(1)_optimized' height=\"600\" width=\"900\"  itemprop=\"thumbnailUrl\" srcset=\"https:\/\/radiorevelacionfm.cl\/wp-content\/uploads\/2022\/08\/juegos-escolares-comunales-2022-49-1_optimized.jpg 900w, https:\/\/radiorevelacionfm.cl\/wp-content\/uploads\/2022\/08\/juegos-escolares-comunales-2022-49-1_optimized-300x200.jpg 300w, https:\/\/radiorevelacionfm.cl\/wp-content\/uploads\/2022\/08\/juegos-escolares-comunales-2022-49-1_optimized-768x512.jpg 768w, https:\/\/radiorevelacionfm.cl\/wp-content\/uploads\/2022\/08\/juegos-escolares-comunales-2022-49-1_optimized-705x470.jpg 705w, https:\/\/radiorevelacionfm.cl\/wp-content\/uploads\/2022\/08\/juegos-escolares-comunales-2022-49-1_optimized-600x400.jpg 600w\" sizes=\"(max-width: 900px) 100vw, 900px\" \/><\/div><\/div><\/div><\/div><div class=\"flex_column av_one_full  flex_column_div av-zero-column-padding first  avia-builder-el-2  el_after_av_one_full  el_before_av_one_full  column-top-margin\" style='border-radius:0px; '><section class=\"av_textblock_section \"  itemscope=\"itemscope\" itemtype=\"https:\/\/schema.org\/BlogPosting\" itemprop=\"blogPost\" ><div class='avia_textblock  '   itemprop=\"text\" ><p style=\"text-align: center;\"><span style=\"font-size: 18pt;\"><strong>En Puerto Ays\u00e9n premian a los ganadores de los Juegos Escolares 2022<\/strong><\/span><\/p>\n<div id=\"gtx-trans\" style=\"position: absolute; left: -50px; top: 4.31534px;\">\n<div class=\"gtx-trans-icon\"><\/div>\n<\/div>\n<\/div><\/section><\/div><div class=\"flex_column av_one_full  flex_column_div av-zero-column-padding first  avia-builder-el-4  el_after_av_one_full  el_before_av_hr  column-top-margin\" style='border-radius:0px; '><section class=\"av_textblock_section \"  itemscope=\"itemscope\" itemtype=\"https:\/\/schema.org\/BlogPosting\" itemprop=\"blogPost\" ><div class='avia_textblock  '   itemprop=\"text\" ><p style=\"text-align: justify;\">Exitosamente se llev\u00f3 a cabo una nueva versi\u00f3n de los Juegos Escolares Comunal Ays\u00e9n 2022, que finaliz\u00f3 este mi\u00e9rcoles con la ceremonia de Premiaci\u00f3n llevada a cabo en Puerto Ays\u00e9n, en que se reconoci\u00f3 el esfuerzo y habilidad de los estudiantes que resultaron ganadores en las siete disciplinas en competencia.<\/p>\n<p style=\"text-align: justify;\">Felices se mostraron las y los j\u00f3venes, quienes recibieron de manos de las autoridades locales y regionales sus preseas, que dan cuenta de sus puestos en el podium en los deportes ajedrez, tenis de mesa, b\u00e1squetbol, balonmano, futsal, f\u00fatbol y voleibol.<\/p>\n<p style=\"text-align: justify;\">De esta manera, tras dos semanas de competencia y de retorno tras las vacaciones de invierno, el municipio aysenino, a trav\u00e9s de la Corporaci\u00f3n del Deporte y la Direcci\u00f3n de Educaci\u00f3n Municipal local, desarroll\u00f3 de forma conjunta esta premiaci\u00f3n, en que estuvieron presentes apoderados, directivos de establecimientos, profesores, IND y seremi del Deporte, entre otros actores relevantes.<\/p>\n<p style=\"text-align: justify;\">En la instancia, adem\u00e1s se reconoci\u00f3 a aquellos deportistas que, por valores como responsabilidad, compa\u00f1erismo y liderazgo, entre otras, fueron destacados en sus disciplinas, dando cuenta que m\u00e1s all\u00e1 de la salud f\u00edsica y mental, la pr\u00e1ctica del deporte es capaz de crear y fomentar actitudes para la vida.<\/p>\n<p style=\"text-align: justify;\">\u201cEste es un hito muy importante post pandemia y dar la importancia que tiene el deporte en la comunidad. Ni\u00f1os con estr\u00e9s, hiperactividad, depresi\u00f3n, entre otras. Siento que el deporte es una forma de canalizar positivamente todo aquello y, adem\u00e1s, fomenta no s\u00f3lo que ellos se mantengan f\u00edsicamente activos y sanos. Sino tambi\u00e9n permite formar ni\u00f1os con valores, que es lo que transmite principalmente el deporte. Buscamos formar lideres dentro de los establecimientos educacionales y las personas que potencian y est\u00e1n sumando al deporte\u201d, manifest\u00f3 el director ejecutivo de la Corporaci\u00f3n del Deporte, Carlos C\u00e1rcamo.<\/p>\n<p style=\"text-align: justify;\">Por su parte, el director DEM (S), Sebasti\u00e1n Campos, recalc\u00f3 que actividades de este tipo permiten unir la educaci\u00f3n a nivel comuna, siendo el deporte una herramienta capaz de lograr este importante desaf\u00edo. \u201cFue una hermosa instancia para poder reunir todos los colegios de nuestra comuna, no s\u00f3lo los que administra este DEM, ni los de Puerto Ays\u00e9n \u00fanicamente. Es el primer evento masivo que hacemos como comunidad escolar deportiva luego de la pandemia. Eso nos permite salir del aula, juntarnos en un espacio distinto y poder as\u00ed relevar otros elementos, m\u00e1s all\u00e1 de lo acad\u00e9mico. Agradecer a todos quienes apoyaron este proceso, a nuestro alcalde que nos apoya en cada actividad que realizamos\u201d.<\/p>\n<p style=\"text-align: justify;\">Es as\u00ed que m\u00e1s de 180 ni\u00f1os de toda la comuna fueron protagonistas de estos Juegos Escolares, que tuvo como escenarios escuelas, estadios y el recinto Polideportivo 21 de Abril, en este trabajo conjunto, haciendo eco del llamado del ministerio de Deportes en la regi\u00f3n, por intermedio del Instituto Nacional del Deporte, IND.<\/p>\n<p style=\"text-align: justify;\">\u201cEstamos muy contentos por la invitaci\u00f3n y de c\u00f3mo se gestion\u00f3 todo este proceso, tanto la inauguraci\u00f3n como el cierre, y todo lo que ello signific\u00f3. Mis felicitaciones a la municipalidad de Ays\u00e9n que fue una de las primeras municipalidades que acogi\u00f3 el llamado del IND, para poder desarrollar esta etapa comunal.\u00a0 Invitarlos desde ya, estaremos esperando a Ays\u00e9n en la etapa regional que se efectuar\u00e1 en Coyhaique, Cisnes y tambi\u00e9n en Puerto Ays\u00e9n\u201d, se\u00f1al\u00f3 la seremi de Deportes, Mar\u00eda Eugenia Dur\u00e1n.<\/p>\n<p style=\"text-align: justify;\">Entre quienes resultaron victoriosos en esta edici\u00f3n 2022, destaca el colegio Santa Teresa, que logr\u00f3 cuatro primeros lugares en las disciplinas balonmano damas, voleibol damas, futsal damas y b\u00e1squetbol varones. Al respecto, su director, Sebasti\u00e1n Steinmeyer, expres\u00f3 su alegr\u00eda y orgullo por el resultado obtenido por sus estudiantes, \u201clo que nos gratifica y entusiasma porque vemos su energ\u00eda y esta sensaci\u00f3n sana de competencia que les hace tan bien a ellos como alumnos. Uno de nuestros sellos es la formaci\u00f3n integral, por lo que entendemos el deporte como una oportunidad para que los estudiantes desarrollen distintas habilidades y puedan, en ese sentido, sentirse muy exitosos en aquello en lo cual se esfuerza\u201d.<\/p>\n<p style=\"text-align: justify;\">Sobre la etapa regional a realizarse en los pr\u00f3ximos d\u00edas, agreg\u00f3 que \u201cnos sentimos muy interesadamente desafiados y optimistas de enfrentarnos a esta fase. Los ni\u00f1os han manifestado tener las competencias para poder presentarse en esta instancia as\u00ed que optimistas de poder tener buenos resultados, pero m\u00e1s all\u00e1 de eso lo importante es poder haber participado en estos juegos deportivos\u201d, finaliz\u00f3 .<\/p>\n<\/div><\/section><\/div><div  style='height:50px' class='hr hr-invisible   avia-builder-el-6  el_after_av_one_full  el_before_av_social_share '><span class='hr-inner ' ><span class='hr-inner-style'><\/span><\/span><\/div><\/p>\n<div  class='av-social-sharing-box  avia-builder-el-7  el_after_av_hr  el_before_av_hr  '><div class='av-share-box'><h5 class='av-share-link-description av-no-toc '>Compartir esta noticia<\/h5><ul class='av-share-box-list noLightbox'><li class='av-share-link av-social-link-facebook' ><a target=\"_blank\" aria-label=\"Compartir en Facebook\" href='https:\/\/www.facebook.com\/sharer.php?u=https:\/\/radiorevelacionfm.cl\/?p=20386&#038;t=En%20Puerto%20Ays%C3%A9n%20premian%20a%20los%20ganadores%20de%20los%20Juegos%20Escolares%202022' aria-hidden='false' data-av_icon='\ue8f3' data-av_iconfont='entypo-fontello' title='' data-avia-related-tooltip='Compartir en Facebook' rel=\"noopener\"><span class='avia_hidden_link_text'>Compartir en Facebook<\/span><\/a><\/li><li class='av-share-link av-social-link-twitter' ><a target=\"_blank\" aria-label=\"Compartir en Twitter\" href='https:\/\/twitter.com\/share?text=En%20Puerto%20Ays%C3%A9n%20premian%20a%20los%20ganadores%20de%20los%20Juegos%20Escolares%202022&#038;url=https:\/\/radiorevelacionfm.cl\/?p=20386' aria-hidden='false' data-av_icon='\ue8f1' data-av_iconfont='entypo-fontello' title='' data-avia-related-tooltip='Compartir en Twitter' rel=\"noopener\"><span class='avia_hidden_link_text'>Compartir en Twitter<\/span><\/a><\/li><li class='av-share-link av-social-link-whatsapp' ><a target=\"_blank\" aria-label=\"Compartir en Whatsapp\" href='https:\/\/api.whatsapp.com\/send?text=https:\/\/radiorevelacionfm.cl\/?p=20386' aria-hidden='false' data-av_icon='\uf232' data-av_iconfont='entypo-fontello' title='' data-avia-related-tooltip='Compartir en Whatsapp' rel=\"noopener\"><span class='avia_hidden_link_text'>Compartir en Whatsapp<\/span><\/a><\/li><li class='av-share-link av-social-link-linkedin' ><a target=\"_blank\" aria-label=\"Compartir en LinkedIn\" href='https:\/\/linkedin.com\/shareArticle?mini=true&#038;title=En%20Puerto%20Ays%C3%A9n%20premian%20a%20los%20ganadores%20de%20los%20Juegos%20Escolares%202022&#038;url=https:\/\/radiorevelacionfm.cl\/?p=20386' aria-hidden='false' data-av_icon='\ue8fc' data-av_iconfont='entypo-fontello' title='' data-avia-related-tooltip='Compartir en LinkedIn' rel=\"noopener\"><span class='avia_hidden_link_text'>Compartir en LinkedIn<\/span><\/a><\/li><li class='av-share-link av-social-link-mail' ><a  aria-label=\"Compartir por correo\" href='mailto:?subject=En%20Puerto%20Ays%C3%A9n%20premian%20a%20los%20ganadores%20de%20los%20Juegos%20Escolares%202022&#038;body=https:\/\/radiorevelacionfm.cl\/?p=20386' aria-hidden='false' data-av_icon='\ue805' data-av_iconfont='entypo-fontello' title='' data-avia-related-tooltip='Compartir por correo'><span class='avia_hidden_link_text'>Compartir por correo<\/span><\/a><\/li><\/ul><\/div><\/div>\n<div  style='height:50px' class='hr hr-invisible   avia-builder-el-8  el_after_av_social_share  el_before_av_comments_list '><span class='hr-inner ' ><span class='hr-inner-style'><\/span><\/span><\/div>\n<div  class='av-buildercomment  av-blog-meta-html-info-disabled av-blog-meta-tag-disabled  '><\/div>\n","protected":false},"excerpt":{"rendered":"","protected":false},"author":1,"featured_media":20387,"comment_status":"open","ping_status":"open","sticky":false,"template":"","format":"standard","meta":{"footnotes":""},"categories":[40],"tags":[],"class_list":["post-20386","post","type-post","status-publish","format-standard","has-post-thumbnail","hentry","category-deportes"],"jetpack_featured_media_url":"https:\/\/radiorevelacionfm.cl\/wp-content\/uploads\/2022\/08\/juegos-escolares-comunales-2022-49-1_optimized.jpg","_links":{"self":[{"href":"https:\/\/radiorevelacionfm.cl\/index.php?rest_route=\/wp\/v2\/posts\/20386","targetHints":{"allow":["GET"]}}],"collection":[{"href":"https:\/\/radiorevelacionfm.cl\/index.php?rest_route=\/wp\/v2\/posts"}],"about":[{"href":"https:\/\/radiorevelacionfm.cl\/index.php?rest_route=\/wp\/v2\/types\/post"}],"author":[{"embeddable":true,"href":"https:\/\/radiorevelacionfm.cl\/index.php?rest_route=\/wp\/v2\/users\/1"}],"replies":[{"embeddable":true,"href":"https:\/\/radiorevelacionfm.cl\/index.php?rest_route=%2Fwp%2Fv2%2Fcomments&post=20386"}],"version-history":[{"count":2,"href":"https:\/\/radiorevelacionfm.cl\/index.php?rest_route=\/wp\/v2\/posts\/20386\/revisions"}],"predecessor-version":[{"id":20389,"href":"https:\/\/radiorevelacionfm.cl\/index.php?rest_route=\/wp\/v2\/posts\/20386\/revisions\/20389"}],"wp:featuredmedia":[{"embeddable":true,"href":"https:\/\/radiorevelacionfm.cl\/index.php?rest_route=\/wp\/v2\/media\/20387"}],"wp:attachment":[{"href":"https:\/\/radiorevelacionfm.cl\/index.php?rest_route=%2Fwp%2Fv2%2Fmedia&parent=20386"}],"wp:term":[{"taxonomy":"category","embeddable":true,"href":"https:\/\/radiorevelacionfm.cl\/index.php?rest_route=%2Fwp%2Fv2%2Fcategories&post=20386"},{"taxonomy":"post_tag","embeddable":true,"href":"https:\/\/radiorevelacionfm.cl\/index.php?rest_route=%2Fwp%2Fv2%2Ftags&post=20386"}],"curies":[{"name":"wp","href":"https:\/\/api.w.org\/{rel}","templated":true}]}}