{"id":20379,"date":"2022-08-11T10:30:51","date_gmt":"2022-08-11T13:30:51","guid":{"rendered":"https:\/\/radiorevelacionfm.cl\/?p=20379"},"modified":"2022-08-11T10:30:51","modified_gmt":"2022-08-11T13:30:51","slug":"ejecutivo-prioriza-agenda-de-trabajo-para-desarrollo-productivo-y-social-del-litoral-de-aysen","status":"publish","type":"post","link":"https:\/\/radiorevelacionfm.cl\/?p=20379","title":{"rendered":"Ejecutivo prioriza agenda de trabajo para desarrollo productivo y social del litoral de Ays\u00e9n"},"content":{"rendered":"<div class=\"flex_column av_one_full  flex_column_div av-zero-column-padding first  avia-builder-el-0  el_before_av_one_full  avia-builder-el-first  \" style='border-radius:0px; '><div  class='avia-image-container  av-styling-    avia-builder-el-1  avia-builder-el-no-sibling  avia-align-center '  itemprop=\"image\" itemscope=\"itemscope\" itemtype=\"https:\/\/schema.org\/ImageObject\"  ><div class='avia-image-container-inner'><div class='avia-image-overlay-wrap'><img decoding=\"async\" class='wp-image-20380 avia-img-lazy-loading-not-20380 avia_image' src=\"https:\/\/radiorevelacionfm.cl\/wp-content\/uploads\/2022\/08\/IMG_9818-1-1.jpg\" alt='' title='IMG_9818 (1) (1)' height=\"600\" width=\"950\"  itemprop=\"thumbnailUrl\" srcset=\"https:\/\/radiorevelacionfm.cl\/wp-content\/uploads\/2022\/08\/IMG_9818-1-1.jpg 950w, https:\/\/radiorevelacionfm.cl\/wp-content\/uploads\/2022\/08\/IMG_9818-1-1-300x189.jpg 300w, https:\/\/radiorevelacionfm.cl\/wp-content\/uploads\/2022\/08\/IMG_9818-1-1-768x485.jpg 768w, https:\/\/radiorevelacionfm.cl\/wp-content\/uploads\/2022\/08\/IMG_9818-1-1-705x445.jpg 705w, https:\/\/radiorevelacionfm.cl\/wp-content\/uploads\/2022\/08\/IMG_9818-1-1-600x379.jpg 600w\" sizes=\"(max-width: 950px) 100vw, 950px\" \/><\/div><\/div><\/div><\/div><div class=\"flex_column av_one_full  flex_column_div av-zero-column-padding first  avia-builder-el-2  el_after_av_one_full  el_before_av_one_full  column-top-margin\" style='border-radius:0px; '><section class=\"av_textblock_section \"  itemscope=\"itemscope\" itemtype=\"https:\/\/schema.org\/BlogPosting\" itemprop=\"blogPost\" ><div class='avia_textblock  '   itemprop=\"text\" ><p style=\"text-align: center;\"><span style=\"font-size: 18pt;\"><b><span lang=\"ES\">Ejecutivo prioriza agenda de trabajo para desarrollo productivo y social del litoral de Ays\u00e9n<\/span><\/b><\/span><\/p>\n<div id=\"gtx-trans\" style=\"position: absolute; left: -50px; top: 4.31534px;\">\n<div class=\"gtx-trans-icon\"><\/div>\n<\/div>\n<\/div><\/section><\/div><div class=\"flex_column av_one_full  flex_column_div av-zero-column-padding first  avia-builder-el-4  el_after_av_one_full  el_before_av_hr  column-top-margin\" style='border-radius:0px; '><section class=\"av_textblock_section \"  itemscope=\"itemscope\" itemtype=\"https:\/\/schema.org\/BlogPosting\" itemprop=\"blogPost\" ><div class='avia_textblock  '   itemprop=\"text\" ><p style=\"font-weight: 400; text-align: justify;\">Con una agenda de trabajo materializada este lunes y martes en los ministerios del Interior, Energ\u00eda, Transportes y Telecomunicaciones y Defensa, se abord\u00f3 la necesaria priorizaci\u00f3n del desarrollo productivo y social del sector litoral de Ays\u00e9n.<\/p>\n<p style=\"font-weight: 400; text-align: justify;\">El Delegado Presidencial Regional, Rodrigo Araya, indic\u00f3 que esta reuniones complementaron el di\u00e1logo directo del subsecretario de Pesca con dirigentes de la pesca artesanal, en el marco de la reuni\u00f3n encabezada por la Ministra del Interior Izkia Siches, parlamentarios y el alcalde de Las Guaitecas, Marcos Silva, junto a dirigentes de la pesca artesanal.<\/p>\n<p style=\"font-weight: 400; text-align: justify;\">Con el Ministro de Energ\u00eda, Claudio Huepe, se trabaj\u00f3 en torno a la matriz energ\u00e9tica del litoral; con el subsecretario de Transporte, Crist\u00f3bal Pineda, en materia de diversificaci\u00f3n de puertos y con el subsecretario de Fuerzas Armadas, Galo Eidelstein, se abord\u00f3 la fiscalizaci\u00f3n por parte de la Armada.<\/p>\n<p style=\"font-weight: 400; text-align: justify;\">\u201cCon el Subsecretario de Fuerzas Armadas trabajamos en la relaci\u00f3n que hay con la fiscalizaci\u00f3n y el rol de la Armada en nuestra regi\u00f3n y con el Ministerio de Energ\u00eda en c\u00f3mo avanzar en una soluci\u00f3n de matriz energ\u00e9tica en el litoral. Fueron reuniones muy importantes, transmitimos la preocupaci\u00f3n de nuestra regi\u00f3n, la importancia de la visi\u00f3n desde la comunidad, para tomar decisiones considerando las opiniones desde los territorios\u201d, indic\u00f3 Rodrigo Araya.<\/p>\n<p style=\"font-weight: 400; text-align: justify;\">El alcalde Marcos Silva relev\u00f3 la necesidad de un trabajo articulado para reducir brechas. \u201cSe est\u00e1 avanzando en tener pronto este subsidio, esperar que dentro de la semana que viene se pueda finiquitar, est\u00e1n los procesos administrativos, va a Contralor\u00eda, as\u00ed es que tener un poco m\u00e1s de paciencia de la que hemos tenido. La reuni\u00f3n con el Ministerio de Defensa no es menor, porque empapar a la autoridad de porqu\u00e9 pedimos recursos para fiscalizar, tiene importancia porque los recursos que tenemos en la regi\u00f3n, necesitan de esta supervigilancia que permita tambi\u00e9n hacer la extracci\u00f3n de forma ordenada\u201d, se\u00f1al\u00f3.<\/p>\n<p style=\"font-weight: 400; text-align: justify;\">El Ministro Claudio Huepe detall\u00f3 que la reuni\u00f3n \u201cfue bastante productiva, porque quedamos de acuerdo en c\u00f3mo vamos a enfrentar algunas cosas de muy corto plazo y a m\u00e1s largo plazo. Para nosotros es muy importante encontrar soluciones definitivas, que provean la misma calidad, el mismo servicio que pueden encontrar en cualquier otro lugar\u201d.<\/p>\n<p style=\"font-weight: 400; text-align: justify;\"><strong>Agenda complementaria<\/strong><\/p>\n<p style=\"font-weight: 400; text-align: justify;\">El Delegado Presidencial Provincial, Jorge Salfate, indic\u00f3 que producto de esta coordinaci\u00f3n \u201cse pudieron plantear todas las tem\u00e1ticas, se hizo un cronograma de trabajo, puntos de acuerdo, que van a marcar todos los lineamientos de aqu\u00ed en adelante. Sumado a eso tambi\u00e9n hemos estado con el subsecretario de Transporte, al que planteamos el tema de la conectividad, para que haya una buena planificaci\u00f3n en el futuro y podamos ir creciendo respecto a las mejoras y tambi\u00e9n en la planificaci\u00f3n y los acuerdos con la comunidad de todo el litoral para seguir trabajando hacia adelante\u201d.<\/p>\n<p style=\"font-weight: 400; text-align: justify;\">Entre otros compromisos adquiridos, est\u00e1n analizar, dise\u00f1ar y proponer una iniciativa para el fortalecimiento de la capacidad de proceso en plantas, a trav\u00e9s del Ministerio de Econom\u00eda, Fomento y Turismo; reactivar el funcionamiento de los Comit\u00e9s de Manejo en la Regi\u00f3n de Ays\u00e9n, y fortalecer, en conjunto con Sernapesca, la capacidad y condiciones de fiscalizaci\u00f3n del servicio en la regi\u00f3n.<\/p>\n<\/div><\/section><\/div><div  style='height:50px' class='hr hr-invisible   avia-builder-el-6  el_after_av_one_full  el_before_av_social_share '><span class='hr-inner ' ><span class='hr-inner-style'><\/span><\/span><\/div><\/p>\n<div  class='av-social-sharing-box  avia-builder-el-7  el_after_av_hr  el_before_av_hr  '><div class='av-share-box'><h5 class='av-share-link-description av-no-toc '>Compartir esta noticia<\/h5><ul class='av-share-box-list noLightbox'><li class='av-share-link av-social-link-facebook' ><a target=\"_blank\" aria-label=\"Compartir en Facebook\" href='https:\/\/www.facebook.com\/sharer.php?u=https:\/\/radiorevelacionfm.cl\/?p=20379&#038;t=Ejecutivo%20prioriza%20agenda%20de%20trabajo%20para%20desarrollo%20productivo%20y%20social%20del%20litoral%20de%20Ays%C3%A9n' aria-hidden='false' data-av_icon='\ue8f3' data-av_iconfont='entypo-fontello' title='' data-avia-related-tooltip='Compartir en Facebook' rel=\"noopener\"><span class='avia_hidden_link_text'>Compartir en Facebook<\/span><\/a><\/li><li class='av-share-link av-social-link-twitter' ><a target=\"_blank\" aria-label=\"Compartir en Twitter\" href='https:\/\/twitter.com\/share?text=Ejecutivo%20prioriza%20agenda%20de%20trabajo%20para%20desarrollo%20productivo%20y%20social%20del%20litoral%20de%20Ays%C3%A9n&#038;url=https:\/\/radiorevelacionfm.cl\/?p=20379' aria-hidden='false' data-av_icon='\ue8f1' data-av_iconfont='entypo-fontello' title='' data-avia-related-tooltip='Compartir en Twitter' rel=\"noopener\"><span class='avia_hidden_link_text'>Compartir en Twitter<\/span><\/a><\/li><li class='av-share-link av-social-link-whatsapp' ><a target=\"_blank\" aria-label=\"Compartir en Whatsapp\" href='https:\/\/api.whatsapp.com\/send?text=https:\/\/radiorevelacionfm.cl\/?p=20379' aria-hidden='false' data-av_icon='\uf232' data-av_iconfont='entypo-fontello' title='' data-avia-related-tooltip='Compartir en Whatsapp' rel=\"noopener\"><span class='avia_hidden_link_text'>Compartir en Whatsapp<\/span><\/a><\/li><li class='av-share-link av-social-link-linkedin' ><a target=\"_blank\" aria-label=\"Compartir en LinkedIn\" href='https:\/\/linkedin.com\/shareArticle?mini=true&#038;title=Ejecutivo%20prioriza%20agenda%20de%20trabajo%20para%20desarrollo%20productivo%20y%20social%20del%20litoral%20de%20Ays%C3%A9n&#038;url=https:\/\/radiorevelacionfm.cl\/?p=20379' aria-hidden='false' data-av_icon='\ue8fc' data-av_iconfont='entypo-fontello' title='' data-avia-related-tooltip='Compartir en LinkedIn' rel=\"noopener\"><span class='avia_hidden_link_text'>Compartir en LinkedIn<\/span><\/a><\/li><li class='av-share-link av-social-link-mail' ><a  aria-label=\"Compartir por correo\" href='mailto:?subject=Ejecutivo%20prioriza%20agenda%20de%20trabajo%20para%20desarrollo%20productivo%20y%20social%20del%20litoral%20de%20Ays%C3%A9n&#038;body=https:\/\/radiorevelacionfm.cl\/?p=20379' aria-hidden='false' data-av_icon='\ue805' data-av_iconfont='entypo-fontello' title='' data-avia-related-tooltip='Compartir por correo'><span class='avia_hidden_link_text'>Compartir por correo<\/span><\/a><\/li><\/ul><\/div><\/div>\n<div  style='height:50px' class='hr hr-invisible   avia-builder-el-8  el_after_av_social_share  el_before_av_comments_list '><span class='hr-inner ' ><span class='hr-inner-style'><\/span><\/span><\/div>\n<div  class='av-buildercomment  av-blog-meta-html-info-disabled av-blog-meta-tag-disabled  '><\/div>\n","protected":false},"excerpt":{"rendered":"","protected":false},"author":1,"featured_media":20380,"comment_status":"open","ping_status":"open","sticky":false,"template":"","format":"standard","meta":{"footnotes":""},"categories":[38],"tags":[],"class_list":["post-20379","post","type-post","status-publish","format-standard","has-post-thumbnail","hentry","category-regional"],"jetpack_featured_media_url":"https:\/\/radiorevelacionfm.cl\/wp-content\/uploads\/2022\/08\/IMG_9818-1-1.jpg","_links":{"self":[{"href":"https:\/\/radiorevelacionfm.cl\/index.php?rest_route=\/wp\/v2\/posts\/20379","targetHints":{"allow":["GET"]}}],"collection":[{"href":"https:\/\/radiorevelacionfm.cl\/index.php?rest_route=\/wp\/v2\/posts"}],"about":[{"href":"https:\/\/radiorevelacionfm.cl\/index.php?rest_route=\/wp\/v2\/types\/post"}],"author":[{"embeddable":true,"href":"https:\/\/radiorevelacionfm.cl\/index.php?rest_route=\/wp\/v2\/users\/1"}],"replies":[{"embeddable":true,"href":"https:\/\/radiorevelacionfm.cl\/index.php?rest_route=%2Fwp%2Fv2%2Fcomments&post=20379"}],"version-history":[{"count":2,"href":"https:\/\/radiorevelacionfm.cl\/index.php?rest_route=\/wp\/v2\/posts\/20379\/revisions"}],"predecessor-version":[{"id":20383,"href":"https:\/\/radiorevelacionfm.cl\/index.php?rest_route=\/wp\/v2\/posts\/20379\/revisions\/20383"}],"wp:featuredmedia":[{"embeddable":true,"href":"https:\/\/radiorevelacionfm.cl\/index.php?rest_route=\/wp\/v2\/media\/20380"}],"wp:attachment":[{"href":"https:\/\/radiorevelacionfm.cl\/index.php?rest_route=%2Fwp%2Fv2%2Fmedia&parent=20379"}],"wp:term":[{"taxonomy":"category","embeddable":true,"href":"https:\/\/radiorevelacionfm.cl\/index.php?rest_route=%2Fwp%2Fv2%2Fcategories&post=20379"},{"taxonomy":"post_tag","embeddable":true,"href":"https:\/\/radiorevelacionfm.cl\/index.php?rest_route=%2Fwp%2Fv2%2Ftags&post=20379"}],"curies":[{"name":"wp","href":"https:\/\/api.w.org\/{rel}","templated":true}]}}