{"id":20370,"date":"2022-08-11T15:38:01","date_gmt":"2022-08-11T18:38:01","guid":{"rendered":"https:\/\/radiorevelacionfm.cl\/?p=20370"},"modified":"2022-08-11T15:38:01","modified_gmt":"2022-08-11T18:38:01","slug":"sandoval-y-subdivisiones-de-terreno-hay-necesidad-de-construir-un-marco-legislativo-nuevo-que-se-haga-cargo-de-esta-realidad","status":"publish","type":"post","link":"https:\/\/radiorevelacionfm.cl\/?p=20370","title":{"rendered":"Sandoval y subdivisiones de terreno: \u201cHay necesidad de construir un marco legislativo nuevo que se haga cargo de esta realidad\u201d"},"content":{"rendered":"<div class=\"flex_column av_one_full  flex_column_div av-zero-column-padding first  avia-builder-el-0  el_before_av_one_full  avia-builder-el-first  \" style='border-radius:0px; '><div  class='avia-image-container  av-styling-    avia-builder-el-1  avia-builder-el-no-sibling  avia-align-center '  itemprop=\"image\" itemscope=\"itemscope\" itemtype=\"https:\/\/schema.org\/ImageObject\"  ><div class='avia-image-container-inner'><div class='avia-image-overlay-wrap'><img decoding=\"async\" class='wp-image-20371 avia-img-lazy-loading-not-20371 avia_image' src=\"https:\/\/radiorevelacionfm.cl\/wp-content\/uploads\/2022\/08\/comision-de-vivienda-1_optimized.jpg\" alt='' title='comisi\u00f3n-de-vivienda-(1)_optimized' height=\"600\" width=\"900\"  itemprop=\"thumbnailUrl\" srcset=\"https:\/\/radiorevelacionfm.cl\/wp-content\/uploads\/2022\/08\/comision-de-vivienda-1_optimized.jpg 900w, https:\/\/radiorevelacionfm.cl\/wp-content\/uploads\/2022\/08\/comision-de-vivienda-1_optimized-300x200.jpg 300w, https:\/\/radiorevelacionfm.cl\/wp-content\/uploads\/2022\/08\/comision-de-vivienda-1_optimized-768x512.jpg 768w, https:\/\/radiorevelacionfm.cl\/wp-content\/uploads\/2022\/08\/comision-de-vivienda-1_optimized-705x470.jpg 705w, https:\/\/radiorevelacionfm.cl\/wp-content\/uploads\/2022\/08\/comision-de-vivienda-1_optimized-600x400.jpg 600w\" sizes=\"(max-width: 900px) 100vw, 900px\" \/><\/div><\/div><\/div><\/div><div class=\"flex_column av_one_full  flex_column_div av-zero-column-padding first  avia-builder-el-2  el_after_av_one_full  el_before_av_one_full  column-top-margin\" style='border-radius:0px; '><section class=\"av_textblock_section \"  itemscope=\"itemscope\" itemtype=\"https:\/\/schema.org\/BlogPosting\" itemprop=\"blogPost\" ><div class='avia_textblock  '   itemprop=\"text\" ><p style=\"text-align: center;\"><strong><span style=\"font-size: 18pt;\">Sandoval y subdivisiones de terreno: \u201cHay necesidad de construir un marco legislativo nuevo que se haga cargo de esta realidad\u201d<\/span><\/strong><\/p>\n<div id=\"gtx-trans\" style=\"position: absolute; left: -50px; top: 4.31534px;\">\n<div class=\"gtx-trans-icon\"><\/div>\n<\/div>\n<\/div><\/section><\/div><div class=\"flex_column av_one_full  flex_column_div av-zero-column-padding first  avia-builder-el-4  el_after_av_one_full  el_before_av_hr  column-top-margin\" style='border-radius:0px; '><section class=\"av_textblock_section \"  itemscope=\"itemscope\" itemtype=\"https:\/\/schema.org\/BlogPosting\" itemprop=\"blogPost\" ><div class='avia_textblock  '   itemprop=\"text\" ><p style=\"text-align: justify;\">\u201cHay un com\u00fan denominador en esto: la necesidad de construir un marco legislativo nuevo que se haga cargo de esta realidad\u201d. As\u00ed lo se\u00f1al\u00f3 el senador David Sandoval, al referirse al trabajo que se est\u00e1 realizando para buscar, desde el \u00e1mbito legislativo, una propuesta que apunte al problema de fondo de las subdivisiones de terrenos.<\/p>\n<p style=\"text-align: justify;\">En ese contexto fue que sesion\u00f3 la comisi\u00f3n de Vivienda de la C\u00e1mara Alta, la cual escuch\u00f3 la postura del ministro de Agricultura, Esteban Valenzuela, sobre esta materia, existiendo consenso en que este es un tema en el que se debe avanzar, considerando que tiene muchas aristas. \u201cHabl\u00e9 con el ministro de Vivienda, quien me se\u00f1alaba que se est\u00e1 trabajando en una propuesta. Hemos seguido las intervenciones del ministro de Agricultura y hay un com\u00fan denominador en esto: la necesidad de construir un marco legislativo nuevo que se haga cargo de esta realidad\u201d, se\u00f1al\u00f3 Sandoval.<\/p>\n<p style=\"text-align: justify;\">Por lo mismo, el parlamentario destac\u00f3 el trabajo que se est\u00e1 haciendo sobre el particular. \u201cPresentamos tres mociones, lo cual requerir\u00e1 de la coordinaci\u00f3n de muchos servicios, pues no queremos hacer una norma que maquille el fondo del problema. Estas tres mociones fueron refundidas, en cuyo proceso vamos a construir un texto \u00fanico. En ese camino esperamos coordinarnos con los ministerios respectivos\u201d, enfatiz\u00f3.<\/p>\n<p style=\"text-align: justify;\">Adem\u00e1s dijo que existe el convencimiento de que hay que construir una estructura legislativa nueva, que se haga cargo en conjunto de la realidad. \u201cSi estamos aqu\u00ed sentados hoy, es por el inter\u00e9s que nace de estas mociones de llevar adelante una b\u00fasqueda de un camino de soluci\u00f3n\u201d, se\u00f1al\u00f3.<\/p>\n<p style=\"text-align: justify;\">\u201cCreemos que hay que compatibilizar esta realidad. No hay ciudad en nuestro pa\u00eds, que no haya crecido a costa de los suelos de la periferia, probablemente con todas las dificultades que ello significa. Pero frente a esta realidad, nace esta idea de buscar un camino de encuentro, porque la idea de congelar (las parcelaciones, como se plante\u00f3 en su minuto) no era el camino\u201d, agreg\u00f3.<\/p>\n<p style=\"text-align: justify;\">Asimismo, el senador Sandoval insisti\u00f3 en que \u201clo que estamos viviendo es el fracaso de las pol\u00edticas (p\u00fablicas) del agro para desarrollar una agricultura sustentable y por otro lado, la debilidad de no tener las ciudades en niveles de desarrollo e integraci\u00f3n que todos quisi\u00e9ramos tener\u201d.<\/p>\n<p style=\"text-align: justify;\">Tras la comisi\u00f3n, el ministro de Agricultura, Esteban Valenzuela, se\u00f1al\u00f3 que existe claridad, respecto a que no se puede prohibir, pero tampoco se puede olvidar que hay planes de car\u00e1cter regional y comunal. \u201cEntonces, hay que buscar un acuerdo, una ley de subdivisi\u00f3n potencial de predios r\u00fasticos, pero con los m\u00ednimos que tiene que cumplir, y en eso coincidimos\u201d, indic\u00f3.<\/p>\n<p style=\"text-align: justify;\">En esa l\u00ednea, plante\u00f3 que hay que buscar un acuerdo, para lo cual \u201cestamos trabajando con el ministro Montes (de Vivienda), de Medioambiente, de Transportes, de Obras P\u00fablicas, Bienes Nacionales, en proponerle al Congreso algo que est\u00e1 en di\u00e1logo adem\u00e1s, con los aspectos comunes que tienen los proyectos presentados por los senadores\u201d.<\/p>\n<\/div><\/section><\/div><div  style='height:50px' class='hr hr-invisible   avia-builder-el-6  el_after_av_one_full  el_before_av_social_share '><span class='hr-inner ' ><span class='hr-inner-style'><\/span><\/span><\/div><\/p>\n<div  class='av-social-sharing-box  avia-builder-el-7  el_after_av_hr  el_before_av_hr  '><div class='av-share-box'><h5 class='av-share-link-description av-no-toc '>Compartir esta noticia<\/h5><ul class='av-share-box-list noLightbox'><li class='av-share-link av-social-link-facebook' ><a target=\"_blank\" aria-label=\"Compartir en Facebook\" href='https:\/\/www.facebook.com\/sharer.php?u=https:\/\/radiorevelacionfm.cl\/?p=20370&#038;t=Sandoval%20y%20subdivisiones%20de%20terreno%3A%20%E2%80%9CHay%20necesidad%20de%20construir%20un%20marco%20legislativo%20nuevo%20que%20se%20haga%20cargo%20de%20esta%20realidad%E2%80%9D' aria-hidden='false' data-av_icon='\ue8f3' data-av_iconfont='entypo-fontello' title='' data-avia-related-tooltip='Compartir en Facebook' rel=\"noopener\"><span class='avia_hidden_link_text'>Compartir en Facebook<\/span><\/a><\/li><li class='av-share-link av-social-link-twitter' ><a target=\"_blank\" aria-label=\"Compartir en Twitter\" href='https:\/\/twitter.com\/share?text=Sandoval%20y%20subdivisiones%20de%20terreno%3A%20%E2%80%9CHay%20necesidad%20de%20construir%20un%20marco%20legislativo%20nuevo%20que%20se%20haga%20cargo%20de%20esta%20realidad%E2%80%9D&#038;url=https:\/\/radiorevelacionfm.cl\/?p=20370' aria-hidden='false' data-av_icon='\ue8f1' data-av_iconfont='entypo-fontello' title='' data-avia-related-tooltip='Compartir en Twitter' rel=\"noopener\"><span class='avia_hidden_link_text'>Compartir en Twitter<\/span><\/a><\/li><li class='av-share-link av-social-link-whatsapp' ><a target=\"_blank\" aria-label=\"Compartir en Whatsapp\" href='https:\/\/api.whatsapp.com\/send?text=https:\/\/radiorevelacionfm.cl\/?p=20370' aria-hidden='false' data-av_icon='\uf232' data-av_iconfont='entypo-fontello' title='' data-avia-related-tooltip='Compartir en Whatsapp' rel=\"noopener\"><span class='avia_hidden_link_text'>Compartir en Whatsapp<\/span><\/a><\/li><li class='av-share-link av-social-link-linkedin' ><a target=\"_blank\" aria-label=\"Compartir en LinkedIn\" href='https:\/\/linkedin.com\/shareArticle?mini=true&#038;title=Sandoval%20y%20subdivisiones%20de%20terreno%3A%20%E2%80%9CHay%20necesidad%20de%20construir%20un%20marco%20legislativo%20nuevo%20que%20se%20haga%20cargo%20de%20esta%20realidad%E2%80%9D&#038;url=https:\/\/radiorevelacionfm.cl\/?p=20370' aria-hidden='false' data-av_icon='\ue8fc' data-av_iconfont='entypo-fontello' title='' data-avia-related-tooltip='Compartir en LinkedIn' rel=\"noopener\"><span class='avia_hidden_link_text'>Compartir en LinkedIn<\/span><\/a><\/li><li class='av-share-link av-social-link-mail' ><a  aria-label=\"Compartir por correo\" href='mailto:?subject=Sandoval%20y%20subdivisiones%20de%20terreno%3A%20%E2%80%9CHay%20necesidad%20de%20construir%20un%20marco%20legislativo%20nuevo%20que%20se%20haga%20cargo%20de%20esta%20realidad%E2%80%9D&#038;body=https:\/\/radiorevelacionfm.cl\/?p=20370' aria-hidden='false' data-av_icon='\ue805' data-av_iconfont='entypo-fontello' title='' data-avia-related-tooltip='Compartir por correo'><span class='avia_hidden_link_text'>Compartir por correo<\/span><\/a><\/li><\/ul><\/div><\/div>\n<div  style='height:50px' class='hr hr-invisible   avia-builder-el-8  el_after_av_social_share  el_before_av_comments_list '><span class='hr-inner ' ><span class='hr-inner-style'><\/span><\/span><\/div>\n<div  class='av-buildercomment  av-blog-meta-html-info-disabled av-blog-meta-tag-disabled  '><\/div>\n","protected":false},"excerpt":{"rendered":"","protected":false},"author":1,"featured_media":20371,"comment_status":"open","ping_status":"open","sticky":false,"template":"","format":"standard","meta":{"footnotes":""},"categories":[35],"tags":[],"class_list":["post-20370","post","type-post","status-publish","format-standard","has-post-thumbnail","hentry","category-politica"],"jetpack_featured_media_url":"https:\/\/radiorevelacionfm.cl\/wp-content\/uploads\/2022\/08\/comision-de-vivienda-1_optimized.jpg","_links":{"self":[{"href":"https:\/\/radiorevelacionfm.cl\/index.php?rest_route=\/wp\/v2\/posts\/20370","targetHints":{"allow":["GET"]}}],"collection":[{"href":"https:\/\/radiorevelacionfm.cl\/index.php?rest_route=\/wp\/v2\/posts"}],"about":[{"href":"https:\/\/radiorevelacionfm.cl\/index.php?rest_route=\/wp\/v2\/types\/post"}],"author":[{"embeddable":true,"href":"https:\/\/radiorevelacionfm.cl\/index.php?rest_route=\/wp\/v2\/users\/1"}],"replies":[{"embeddable":true,"href":"https:\/\/radiorevelacionfm.cl\/index.php?rest_route=%2Fwp%2Fv2%2Fcomments&post=20370"}],"version-history":[{"count":2,"href":"https:\/\/radiorevelacionfm.cl\/index.php?rest_route=\/wp\/v2\/posts\/20370\/revisions"}],"predecessor-version":[{"id":20392,"href":"https:\/\/radiorevelacionfm.cl\/index.php?rest_route=\/wp\/v2\/posts\/20370\/revisions\/20392"}],"wp:featuredmedia":[{"embeddable":true,"href":"https:\/\/radiorevelacionfm.cl\/index.php?rest_route=\/wp\/v2\/media\/20371"}],"wp:attachment":[{"href":"https:\/\/radiorevelacionfm.cl\/index.php?rest_route=%2Fwp%2Fv2%2Fmedia&parent=20370"}],"wp:term":[{"taxonomy":"category","embeddable":true,"href":"https:\/\/radiorevelacionfm.cl\/index.php?rest_route=%2Fwp%2Fv2%2Fcategories&post=20370"},{"taxonomy":"post_tag","embeddable":true,"href":"https:\/\/radiorevelacionfm.cl\/index.php?rest_route=%2Fwp%2Fv2%2Ftags&post=20370"}],"curies":[{"name":"wp","href":"https:\/\/api.w.org\/{rel}","templated":true}]}}