{"id":20368,"date":"2022-08-11T10:17:57","date_gmt":"2022-08-11T13:17:57","guid":{"rendered":"https:\/\/radiorevelacionfm.cl\/?p=20368"},"modified":"2022-08-11T10:17:57","modified_gmt":"2022-08-11T13:17:57","slug":"proyecto-sobre-fibromialgia-y-dolor-cronico-no-oncologico-avanza-en-su-tramitacion-en-el-senado","status":"publish","type":"post","link":"https:\/\/radiorevelacionfm.cl\/?p=20368","title":{"rendered":"Proyecto sobre Fibromialgia y dolor cr\u00f3nico no oncol\u00f3gico avanza en su tramitaci\u00f3n en el Senado"},"content":{"rendered":"<div class=\"flex_column av_one_full  flex_column_div av-zero-column-padding first  avia-builder-el-0  el_before_av_one_full  avia-builder-el-first  \" style='border-radius:0px; '><div  class='avia-image-container  av-styling-    avia-builder-el-1  avia-builder-el-no-sibling  avia-align-center '  itemprop=\"image\" itemscope=\"itemscope\" itemtype=\"https:\/\/schema.org\/ImageObject\"  ><div class='avia-image-container-inner'><div class='avia-image-overlay-wrap'><img decoding=\"async\" class='wp-image-20376 avia-img-lazy-loading-not-20376 avia_image' src=\"https:\/\/radiorevelacionfm.cl\/wp-content\/uploads\/2022\/08\/30096-1-1.jpg\" alt='' title='30096 (1) (1)' height=\"600\" width=\"1146\"  itemprop=\"thumbnailUrl\" srcset=\"https:\/\/radiorevelacionfm.cl\/wp-content\/uploads\/2022\/08\/30096-1-1.jpg 1146w, https:\/\/radiorevelacionfm.cl\/wp-content\/uploads\/2022\/08\/30096-1-1-300x157.jpg 300w, https:\/\/radiorevelacionfm.cl\/wp-content\/uploads\/2022\/08\/30096-1-1-1030x539.jpg 1030w, https:\/\/radiorevelacionfm.cl\/wp-content\/uploads\/2022\/08\/30096-1-1-768x402.jpg 768w, https:\/\/radiorevelacionfm.cl\/wp-content\/uploads\/2022\/08\/30096-1-1-705x369.jpg 705w, https:\/\/radiorevelacionfm.cl\/wp-content\/uploads\/2022\/08\/30096-1-1-600x314.jpg 600w\" sizes=\"(max-width: 1146px) 100vw, 1146px\" \/><\/div><\/div><\/div><\/div><div class=\"flex_column av_one_full  flex_column_div av-zero-column-padding first  avia-builder-el-2  el_after_av_one_full  el_before_av_one_full  column-top-margin\" style='border-radius:0px; '><section class=\"av_textblock_section \"  itemscope=\"itemscope\" itemtype=\"https:\/\/schema.org\/BlogPosting\" itemprop=\"blogPost\" ><div class='avia_textblock  '   itemprop=\"text\" ><p style=\"text-align: center;\"><strong><span style=\"font-size: 18pt;\">Proyecto sobre Fibromialgia y dolor cr\u00f3nico no oncol\u00f3gico avanza en su tramitaci\u00f3n en el Senado<\/span><\/strong><\/p>\n<div id=\"gtx-trans\" style=\"position: absolute; left: -50px; top: 4.31534px;\">\n<div class=\"gtx-trans-icon\"><\/div>\n<\/div>\n<\/div><\/section><\/div><\/p>\n<div class=\"flex_column av_one_full  flex_column_div av-zero-column-padding first  avia-builder-el-4  el_after_av_one_full  el_before_av_hr  column-top-margin\" style='border-radius:0px; '><section class=\"av_textblock_section \"  itemscope=\"itemscope\" itemtype=\"https:\/\/schema.org\/BlogPosting\" itemprop=\"blogPost\" ><div class='avia_textblock  '   itemprop=\"text\" ><p style=\"font-weight: 400; text-align: justify;\">El proyecto para que Chile cuente con una ley de dolor cr\u00f3nico no oncol\u00f3gico y fibromialgia, fue aprobado en la Comisi\u00f3n de Salud del Senado -instancia que integra la senadora Ximena Ordenes- avanzando para su votaci\u00f3n en sala y as\u00ed completar su segundo tr\u00e1mite legislativo antes de volver a la C\u00e1mara de Diputadas y Diputados para su votaci\u00f3n final.<\/p>\n<p style=\"font-weight: 400; text-align: justify;\">La senadora calific\u00f3 la aprobaci\u00f3n del proyecto en la comisi\u00f3n como \u201cuna noticia importante para miles de personas que sufren de enfermedades en extremo dolorosas, que afecta la funcionalidad y puede llevar a la discapacidad a gran parte de ellas\u201d.<\/p>\n<p style=\"font-weight: 400; text-align: justify;\">El proyecto busca establecer una ley marco que reconozca la enfermedad como una entidad que afecta la funcionalidad de los que la padecen, pudiendo llegar a variados grados de discapacidad, as\u00ed como promover y garantizar el cuidado integral de las personas que la sufren, fijando derechos como el acceso a distintas alternativas terap\u00e9uticas y medicinas complementarias.<\/p>\n<p style=\"font-weight: 400; text-align: justify;\">Asimismo, la iniciativa pretende establecer formas de pago y reconocimiento de la enfermedad oportuno de las licencias m\u00e9dicas otorgadas por fibromialgia, implementar programas de educaci\u00f3n dirigidos a la ciudadan\u00eda sobre la enfermedad, as\u00ed como la promoci\u00f3n e incentivo a la investigaci\u00f3n entre la medicina tradicional y la medicina complementaria para efectos de contribuir al diagn\u00f3stico y tratamiento de dicho mal.<\/p>\n<p style=\"font-weight: 400; text-align: justify;\">Para la senadora Ordenes,\u00a0\u201chemos tenido avances bien significativos en la discusi\u00f3n del proyecto de ley de dolor no oncol\u00f3gico y fibromialgia. Quiero destacar que este proyecto de ley parte con el trabajo de muchas organizaciones a lo largo del territorio nacional. Por eso, quiero particularmente reconocer el trabajo y esfuerzo que ha realizado la agrupaci\u00f3n de fibromialgia de Ays\u00e9n, con Francisca Ronda, con Crhistopher San Mart\u00edn, entre otros\u201d.<\/p>\n<p style=\"font-weight: 400; text-align: justify;\">La parlamentaria destac\u00f3 que avanzar en una legislaci\u00f3n como \u00e9sta es fundamental, dado que se necesita reconocer la enfermedad y garantizar el cuidado, el tratamiento y el acceso a especialistas, reconociendo tambi\u00e9n cu\u00e1les son las distintas terapias a las que se puede optar.<\/p>\n<p style=\"font-weight: 400; text-align: justify;\">\u201cNosotros vamos a seguir trabajando desde Ays\u00e9n, junto a Francisca, junto a Crhristopher para avanzar en una legislaci\u00f3n que reconozca la enfermedad y que reconozca un tratamiento digno con derechos para aquellos que la padecen\u201d, se\u00f1al\u00f3.<\/p>\n<p style=\"font-weight: 400; text-align: justify;\">A su vez, la dirigente de la Agrupaci\u00f3n de Fibromialgia de Ays\u00e9n, Francisca Ronda, se\u00f1al\u00f3 estar \u201cmuy contenta de este gran paso que dimos con nuestra ley de s\u00edndrome de dolor cr\u00f3nico no-oncol\u00f3gico, donde pudimos, despu\u00e9s de muchos a\u00f1os y muchos meses trabajando y representando a nuestra regi\u00f3n en una red nacional de Fibromialgia, participar en una mesa de trabajo, donde estuvimos junto a parlamentarios, tanto de la regi\u00f3n de Ays\u00e9n como de todo Chile, con sus asesores, con sus abogados, por supuesto tratando de mejorar algunos art\u00edculos y haciendo algunas indicaciones a nuestra ley\u201d.<\/p>\n<p style=\"font-weight: 400; text-align: justify;\">\u201cAgradecemos que fuimos escuchados, que se pudo aprobar a favor muchas de esas indicaciones, para que quede una ley mejorada, \u00f3ptima, que realmente nos garantice una salud integral, que no haya discriminaci\u00f3n, que nos puedan ayudar con licencia m\u00e9dicas y mucho m\u00e1s. (\u2026) Agradecer a nuestra senadora Ximena Ordenes que se la juega bastante por nosotros y que tambi\u00e9n particip\u00f3 de esta indicaci\u00f3n, y muchas gracias por habernos escuchado. Estamos muy emocionados de poder seguir trabajando colaborativamente y en conjunto\u201d, dijo la integrante de la Agrupaci\u00f3n de Fibromialgia de Ays\u00e9n, Francisca Ronda.<\/p>\n<\/div><\/section><\/div>\n<div  style='height:50px' class='hr hr-invisible   avia-builder-el-6  el_after_av_one_full  el_before_av_social_share '><span class='hr-inner ' ><span class='hr-inner-style'><\/span><\/span><\/div>\n<div  class='av-social-sharing-box  avia-builder-el-7  el_after_av_hr  el_before_av_hr  '><div class='av-share-box'><h5 class='av-share-link-description av-no-toc '>Compartir esta noticia<\/h5><ul class='av-share-box-list noLightbox'><li class='av-share-link av-social-link-facebook' ><a target=\"_blank\" aria-label=\"Compartir en Facebook\" href='https:\/\/www.facebook.com\/sharer.php?u=https:\/\/radiorevelacionfm.cl\/?p=20368&#038;t=Proyecto%20sobre%20Fibromialgia%20y%20dolor%20cr%C3%B3nico%20no%20oncol%C3%B3gico%20avanza%20en%20su%20tramitaci%C3%B3n%20en%20el%20Senado' aria-hidden='false' data-av_icon='\ue8f3' data-av_iconfont='entypo-fontello' title='' data-avia-related-tooltip='Compartir en Facebook' rel=\"noopener\"><span class='avia_hidden_link_text'>Compartir en Facebook<\/span><\/a><\/li><li class='av-share-link av-social-link-twitter' ><a target=\"_blank\" aria-label=\"Compartir en Twitter\" href='https:\/\/twitter.com\/share?text=Proyecto%20sobre%20Fibromialgia%20y%20dolor%20cr%C3%B3nico%20no%20oncol%C3%B3gico%20avanza%20en%20su%20tramitaci%C3%B3n%20en%20el%20Senado&#038;url=https:\/\/radiorevelacionfm.cl\/?p=20368' aria-hidden='false' data-av_icon='\ue8f1' data-av_iconfont='entypo-fontello' title='' data-avia-related-tooltip='Compartir en Twitter' rel=\"noopener\"><span class='avia_hidden_link_text'>Compartir en Twitter<\/span><\/a><\/li><li class='av-share-link av-social-link-whatsapp' ><a target=\"_blank\" aria-label=\"Compartir en Whatsapp\" href='https:\/\/api.whatsapp.com\/send?text=https:\/\/radiorevelacionfm.cl\/?p=20368' aria-hidden='false' data-av_icon='\uf232' data-av_iconfont='entypo-fontello' title='' data-avia-related-tooltip='Compartir en Whatsapp' rel=\"noopener\"><span class='avia_hidden_link_text'>Compartir en Whatsapp<\/span><\/a><\/li><li class='av-share-link av-social-link-linkedin' ><a target=\"_blank\" aria-label=\"Compartir en LinkedIn\" href='https:\/\/linkedin.com\/shareArticle?mini=true&#038;title=Proyecto%20sobre%20Fibromialgia%20y%20dolor%20cr%C3%B3nico%20no%20oncol%C3%B3gico%20avanza%20en%20su%20tramitaci%C3%B3n%20en%20el%20Senado&#038;url=https:\/\/radiorevelacionfm.cl\/?p=20368' aria-hidden='false' data-av_icon='\ue8fc' data-av_iconfont='entypo-fontello' title='' data-avia-related-tooltip='Compartir en LinkedIn' rel=\"noopener\"><span class='avia_hidden_link_text'>Compartir en LinkedIn<\/span><\/a><\/li><li class='av-share-link av-social-link-mail' ><a  aria-label=\"Compartir por correo\" href='mailto:?subject=Proyecto%20sobre%20Fibromialgia%20y%20dolor%20cr%C3%B3nico%20no%20oncol%C3%B3gico%20avanza%20en%20su%20tramitaci%C3%B3n%20en%20el%20Senado&#038;body=https:\/\/radiorevelacionfm.cl\/?p=20368' aria-hidden='false' data-av_icon='\ue805' data-av_iconfont='entypo-fontello' title='' data-avia-related-tooltip='Compartir por correo'><span class='avia_hidden_link_text'>Compartir por correo<\/span><\/a><\/li><\/ul><\/div><\/div>\n<div  style='height:50px' class='hr hr-invisible   avia-builder-el-8  el_after_av_social_share  el_before_av_comments_list '><span class='hr-inner ' ><span class='hr-inner-style'><\/span><\/span><\/div>\n<div  class='av-buildercomment  av-blog-meta-html-info-disabled av-blog-meta-tag-disabled  '><\/div>\n","protected":false},"excerpt":{"rendered":"","protected":false},"author":1,"featured_media":20376,"comment_status":"open","ping_status":"open","sticky":false,"template":"","format":"standard","meta":{"footnotes":""},"categories":[35,46],"tags":[],"class_list":["post-20368","post","type-post","status-publish","format-standard","has-post-thumbnail","hentry","category-politica","category-salud"],"jetpack_featured_media_url":"https:\/\/radiorevelacionfm.cl\/wp-content\/uploads\/2022\/08\/30096-1-1.jpg","_links":{"self":[{"href":"https:\/\/radiorevelacionfm.cl\/index.php?rest_route=\/wp\/v2\/posts\/20368","targetHints":{"allow":["GET"]}}],"collection":[{"href":"https:\/\/radiorevelacionfm.cl\/index.php?rest_route=\/wp\/v2\/posts"}],"about":[{"href":"https:\/\/radiorevelacionfm.cl\/index.php?rest_route=\/wp\/v2\/types\/post"}],"author":[{"embeddable":true,"href":"https:\/\/radiorevelacionfm.cl\/index.php?rest_route=\/wp\/v2\/users\/1"}],"replies":[{"embeddable":true,"href":"https:\/\/radiorevelacionfm.cl\/index.php?rest_route=%2Fwp%2Fv2%2Fcomments&post=20368"}],"version-history":[{"count":3,"href":"https:\/\/radiorevelacionfm.cl\/index.php?rest_route=\/wp\/v2\/posts\/20368\/revisions"}],"predecessor-version":[{"id":20382,"href":"https:\/\/radiorevelacionfm.cl\/index.php?rest_route=\/wp\/v2\/posts\/20368\/revisions\/20382"}],"wp:featuredmedia":[{"embeddable":true,"href":"https:\/\/radiorevelacionfm.cl\/index.php?rest_route=\/wp\/v2\/media\/20376"}],"wp:attachment":[{"href":"https:\/\/radiorevelacionfm.cl\/index.php?rest_route=%2Fwp%2Fv2%2Fmedia&parent=20368"}],"wp:term":[{"taxonomy":"category","embeddable":true,"href":"https:\/\/radiorevelacionfm.cl\/index.php?rest_route=%2Fwp%2Fv2%2Fcategories&post=20368"},{"taxonomy":"post_tag","embeddable":true,"href":"https:\/\/radiorevelacionfm.cl\/index.php?rest_route=%2Fwp%2Fv2%2Ftags&post=20368"}],"curies":[{"name":"wp","href":"https:\/\/api.w.org\/{rel}","templated":true}]}}