{"id":20364,"date":"2022-08-10T18:27:35","date_gmt":"2022-08-10T21:27:35","guid":{"rendered":"https:\/\/radiorevelacionfm.cl\/?p=20364"},"modified":"2022-08-10T18:27:35","modified_gmt":"2022-08-10T21:27:35","slug":"la-region-ya-tiene-representantes-en-ajedrez-y-tenis-de-mesa-para-la-final-nacional-de-los-juegos-deportivos-escolares","status":"publish","type":"post","link":"https:\/\/radiorevelacionfm.cl\/?p=20364","title":{"rendered":"La regi\u00f3n ya tiene representantes en ajedrez y tenis de mesa para la final nacional de los Juegos Deportivos Escolares"},"content":{"rendered":"<div class=\"flex_column av_one_full  flex_column_div av-zero-column-padding first  avia-builder-el-0  el_before_av_one_full  avia-builder-el-first  \" style='border-radius:0px; '><div  class='avia-image-container  av-styling-    avia-builder-el-1  avia-builder-el-no-sibling  avia-align-center '  itemprop=\"image\" itemscope=\"itemscope\" itemtype=\"https:\/\/schema.org\/ImageObject\"  ><div class='avia-image-container-inner'><div class='avia-image-overlay-wrap'><img decoding=\"async\" class='wp-image-20365 avia-img-lazy-loading-not-20365 avia_image' src=\"https:\/\/radiorevelacionfm.cl\/wp-content\/uploads\/2022\/08\/aje2-1-1.jpg\" alt='' title='aje2 (1) (1)' height=\"600\" width=\"900\"  itemprop=\"thumbnailUrl\" srcset=\"https:\/\/radiorevelacionfm.cl\/wp-content\/uploads\/2022\/08\/aje2-1-1.jpg 900w, https:\/\/radiorevelacionfm.cl\/wp-content\/uploads\/2022\/08\/aje2-1-1-300x200.jpg 300w, https:\/\/radiorevelacionfm.cl\/wp-content\/uploads\/2022\/08\/aje2-1-1-768x512.jpg 768w, https:\/\/radiorevelacionfm.cl\/wp-content\/uploads\/2022\/08\/aje2-1-1-705x470.jpg 705w, https:\/\/radiorevelacionfm.cl\/wp-content\/uploads\/2022\/08\/aje2-1-1-600x400.jpg 600w\" sizes=\"(max-width: 900px) 100vw, 900px\" \/><\/div><\/div><\/div><\/div><div class=\"flex_column av_one_full  flex_column_div av-zero-column-padding first  avia-builder-el-2  el_after_av_one_full  el_before_av_one_full  column-top-margin\" style='border-radius:0px; '><section class=\"av_textblock_section \"  itemscope=\"itemscope\" itemtype=\"https:\/\/schema.org\/BlogPosting\" itemprop=\"blogPost\" ><div class='avia_textblock  '   itemprop=\"text\" ><p style=\"text-align: center;\"><strong><span style=\"font-size: 18pt;\">La regi\u00f3n ya tiene representantes en ajedrez y tenis de mesa para la final nacional de los Juegos Deportivos Escolares <\/span><\/strong><\/p>\n<p class=\"v1MsoNormal\"><b>\u00a0<\/b><\/p>\n<div id=\"gtx-trans\" style=\"position: absolute; left: -50px; top: 4.31534px;\">\n<div class=\"gtx-trans-icon\"><\/div>\n<\/div>\n<\/div><\/section><\/div><div class=\"flex_column av_one_full  flex_column_div av-zero-column-padding first  avia-builder-el-4  el_after_av_one_full  el_before_av_hr  column-top-margin\" style='border-radius:0px; '><section class=\"av_textblock_section \"  itemscope=\"itemscope\" itemtype=\"https:\/\/schema.org\/BlogPosting\" itemprop=\"blogPost\" ><div class='avia_textblock  '   itemprop=\"text\" ><div>\n<p class=\"v1MsoNormal\" style=\"text-align: justify;\">Intensos partidos de tenis de mesa y rondas de ajedrez se vivieron la semana pasada para definir a las y los representantes regionales en ambas disciplinas; asimismo, se defini\u00f3 la etapa regional de la segunda categor\u00eda conformada por j\u00f3venes entre los 15 a 18 a\u00f1os.<\/p>\n<p class=\"v1MsoNormal\" style=\"text-align: justify;\">Los Juegos Deportivos Escolares es el evento deportivo escolar m\u00e1s grande de Chile y las etapas de los juegos que corresponden a las categor\u00edas sub 14 se dividen en comunal, donde participan todos los colegios de cada comuna, la etapa regional en la que participan s\u00f3lo los colegios campeones comunales en cada una de los deportes, y la gran final nacional donde participan s\u00f3lo los mejores colegios de cada regi\u00f3n del pa\u00eds.<\/p>\n<p class=\"v1MsoNormal\" style=\"text-align: justify;\">La Seremi de Deportes Mar\u00eda Eugenia Dur\u00e1n Jara, quien estuvo presente en las finales estas dos disciplinas destac\u00f3 la participaci\u00f3n de representantes de las distintas comunas se\u00f1alando\u00a0 \u00abestamos muy contentos como Ministerio de Deportes y junto al Instituto Nacional de Deportes regional, de poder desarrollar \u00e9stas competencias ac\u00e1 en Coyhaique donde se define a los seleccionados de las disciplinas de tenis de mesa y ajedrez, mientras que este jueves 11 de agosto se realizar\u00e1 la etapa regional de la disciplina de atletismo y posteriormente ser\u00e1 el turno de la nataci\u00f3n que se desarrollar\u00e1 el 19 de agosto; para el Gobierno del Presidente Gabriel Boric es muy significativo poder dar continuidad a estos juegos escolares tras el receso por pandemia, evento deportivo que convoca a escolares todo del pa\u00eds\u00bb.<\/p>\n<p class=\"v1MsoNormal\" style=\"text-align: justify;\">En el mismo sentido, el t\u00e9cnico de tenis de mesa y entrenador Promesas Chile regi\u00f3n de Ays\u00e9n Luis Vega coment\u00f3: \u00abclasificamos a nuestros cuatro jugadores en este campeonato escolar regional, esperamos que en el nacional nos vaya bien y obtener buenos resultados\u00bb<\/p>\n<p class=\"v1MsoNormal\" style=\"text-align: justify;\">La n\u00f3mina de seleccionados Sub 14, estar\u00e1 conformada en la disciplina de tenis de mesa:<\/p>\n<p class=\"v1MsoNormal\" style=\"text-align: justify;\">Los ajedrecistas que representar\u00e1n a la regi\u00f3n son: en damas Gabriela Maldonado (Cochrane), Antonia Alvarado (LSFB Coyhaique), Alexa Alvarado (LSFB Coyhaique); varones Nicol\u00e1s Elgueta (LSFB Coyhaique), Juli\u00e1n Parra (Cochrane) y Mart\u00edn Aguilar (LSFB Coyhaique)<\/p>\n<p class=\"v1MsoNormal\" style=\"text-align: justify;\"><span style=\"font-family: Arial, sans-serif;\">La n\u00f3mina de tenimesistas corresponde a:\u00a0<\/span>Trinidad Didier, Trinidad Rojas, Anghelir Ojeda, Kiara Mart\u00ednez, Felipe Foitzick, Mat\u00edas Didier, Basti\u00e1n Mansilla, Jos\u00e9 Luis Ascencio<\/p>\n<div dir=\"auto\" style=\"text-align: justify;\"><u>Cronograma Regional<\/u><\/div>\n<p class=\"v1MsoNormal\" style=\"text-align: justify;\">Atletismo (11 de Agosto)<\/p>\n<p class=\"v1MsoNormal\" style=\"text-align: justify;\">Jornada am Inicio 09:00 a 13:00<\/p>\n<p class=\"v1MsoNormal\" style=\"text-align: justify;\">Jornada pm Inicio 15:00 a 18:00<\/p>\n<p class=\"v1MsoNormal\" style=\"text-align: justify;\">Lugar Pista Atl\u00e9tica Estadio Regional Veintiuno de Mayo #1671<\/p>\n<p class=\"v1MsoNormal\" style=\"text-align: justify;\">Nataci\u00f3n\u00a0 (19 de Agosto)<\/p>\n<p class=\"v1MsoNormal\" style=\"text-align: justify;\">Jornada am inicio 08:00 a 12:30<\/p>\n<p class=\"v1MsoNormal\" style=\"text-align: justify;\">Lugar Complejo Parque Austral, Ogana # 1475<\/p>\n<p class=\"v1MsoNormal\" style=\"text-align: justify;\">\n<\/div>\n<div style=\"text-align: justify;\"><\/div>\n<\/div><\/section><\/div><div  style='height:50px' class='hr hr-invisible   avia-builder-el-6  el_after_av_one_full  el_before_av_social_share '><span class='hr-inner ' ><span class='hr-inner-style'><\/span><\/span><\/div><\/p>\n<div  class='av-social-sharing-box  avia-builder-el-7  el_after_av_hr  el_before_av_hr  '><div class='av-share-box'><h5 class='av-share-link-description av-no-toc '>Compartir esta noticia<\/h5><ul class='av-share-box-list noLightbox'><li class='av-share-link av-social-link-facebook' ><a target=\"_blank\" aria-label=\"Compartir en Facebook\" href='https:\/\/www.facebook.com\/sharer.php?u=https:\/\/radiorevelacionfm.cl\/?p=20364&#038;t=La%20regi%C3%B3n%20ya%20tiene%20representantes%20en%20ajedrez%20y%20tenis%20de%20mesa%20para%20la%20final%20nacional%20de%20los%20Juegos%20Deportivos%20Escolares' aria-hidden='false' data-av_icon='\ue8f3' data-av_iconfont='entypo-fontello' title='' data-avia-related-tooltip='Compartir en Facebook' rel=\"noopener\"><span class='avia_hidden_link_text'>Compartir en Facebook<\/span><\/a><\/li><li class='av-share-link av-social-link-twitter' ><a target=\"_blank\" aria-label=\"Compartir en Twitter\" href='https:\/\/twitter.com\/share?text=La%20regi%C3%B3n%20ya%20tiene%20representantes%20en%20ajedrez%20y%20tenis%20de%20mesa%20para%20la%20final%20nacional%20de%20los%20Juegos%20Deportivos%20Escolares&#038;url=https:\/\/radiorevelacionfm.cl\/?p=20364' aria-hidden='false' data-av_icon='\ue8f1' data-av_iconfont='entypo-fontello' title='' data-avia-related-tooltip='Compartir en Twitter' rel=\"noopener\"><span class='avia_hidden_link_text'>Compartir en Twitter<\/span><\/a><\/li><li class='av-share-link av-social-link-whatsapp' ><a target=\"_blank\" aria-label=\"Compartir en Whatsapp\" href='https:\/\/api.whatsapp.com\/send?text=https:\/\/radiorevelacionfm.cl\/?p=20364' aria-hidden='false' data-av_icon='\uf232' data-av_iconfont='entypo-fontello' title='' data-avia-related-tooltip='Compartir en Whatsapp' rel=\"noopener\"><span class='avia_hidden_link_text'>Compartir en Whatsapp<\/span><\/a><\/li><li class='av-share-link av-social-link-linkedin' ><a target=\"_blank\" aria-label=\"Compartir en LinkedIn\" href='https:\/\/linkedin.com\/shareArticle?mini=true&#038;title=La%20regi%C3%B3n%20ya%20tiene%20representantes%20en%20ajedrez%20y%20tenis%20de%20mesa%20para%20la%20final%20nacional%20de%20los%20Juegos%20Deportivos%20Escolares&#038;url=https:\/\/radiorevelacionfm.cl\/?p=20364' aria-hidden='false' data-av_icon='\ue8fc' data-av_iconfont='entypo-fontello' title='' data-avia-related-tooltip='Compartir en LinkedIn' rel=\"noopener\"><span class='avia_hidden_link_text'>Compartir en LinkedIn<\/span><\/a><\/li><li class='av-share-link av-social-link-mail' ><a  aria-label=\"Compartir por correo\" href='mailto:?subject=La%20regi%C3%B3n%20ya%20tiene%20representantes%20en%20ajedrez%20y%20tenis%20de%20mesa%20para%20la%20final%20nacional%20de%20los%20Juegos%20Deportivos%20Escolares&#038;body=https:\/\/radiorevelacionfm.cl\/?p=20364' aria-hidden='false' data-av_icon='\ue805' data-av_iconfont='entypo-fontello' title='' data-avia-related-tooltip='Compartir por correo'><span class='avia_hidden_link_text'>Compartir por correo<\/span><\/a><\/li><\/ul><\/div><\/div>\n<div  style='height:50px' class='hr hr-invisible   avia-builder-el-8  el_after_av_social_share  el_before_av_comments_list '><span class='hr-inner ' ><span class='hr-inner-style'><\/span><\/span><\/div>\n<div  class='av-buildercomment  av-blog-meta-html-info-disabled av-blog-meta-tag-disabled  '><\/div>\n","protected":false},"excerpt":{"rendered":"","protected":false},"author":1,"featured_media":20365,"comment_status":"open","ping_status":"open","sticky":false,"template":"","format":"standard","meta":{"footnotes":""},"categories":[40],"tags":[],"class_list":["post-20364","post","type-post","status-publish","format-standard","has-post-thumbnail","hentry","category-deportes"],"jetpack_featured_media_url":"https:\/\/radiorevelacionfm.cl\/wp-content\/uploads\/2022\/08\/aje2-1-1.jpg","_links":{"self":[{"href":"https:\/\/radiorevelacionfm.cl\/index.php?rest_route=\/wp\/v2\/posts\/20364","targetHints":{"allow":["GET"]}}],"collection":[{"href":"https:\/\/radiorevelacionfm.cl\/index.php?rest_route=\/wp\/v2\/posts"}],"about":[{"href":"https:\/\/radiorevelacionfm.cl\/index.php?rest_route=\/wp\/v2\/types\/post"}],"author":[{"embeddable":true,"href":"https:\/\/radiorevelacionfm.cl\/index.php?rest_route=\/wp\/v2\/users\/1"}],"replies":[{"embeddable":true,"href":"https:\/\/radiorevelacionfm.cl\/index.php?rest_route=%2Fwp%2Fv2%2Fcomments&post=20364"}],"version-history":[{"count":2,"href":"https:\/\/radiorevelacionfm.cl\/index.php?rest_route=\/wp\/v2\/posts\/20364\/revisions"}],"predecessor-version":[{"id":20367,"href":"https:\/\/radiorevelacionfm.cl\/index.php?rest_route=\/wp\/v2\/posts\/20364\/revisions\/20367"}],"wp:featuredmedia":[{"embeddable":true,"href":"https:\/\/radiorevelacionfm.cl\/index.php?rest_route=\/wp\/v2\/media\/20365"}],"wp:attachment":[{"href":"https:\/\/radiorevelacionfm.cl\/index.php?rest_route=%2Fwp%2Fv2%2Fmedia&parent=20364"}],"wp:term":[{"taxonomy":"category","embeddable":true,"href":"https:\/\/radiorevelacionfm.cl\/index.php?rest_route=%2Fwp%2Fv2%2Fcategories&post=20364"},{"taxonomy":"post_tag","embeddable":true,"href":"https:\/\/radiorevelacionfm.cl\/index.php?rest_route=%2Fwp%2Fv2%2Ftags&post=20364"}],"curies":[{"name":"wp","href":"https:\/\/api.w.org\/{rel}","templated":true}]}}