{"id":20361,"date":"2022-08-11T11:57:17","date_gmt":"2022-08-11T14:57:17","guid":{"rendered":"https:\/\/radiorevelacionfm.cl\/?p=20361"},"modified":"2022-08-11T11:57:17","modified_gmt":"2022-08-11T14:57:17","slug":"realizan-jornada-sobre-deteccion-e-intervencion-oportuna-ante-situaciones-de-violencia-contra-las-mujeres-y-diversidades-sexuales","status":"publish","type":"post","link":"https:\/\/radiorevelacionfm.cl\/?p=20361","title":{"rendered":"Realizan jornada sobre detecci\u00f3n e intervenci\u00f3n oportuna ante situaciones de Violencia contra las Mujeres y Diversidades Sexuales"},"content":{"rendered":"<div class=\"flex_column av_one_full  flex_column_div av-zero-column-padding first  avia-builder-el-0  el_before_av_one_full  avia-builder-el-first  \" style='border-radius:0px; '><div  class='avia-image-container  av-styling-    avia-builder-el-1  avia-builder-el-no-sibling  avia-align-center '  itemprop=\"image\" itemscope=\"itemscope\" itemtype=\"https:\/\/schema.org\/ImageObject\"  ><div class='avia-image-container-inner'><div class='avia-image-overlay-wrap'><img decoding=\"async\" class='wp-image-20362 avia-img-lazy-loading-not-20362 avia_image' src=\"https:\/\/radiorevelacionfm.cl\/wp-content\/uploads\/2022\/08\/JORNADA-MINJU-INDH-2-2-1-1.jpg\" alt='' title='JORNADA MINJU- INDH 2 (2) (1) (1)' height=\"600\" width=\"900\"  itemprop=\"thumbnailUrl\" srcset=\"https:\/\/radiorevelacionfm.cl\/wp-content\/uploads\/2022\/08\/JORNADA-MINJU-INDH-2-2-1-1.jpg 900w, https:\/\/radiorevelacionfm.cl\/wp-content\/uploads\/2022\/08\/JORNADA-MINJU-INDH-2-2-1-1-300x200.jpg 300w, https:\/\/radiorevelacionfm.cl\/wp-content\/uploads\/2022\/08\/JORNADA-MINJU-INDH-2-2-1-1-768x512.jpg 768w, https:\/\/radiorevelacionfm.cl\/wp-content\/uploads\/2022\/08\/JORNADA-MINJU-INDH-2-2-1-1-705x470.jpg 705w, https:\/\/radiorevelacionfm.cl\/wp-content\/uploads\/2022\/08\/JORNADA-MINJU-INDH-2-2-1-1-600x400.jpg 600w\" sizes=\"(max-width: 900px) 100vw, 900px\" \/><\/div><\/div><\/div><\/div><div class=\"flex_column av_one_full  flex_column_div av-zero-column-padding first  avia-builder-el-2  el_after_av_one_full  el_before_av_one_full  column-top-margin\" style='border-radius:0px; '><section class=\"av_textblock_section \"  itemscope=\"itemscope\" itemtype=\"https:\/\/schema.org\/BlogPosting\" itemprop=\"blogPost\" ><div class='avia_textblock  '   itemprop=\"text\" ><p style=\"text-align: center;\"><strong><span style=\"font-size: 18pt;\">Realizan jornada sobre detecci\u00f3n e intervenci\u00f3n oportuna ante situaciones de Violencia contra las Mujeres y Diversidades Sexuales<\/span><\/strong><\/p>\n<div id=\"gtx-trans\" style=\"position: absolute; left: -50px; top: 4.31534px;\">\n<div class=\"gtx-trans-icon\"><\/div>\n<\/div>\n<\/div><\/section><\/div><div class=\"flex_column av_one_full  flex_column_div av-zero-column-padding first  avia-builder-el-4  el_after_av_one_full  el_before_av_hr  column-top-margin\" style='border-radius:0px; '><section class=\"av_textblock_section \"  itemscope=\"itemscope\" itemtype=\"https:\/\/schema.org\/BlogPosting\" itemprop=\"blogPost\" ><div class='avia_textblock  '   itemprop=\"text\" ><p style=\"text-align: justify;\">M\u00e1s de 50 personas participaron el pasado viernes de una jornada denominada \u201cHerramientas para la Detecci\u00f3n e Intervenci\u00f3n oportuna ante situaciones de violencia contra las Mujeres y Diversidades Sexuales desde un enfoque de G\u00e9nero y Derechos Humanos\u201d actividad organizada por la Secretar\u00eda Regional Ministerial de Justicia y Derechos Humanos en alianza con el Instituto Nacional de Derechos Humanos, y que reuni\u00f3 a autoridades, profesionales y funcionarios p\u00fablicos.<\/p>\n<p style=\"text-align: justify;\">Dicha instancia llevada a cabo en el audit\u00f3rium de la Biblioteca Regional abord\u00f3 la detecci\u00f3n e intervenci\u00f3n ante situaciones de violencia contra las Mujeres y Diversidades Sexuales desde un enfoque de G\u00e9nero y Derechos Humanos, la que se centr\u00f3 en dos exposiciones, la primera a cargo de la acad\u00e9mica de la carrera de Psicolog\u00eda del Departamento de Ciencias Sociales y Humanidades de la Universidad de Ays\u00e9n, Marcela Guzm\u00e1n, mientras que en la segunda expuso la Psic\u00f3loga del Centro de Atenci\u00f3n de V\u00edctima de Delitos Violentos del Ministerio del Interior y Seguridad P\u00fablica, Andrea Campos.<\/p>\n<p style=\"text-align: justify;\">En la oportunidad, la psic\u00f3loga de la Universidad de Ays\u00e9n, Marcela Guzm\u00e1n se refiri\u00f3 a la tem\u00e1tica abordada en este taller indicando que \u201clo que abord\u00e9 de alguna manera en resumen, aparte de unos conceptos claves que son las violencias, de donde vienen, de que tipo son, como las podemos vivir, en realidad lo que trat\u00e9 de hacer fue permitir que la audiencia entienda que la violencia es una experiencia cotidiana, que experimentamos todos y todas a lo largo de nuestra vida, a partir de distintas pr\u00e1cticas y en distintas dimensiones y magnitudes, y que lamentablemente producto de esa historia y estas vulneraciones que hemos vivido muchas veces terminamos violentando a otras personas\u201d.<\/p>\n<p style=\"text-align: justify;\">Mientras que el Seremi de Justicia y Derechos Humanos, Samuel Navarro Castro valor\u00f3 el desarrollo de instancias como \u00e9stas, se\u00f1alando que \u201cestamos desplegando y desarrollando \u00a0estas tem\u00e1ticas a ra\u00edz de las orientaciones que nos ha dado el Presidente de la Rep\u00fablica Gabriel Boric, estamos trabajando en la sensibilizaci\u00f3n y en la entrega de herramientas al p\u00fablico en general, funcionarios p\u00fablicos, y autoridades, agradecemos en este caso incluso la presencia no solamente de nuestro organismo colaborador que nos est\u00e1 contribuyendo en esta actividad que es el Instituto Nacional de Derechos Humanos, sino tambi\u00e9n la presencia del General de Carabineros Hugo Zenteno y de otras altas autoridades, profesionales, incluso alumnos de algunas universidades de la regi\u00f3n, porque eso nos permite llegar a una mayor cantidad de personas, de p\u00fablico, de vecinos en estas materias tan importantes como trabajar en la prevenci\u00f3n de la violencia, en\u00a0 trabajar para disminuir los que son los ataques de g\u00e9nero, por orientaci\u00f3n sexual o contra las mujeres, las disidencias, creemos que es importante incorporar esto como parte integrante de las pol\u00edticas p\u00fablicas y en ese sentido queremos perseverar en el trabajo de prevenci\u00f3n entregando herramientas a la comunidad\u201d.<\/p>\n<p style=\"text-align: justify;\">En tanto, la psic\u00f3loga del Centro de Atenci\u00f3n de V\u00edctima de Delitos Violentos del Ministerio del Interior y Seguridad P\u00fablica, Andrea Campos destac\u00f3 la importancia de trabajar en torno a estos temas manifestando que \u201ces tremendamente importante porque como dec\u00eda en la exposici\u00f3n, son instancias como \u00e9stas las que se necesitan para poder reflexionar y poner estos temas de la violencia de genero sobre la mesa, no se puede reflexionar si no se instala en la conversaci\u00f3n de las personas, no se puede pensar si no se instala y si no se dan espacios como \u00e9ste u otros, yo creo que se ha hablado de la violencia de genero pero de esto se viene hablando hace mucho rato, no es algo nuevo, pero ahora ha emergido con fuerza, porque ha habido una situaci\u00f3n de ser constante en esta inquietud de plantear y visualizarlo permanentemente, hoy d\u00eda todos lo han instalado como tema, como necesidad y como tema a debatir, y es tremendamente importante que se generen instancias como \u00e9stas\u201d<\/p>\n<p style=\"text-align: justify;\">Finalmente, el Jefe Regional del Instituto Nacional de Derechos Humanos, Joaqu\u00edn Bizama se refiri\u00f3 al enfoque que le da el INDH a estas tem\u00e1ticas indicando que \u201cel foco que pone el Instituto de Derechos Humanos est\u00e1 obviamente en la prevenci\u00f3n de la violencia, esa es la herramienta y el camino que va a generar muchos mejores resultados, toda vez que el otro campo que es la protecci\u00f3n es posterior a la vulneraci\u00f3n o la violencia ocurrida, pero el foco debe estar en la prevenci\u00f3n desde tempana edad para efectos ya como se se\u00f1alaba anteriormente entregar herramientas, educar en una cultura de derechos humanos que promueva obviamente personas respetuosas, amables y comprensivas respecto de las caracter\u00edsticas particulares de otras personas, pensamos que ese camino obviamente nos puede dar mejor resultado y va a construir una sociedad que tenga en sus bases el respeto a las diferencias y a los derechos humanos de las otras personas\u201d.<\/p>\n<\/div><\/section><\/div><div  style='height:50px' class='hr hr-invisible   avia-builder-el-6  el_after_av_one_full  el_before_av_social_share '><span class='hr-inner ' ><span class='hr-inner-style'><\/span><\/span><\/div><\/p>\n<div  class='av-social-sharing-box  avia-builder-el-7  el_after_av_hr  el_before_av_hr  '><div class='av-share-box'><h5 class='av-share-link-description av-no-toc '>Compartir esta noticia<\/h5><ul class='av-share-box-list noLightbox'><li class='av-share-link av-social-link-facebook' ><a target=\"_blank\" aria-label=\"Compartir en Facebook\" href='https:\/\/www.facebook.com\/sharer.php?u=https:\/\/radiorevelacionfm.cl\/?p=20361&#038;t=Realizan%20jornada%20sobre%20detecci%C3%B3n%20e%20intervenci%C3%B3n%20oportuna%20ante%20situaciones%20de%20Violencia%20contra%20las%20Mujeres%20y%20Diversidades%20Sexuales' aria-hidden='false' data-av_icon='\ue8f3' data-av_iconfont='entypo-fontello' title='' data-avia-related-tooltip='Compartir en Facebook' rel=\"noopener\"><span class='avia_hidden_link_text'>Compartir en Facebook<\/span><\/a><\/li><li class='av-share-link av-social-link-twitter' ><a target=\"_blank\" aria-label=\"Compartir en Twitter\" href='https:\/\/twitter.com\/share?text=Realizan%20jornada%20sobre%20detecci%C3%B3n%20e%20intervenci%C3%B3n%20oportuna%20ante%20situaciones%20de%20Violencia%20contra%20las%20Mujeres%20y%20Diversidades%20Sexuales&#038;url=https:\/\/radiorevelacionfm.cl\/?p=20361' aria-hidden='false' data-av_icon='\ue8f1' data-av_iconfont='entypo-fontello' title='' data-avia-related-tooltip='Compartir en Twitter' rel=\"noopener\"><span class='avia_hidden_link_text'>Compartir en Twitter<\/span><\/a><\/li><li class='av-share-link av-social-link-whatsapp' ><a target=\"_blank\" aria-label=\"Compartir en Whatsapp\" href='https:\/\/api.whatsapp.com\/send?text=https:\/\/radiorevelacionfm.cl\/?p=20361' aria-hidden='false' data-av_icon='\uf232' data-av_iconfont='entypo-fontello' title='' data-avia-related-tooltip='Compartir en Whatsapp' rel=\"noopener\"><span class='avia_hidden_link_text'>Compartir en Whatsapp<\/span><\/a><\/li><li class='av-share-link av-social-link-linkedin' ><a target=\"_blank\" aria-label=\"Compartir en LinkedIn\" href='https:\/\/linkedin.com\/shareArticle?mini=true&#038;title=Realizan%20jornada%20sobre%20detecci%C3%B3n%20e%20intervenci%C3%B3n%20oportuna%20ante%20situaciones%20de%20Violencia%20contra%20las%20Mujeres%20y%20Diversidades%20Sexuales&#038;url=https:\/\/radiorevelacionfm.cl\/?p=20361' aria-hidden='false' data-av_icon='\ue8fc' data-av_iconfont='entypo-fontello' title='' data-avia-related-tooltip='Compartir en LinkedIn' rel=\"noopener\"><span class='avia_hidden_link_text'>Compartir en LinkedIn<\/span><\/a><\/li><li class='av-share-link av-social-link-mail' ><a  aria-label=\"Compartir por correo\" href='mailto:?subject=Realizan%20jornada%20sobre%20detecci%C3%B3n%20e%20intervenci%C3%B3n%20oportuna%20ante%20situaciones%20de%20Violencia%20contra%20las%20Mujeres%20y%20Diversidades%20Sexuales&#038;body=https:\/\/radiorevelacionfm.cl\/?p=20361' aria-hidden='false' data-av_icon='\ue805' data-av_iconfont='entypo-fontello' title='' data-avia-related-tooltip='Compartir por correo'><span class='avia_hidden_link_text'>Compartir por correo<\/span><\/a><\/li><\/ul><\/div><\/div>\n<div  style='height:50px' class='hr hr-invisible   avia-builder-el-8  el_after_av_social_share  el_before_av_comments_list '><span class='hr-inner ' ><span class='hr-inner-style'><\/span><\/span><\/div>\n<div  class='av-buildercomment  av-blog-meta-html-info-disabled av-blog-meta-tag-disabled  '><\/div>\n","protected":false},"excerpt":{"rendered":"","protected":false},"author":1,"featured_media":20362,"comment_status":"open","ping_status":"open","sticky":false,"template":"","format":"standard","meta":{"footnotes":""},"categories":[55],"tags":[],"class_list":["post-20361","post","type-post","status-publish","format-standard","has-post-thumbnail","hentry","category-justicia"],"jetpack_featured_media_url":"https:\/\/radiorevelacionfm.cl\/wp-content\/uploads\/2022\/08\/JORNADA-MINJU-INDH-2-2-1-1.jpg","_links":{"self":[{"href":"https:\/\/radiorevelacionfm.cl\/index.php?rest_route=\/wp\/v2\/posts\/20361","targetHints":{"allow":["GET"]}}],"collection":[{"href":"https:\/\/radiorevelacionfm.cl\/index.php?rest_route=\/wp\/v2\/posts"}],"about":[{"href":"https:\/\/radiorevelacionfm.cl\/index.php?rest_route=\/wp\/v2\/types\/post"}],"author":[{"embeddable":true,"href":"https:\/\/radiorevelacionfm.cl\/index.php?rest_route=\/wp\/v2\/users\/1"}],"replies":[{"embeddable":true,"href":"https:\/\/radiorevelacionfm.cl\/index.php?rest_route=%2Fwp%2Fv2%2Fcomments&post=20361"}],"version-history":[{"count":2,"href":"https:\/\/radiorevelacionfm.cl\/index.php?rest_route=\/wp\/v2\/posts\/20361\/revisions"}],"predecessor-version":[{"id":20385,"href":"https:\/\/radiorevelacionfm.cl\/index.php?rest_route=\/wp\/v2\/posts\/20361\/revisions\/20385"}],"wp:featuredmedia":[{"embeddable":true,"href":"https:\/\/radiorevelacionfm.cl\/index.php?rest_route=\/wp\/v2\/media\/20362"}],"wp:attachment":[{"href":"https:\/\/radiorevelacionfm.cl\/index.php?rest_route=%2Fwp%2Fv2%2Fmedia&parent=20361"}],"wp:term":[{"taxonomy":"category","embeddable":true,"href":"https:\/\/radiorevelacionfm.cl\/index.php?rest_route=%2Fwp%2Fv2%2Fcategories&post=20361"},{"taxonomy":"post_tag","embeddable":true,"href":"https:\/\/radiorevelacionfm.cl\/index.php?rest_route=%2Fwp%2Fv2%2Ftags&post=20361"}],"curies":[{"name":"wp","href":"https:\/\/api.w.org\/{rel}","templated":true}]}}