{"id":2036,"date":"2021-01-22T21:53:50","date_gmt":"2021-01-23T00:53:50","guid":{"rendered":"https:\/\/radiorevelacionfm.cl\/?p=2036"},"modified":"2021-01-22T21:53:50","modified_gmt":"2021-01-23T00:53:50","slug":"gobernador-destaca-comportamiento-ciudadano-en-periodo-de-cuarentena-en-aysen","status":"publish","type":"post","link":"https:\/\/radiorevelacionfm.cl\/?p=2036","title":{"rendered":"Gobernador destaca comportamiento ciudadano en periodo de Cuarentena en Ays\u00e9n"},"content":{"rendered":"<div class=\"flex_column av_one_full  flex_column_div av-zero-column-padding first  avia-builder-el-0  el_before_av_one_full  avia-builder-el-first  \" style='border-radius:0px; '><div  class='avia-image-container  av-styling-    avia-builder-el-1  avia-builder-el-no-sibling  avia-align-center '  itemprop=\"image\" itemscope=\"itemscope\" itemtype=\"https:\/\/schema.org\/ImageObject\"  ><div class='avia-image-container-inner'><div class='avia-image-overlay-wrap'><img decoding=\"async\" class='wp-image-0 avia-img-lazy-loading-not-0 avia_image' src=\"https:\/\/radiorevelacionfm.cl\/wp-content\/uploads\/2021\/01\/aysen3-1.jpg\" alt='' title=''   itemprop=\"thumbnailUrl\"  \/><\/div><\/div><\/div><\/div><div class=\"flex_column av_one_full  flex_column_div av-zero-column-padding first  avia-builder-el-2  el_after_av_one_full  el_before_av_one_full  column-top-margin\" style='border-radius:0px; '><section class=\"av_textblock_section \"  itemscope=\"itemscope\" itemtype=\"https:\/\/schema.org\/BlogPosting\" itemprop=\"blogPost\" ><div class='avia_textblock  '   itemprop=\"text\" ><p style=\"text-align: center;\"><span style=\"font-size: 18pt;\"><strong>Gobernador destaca comportamiento ciudadano en periodo de Cuarentena en Ays\u00e9n<\/strong><\/span><\/p>\n<div id=\"gtx-trans\" style=\"position: absolute; left: -50px; top: 4.31534px;\">\n<div class=\"gtx-trans-icon\"><\/div>\n<\/div>\n<\/div><\/section><\/div><div class=\"flex_column av_one_full  flex_column_div av-zero-column-padding first  avia-builder-el-4  el_after_av_one_full  el_before_av_hr  column-top-margin\" style='border-radius:0px; '><section class=\"av_textblock_section \"  itemscope=\"itemscope\" itemtype=\"https:\/\/schema.org\/BlogPosting\" itemprop=\"blogPost\" ><div class='avia_textblock  '   itemprop=\"text\" ><p style=\"text-align: justify;\">Una semana lleva en vigencia esta medida sanitaria.<\/p>\n<p style=\"text-align: justify;\">No fue f\u00e1cil aceptar esta medida impuesta por las autoridades sanitarias debido al aumento de casos de Covid positivo registrado en parte de la comuna de Ays\u00e9n, pero a medida que pasaron los d\u00edas la comunidad de Puerto Ays\u00e9n, Puerto Chacabuco e Islas Huichas acataron y recepcionaron de buena manera los distintos mensajes preventivos a disminuir la movilidad por las localidades antes mencionadas.<\/p>\n<p style=\"text-align: justify;\">Diariamente Ej\u00e9rcito, PDI, Carabineros y la Armada se re\u00fanen con el Gobernador Manuel Ortiz para analizar el comportamiento de los vecinos y vecinas, concordando hasta ahora que la disminuci\u00f3n de la gente por las calles se ha notado y eso es producto que la misma comunidad est\u00e1 colaborando para evitar el contagio del covid-19 y as\u00ed salir prontamente de esta cuarentena \u201cdesde el d\u00eda uno que nos estamos reuniendo ac\u00e1 en la gobernaci\u00f3n donde conversamos y analizamos cada una de las medidas que hemos implementando para poder controlar el contagio del covid-19 no s\u00f3lo en los lugares que est\u00e9n en cuarentena sino que tambi\u00e9n en toda nuestra provincia, es as\u00ed que la comunidad y en eso estamos sumamente agradecidos, ha escuchado y ha entendido muy bien el mensaje, porque han ocupado sus distintos permisos como corresponde y eso lo vemos en los distintos puntos de controles tanto de la PDI, Carabineros y el Ej\u00e9rcito\u201d se\u00f1alaba el Gobernador.<\/p>\n<p style=\"text-align: justify;\">Respecto del funcionamiento de la gobernaci\u00f3n la autoridad provincial indicaba \u201cla gobernaci\u00f3n de Ays\u00e9n y nuestros funcionarios est\u00e1n trabajando bajo dos modalidades, presencial y teletrabajo, ellos\/as no han descansado ning\u00fan minuto por atender los distintos requerimientos que nos plantea la comunidad, por ejemplo hemos tramitado cerca de 100 solicitudes de permisos que son esenciales para la gente y que no se pueden detener en esta cuarentena, agradezco enormemente la labor de todos y cada uno de los funcionarios de esta gobernaci\u00f3n\u201d.<\/p>\n<\/div><\/section><\/div><div  style='height:50px' class='hr hr-invisible   avia-builder-el-6  el_after_av_one_full  el_before_av_social_share '><span class='hr-inner ' ><span class='hr-inner-style'><\/span><\/span><\/div><\/p>\n<div  class='av-social-sharing-box  avia-builder-el-7  el_after_av_hr  el_before_av_hr  '><div class='av-share-box'><h5 class='av-share-link-description av-no-toc '>Compartir esta noticia<\/h5><ul class='av-share-box-list noLightbox'><li class='av-share-link av-social-link-facebook' ><a target=\"_blank\" aria-label=\"Compartir en Facebook\" href='https:\/\/www.facebook.com\/sharer.php?u=https:\/\/radiorevelacionfm.cl\/?p=2036&#038;t=Gobernador%20destaca%20comportamiento%20ciudadano%20en%20periodo%20de%20Cuarentena%20en%20Ays%C3%A9n' aria-hidden='false' data-av_icon='\ue8f3' data-av_iconfont='entypo-fontello' title='' data-avia-related-tooltip='Compartir en Facebook' rel=\"noopener\"><span class='avia_hidden_link_text'>Compartir en Facebook<\/span><\/a><\/li><li class='av-share-link av-social-link-twitter' ><a target=\"_blank\" aria-label=\"Compartir en Twitter\" href='https:\/\/twitter.com\/share?text=Gobernador%20destaca%20comportamiento%20ciudadano%20en%20periodo%20de%20Cuarentena%20en%20Ays%C3%A9n&#038;url=https:\/\/radiorevelacionfm.cl\/?p=2036' aria-hidden='false' data-av_icon='\ue8f1' data-av_iconfont='entypo-fontello' title='' data-avia-related-tooltip='Compartir en Twitter' rel=\"noopener\"><span class='avia_hidden_link_text'>Compartir en Twitter<\/span><\/a><\/li><li class='av-share-link av-social-link-whatsapp' ><a target=\"_blank\" aria-label=\"Compartir en Whatsapp\" href='https:\/\/api.whatsapp.com\/send?text=https:\/\/radiorevelacionfm.cl\/?p=2036' aria-hidden='false' data-av_icon='\uf232' data-av_iconfont='entypo-fontello' title='' data-avia-related-tooltip='Compartir en Whatsapp' rel=\"noopener\"><span class='avia_hidden_link_text'>Compartir en Whatsapp<\/span><\/a><\/li><li class='av-share-link av-social-link-linkedin' ><a target=\"_blank\" aria-label=\"Compartir en LinkedIn\" href='https:\/\/linkedin.com\/shareArticle?mini=true&#038;title=Gobernador%20destaca%20comportamiento%20ciudadano%20en%20periodo%20de%20Cuarentena%20en%20Ays%C3%A9n&#038;url=https:\/\/radiorevelacionfm.cl\/?p=2036' aria-hidden='false' data-av_icon='\ue8fc' data-av_iconfont='entypo-fontello' title='' data-avia-related-tooltip='Compartir en LinkedIn' rel=\"noopener\"><span class='avia_hidden_link_text'>Compartir en LinkedIn<\/span><\/a><\/li><li class='av-share-link av-social-link-mail' ><a  aria-label=\"Compartir por correo\" href='mailto:?subject=Gobernador%20destaca%20comportamiento%20ciudadano%20en%20periodo%20de%20Cuarentena%20en%20Ays%C3%A9n&#038;body=https:\/\/radiorevelacionfm.cl\/?p=2036' aria-hidden='false' data-av_icon='\ue805' data-av_iconfont='entypo-fontello' title='' data-avia-related-tooltip='Compartir por correo'><span class='avia_hidden_link_text'>Compartir por correo<\/span><\/a><\/li><\/ul><\/div><\/div>\n<div  style='height:50px' class='hr hr-invisible   avia-builder-el-8  el_after_av_social_share  el_before_av_comments_list '><span class='hr-inner ' ><span class='hr-inner-style'><\/span><\/span><\/div>\n<div  class='av-buildercomment  av-blog-meta-html-info-disabled av-blog-meta-tag-disabled  '><\/div>\n","protected":false},"excerpt":{"rendered":"","protected":false},"author":1,"featured_media":0,"comment_status":"open","ping_status":"open","sticky":false,"template":"","format":"standard","meta":{"footnotes":""},"categories":[38],"tags":[],"class_list":["post-2036","post","type-post","status-publish","format-standard","hentry","category-regional"],"jetpack_featured_media_url":"","_links":{"self":[{"href":"https:\/\/radiorevelacionfm.cl\/index.php?rest_route=\/wp\/v2\/posts\/2036","targetHints":{"allow":["GET"]}}],"collection":[{"href":"https:\/\/radiorevelacionfm.cl\/index.php?rest_route=\/wp\/v2\/posts"}],"about":[{"href":"https:\/\/radiorevelacionfm.cl\/index.php?rest_route=\/wp\/v2\/types\/post"}],"author":[{"embeddable":true,"href":"https:\/\/radiorevelacionfm.cl\/index.php?rest_route=\/wp\/v2\/users\/1"}],"replies":[{"embeddable":true,"href":"https:\/\/radiorevelacionfm.cl\/index.php?rest_route=%2Fwp%2Fv2%2Fcomments&post=2036"}],"version-history":[{"count":1,"href":"https:\/\/radiorevelacionfm.cl\/index.php?rest_route=\/wp\/v2\/posts\/2036\/revisions"}],"predecessor-version":[{"id":2038,"href":"https:\/\/radiorevelacionfm.cl\/index.php?rest_route=\/wp\/v2\/posts\/2036\/revisions\/2038"}],"wp:attachment":[{"href":"https:\/\/radiorevelacionfm.cl\/index.php?rest_route=%2Fwp%2Fv2%2Fmedia&parent=2036"}],"wp:term":[{"taxonomy":"category","embeddable":true,"href":"https:\/\/radiorevelacionfm.cl\/index.php?rest_route=%2Fwp%2Fv2%2Fcategories&post=2036"},{"taxonomy":"post_tag","embeddable":true,"href":"https:\/\/radiorevelacionfm.cl\/index.php?rest_route=%2Fwp%2Fv2%2Ftags&post=2036"}],"curies":[{"name":"wp","href":"https:\/\/api.w.org\/{rel}","templated":true}]}}