{"id":20357,"date":"2022-08-10T20:34:39","date_gmt":"2022-08-10T23:34:39","guid":{"rendered":"https:\/\/radiorevelacionfm.cl\/?p=20357"},"modified":"2022-08-10T20:34:39","modified_gmt":"2022-08-10T23:34:39","slug":"con-representantes-de-guaitecas-a-tortel-se-realiza-encuentro-del-registro-social-de-hogares","status":"publish","type":"post","link":"https:\/\/radiorevelacionfm.cl\/?p=20357","title":{"rendered":"Con representantes de Guaitecas a Tortel se realiza encuentro del Registro Social de Hogares"},"content":{"rendered":"<div class=\"flex_column av_one_full  flex_column_div av-zero-column-padding first  avia-builder-el-0  el_before_av_one_full  avia-builder-el-first  \" style='border-radius:0px; '><div  class='avia-image-container  av-styling-    avia-builder-el-1  avia-builder-el-no-sibling  avia-align-center '  itemprop=\"image\" itemscope=\"itemscope\" itemtype=\"https:\/\/schema.org\/ImageObject\"  ><div class='avia-image-container-inner'><div class='avia-image-overlay-wrap'><img decoding=\"async\" class='wp-image-20358 avia-img-lazy-loading-not-20358 avia_image' src=\"https:\/\/radiorevelacionfm.cl\/wp-content\/uploads\/2022\/08\/Encuentro-RSH-1-1.jpg\" alt='' title='Encuentro RSH (1) (1)' height=\"600\" width=\"961\"  itemprop=\"thumbnailUrl\" srcset=\"https:\/\/radiorevelacionfm.cl\/wp-content\/uploads\/2022\/08\/Encuentro-RSH-1-1.jpg 961w, https:\/\/radiorevelacionfm.cl\/wp-content\/uploads\/2022\/08\/Encuentro-RSH-1-1-300x187.jpg 300w, https:\/\/radiorevelacionfm.cl\/wp-content\/uploads\/2022\/08\/Encuentro-RSH-1-1-768x480.jpg 768w, https:\/\/radiorevelacionfm.cl\/wp-content\/uploads\/2022\/08\/Encuentro-RSH-1-1-705x440.jpg 705w, https:\/\/radiorevelacionfm.cl\/wp-content\/uploads\/2022\/08\/Encuentro-RSH-1-1-600x375.jpg 600w\" sizes=\"(max-width: 961px) 100vw, 961px\" \/><\/div><\/div><\/div><\/div><div class=\"flex_column av_one_full  flex_column_div av-zero-column-padding first  avia-builder-el-2  el_after_av_one_full  el_before_av_one_full  column-top-margin\" style='border-radius:0px; '><section class=\"av_textblock_section \"  itemscope=\"itemscope\" itemtype=\"https:\/\/schema.org\/BlogPosting\" itemprop=\"blogPost\" ><div class='avia_textblock  '   itemprop=\"text\" ><p style=\"text-align: center;\"><span style=\"font-size: 18pt;\"><strong>Con representantes de Guaitecas a Tortel se realiza encuentro del Registro Social de Hogares<\/strong><\/span><\/p>\n<div id=\"gtx-trans\" style=\"position: absolute; left: -50px; top: 4.31534px;\">\n<div class=\"gtx-trans-icon\"><\/div>\n<\/div>\n<\/div><\/section><\/div><div class=\"flex_column av_one_full  flex_column_div av-zero-column-padding first  avia-builder-el-4  el_after_av_one_full  el_before_av_hr  column-top-margin\" style='border-radius:0px; '><section class=\"av_textblock_section \"  itemscope=\"itemscope\" itemtype=\"https:\/\/schema.org\/BlogPosting\" itemprop=\"blogPost\" ><div class='avia_textblock  '   itemprop=\"text\" ><p style=\"text-align: justify;\">En el marco del constante acompa\u00f1amiento a los equipos t\u00e9cnicos comunales ejecutores del Registro Social de Hogares, la\u00a0 Secretar\u00eda Regional Ministerio de Desarrollo Social y Familia realiz\u00f3 una convocatoria a todos los municipios de la Regi\u00f3n de Ays\u00e9n para que se dieran cita en una jornada que permitiera por una parte reforzar los conocimientos sobre los protocolos para la tramitaci\u00f3n de solicitudes como para socializar las nuevas actualizaciones al instrumento. A la actividad que asistieron m\u00e1s de 15 profesionales de distintos puntos de la Regi\u00f3n de Ays\u00e9n se sum\u00f3 una funcionaria del nivel central del Ministerio.<\/p>\n<p style=\"text-align: justify;\">Karina Acevedo Auad, SEREMI de Desarrollo Social y Familia, explic\u00f3 que este tipo de actividades se relaciona con el mandato del Presidente Gabriel Boric de articular a las entidades y oferta p\u00fablica entorno a las caracter\u00edsticas propias del territorio y las necesidades de la comunidad. \u201cHoy parti\u00f3 esta capacitaci\u00f3n sobre el Registro Social de Hogares donde hemos invitados a todos los equipos t\u00e9cnicos a trav\u00e9s de sus Alcaldes y Didecos para poder actualizar los conocimientos, ver qu\u00e9 es lo que pasa en las comunas y que este instrumento tenga la informaci\u00f3n necesaria para que todos los chilenos y chilenas puedan acceder a los beneficios del Estado que les corresponde. El Presidente nos ha solicitado encarecidamente levantar la informaci\u00f3n de los territorios y ponerla a disposici\u00f3n de los ministerios y servicios correspondientes\u201d.<\/p>\n<p style=\"text-align: justify;\">Juliano Cubillos Paredes, encargado del Registro Social de Hogares en la comuna de Tortel, agradeci\u00f3 la oportunidad de reunirse con equipos regionales y nacionales del ministerio pues le permite nutrir y fortalecer el trabajo que ellos realizan con la comunidad de su comuna. \u201cEs importante estar actualizado sobre los instrumentos, oferta program\u00e1tica y beneficios del Estado pues esto nos permite dar respuestas m\u00e1s r\u00e1pidas y profesionales a nuestros vecinos y vecinas. As\u00ed es que agradecemos la posibilidad de participar de un encuentro que nos permite adem\u00e1s conocer las nuevas pol\u00edticas que vienen a regir el Registro Social de Hogares para este 2022\u201d.<\/p>\n<p style=\"text-align: justify;\">Por su parte, Paola Jara Bravo, encargada del \u00c1rea de Gesti\u00f3n Social en la Municipalidad de Guaitecas, enfatiz\u00f3 la importancia de una instancia que permite abordar en detalle un instrumento de medici\u00f3n que sirve como insumo para definir los distintos par\u00e1metros que permiten acceder a un determinado beneficio o derecho. \u201cEl tener actualizado nuestros conocimientos nos permite tener mayor precisi\u00f3n con los criterios que se toman respecto\u00a0 los grupos familiares. Los insto a seguir desarrollando este tipo de actividades que nos ayuda a desarrollar de mejor manera nuestro trabajo y\u00a0 nos permite crecer profesionalmente\u201d, finaliz\u00f3 la profesional de la comuna ubicada m\u00e1s al norte en la Regi\u00f3n de Ays\u00e9n.<\/p>\n<\/div><\/section><\/div><div  style='height:50px' class='hr hr-invisible   avia-builder-el-6  el_after_av_one_full  el_before_av_social_share '><span class='hr-inner ' ><span class='hr-inner-style'><\/span><\/span><\/div><\/p>\n<div  class='av-social-sharing-box  avia-builder-el-7  el_after_av_hr  el_before_av_hr  '><div class='av-share-box'><h5 class='av-share-link-description av-no-toc '>Compartir esta noticia<\/h5><ul class='av-share-box-list noLightbox'><li class='av-share-link av-social-link-facebook' ><a target=\"_blank\" aria-label=\"Compartir en Facebook\" href='https:\/\/www.facebook.com\/sharer.php?u=https:\/\/radiorevelacionfm.cl\/?p=20357&#038;t=Con%20representantes%20de%20Guaitecas%20a%20Tortel%20se%20realiza%20encuentro%20del%20Registro%20Social%20de%20Hogares' aria-hidden='false' data-av_icon='\ue8f3' data-av_iconfont='entypo-fontello' title='' data-avia-related-tooltip='Compartir en Facebook' rel=\"noopener\"><span class='avia_hidden_link_text'>Compartir en Facebook<\/span><\/a><\/li><li class='av-share-link av-social-link-twitter' ><a target=\"_blank\" aria-label=\"Compartir en Twitter\" href='https:\/\/twitter.com\/share?text=Con%20representantes%20de%20Guaitecas%20a%20Tortel%20se%20realiza%20encuentro%20del%20Registro%20Social%20de%20Hogares&#038;url=https:\/\/radiorevelacionfm.cl\/?p=20357' aria-hidden='false' data-av_icon='\ue8f1' data-av_iconfont='entypo-fontello' title='' data-avia-related-tooltip='Compartir en Twitter' rel=\"noopener\"><span class='avia_hidden_link_text'>Compartir en Twitter<\/span><\/a><\/li><li class='av-share-link av-social-link-whatsapp' ><a target=\"_blank\" aria-label=\"Compartir en Whatsapp\" href='https:\/\/api.whatsapp.com\/send?text=https:\/\/radiorevelacionfm.cl\/?p=20357' aria-hidden='false' data-av_icon='\uf232' data-av_iconfont='entypo-fontello' title='' data-avia-related-tooltip='Compartir en Whatsapp' rel=\"noopener\"><span class='avia_hidden_link_text'>Compartir en Whatsapp<\/span><\/a><\/li><li class='av-share-link av-social-link-linkedin' ><a target=\"_blank\" aria-label=\"Compartir en LinkedIn\" href='https:\/\/linkedin.com\/shareArticle?mini=true&#038;title=Con%20representantes%20de%20Guaitecas%20a%20Tortel%20se%20realiza%20encuentro%20del%20Registro%20Social%20de%20Hogares&#038;url=https:\/\/radiorevelacionfm.cl\/?p=20357' aria-hidden='false' data-av_icon='\ue8fc' data-av_iconfont='entypo-fontello' title='' data-avia-related-tooltip='Compartir en LinkedIn' rel=\"noopener\"><span class='avia_hidden_link_text'>Compartir en LinkedIn<\/span><\/a><\/li><li class='av-share-link av-social-link-mail' ><a  aria-label=\"Compartir por correo\" href='mailto:?subject=Con%20representantes%20de%20Guaitecas%20a%20Tortel%20se%20realiza%20encuentro%20del%20Registro%20Social%20de%20Hogares&#038;body=https:\/\/radiorevelacionfm.cl\/?p=20357' aria-hidden='false' data-av_icon='\ue805' data-av_iconfont='entypo-fontello' title='' data-avia-related-tooltip='Compartir por correo'><span class='avia_hidden_link_text'>Compartir por correo<\/span><\/a><\/li><\/ul><\/div><\/div>\n<div  style='height:50px' class='hr hr-invisible   avia-builder-el-8  el_after_av_social_share  el_before_av_comments_list '><span class='hr-inner ' ><span class='hr-inner-style'><\/span><\/span><\/div>\n<div  class='av-buildercomment  av-blog-meta-html-info-disabled av-blog-meta-tag-disabled  '><\/div>\n","protected":false},"excerpt":{"rendered":"","protected":false},"author":1,"featured_media":20358,"comment_status":"open","ping_status":"open","sticky":false,"template":"","format":"standard","meta":{"footnotes":""},"categories":[38],"tags":[],"class_list":["post-20357","post","type-post","status-publish","format-standard","has-post-thumbnail","hentry","category-regional"],"jetpack_featured_media_url":"https:\/\/radiorevelacionfm.cl\/wp-content\/uploads\/2022\/08\/Encuentro-RSH-1-1.jpg","_links":{"self":[{"href":"https:\/\/radiorevelacionfm.cl\/index.php?rest_route=\/wp\/v2\/posts\/20357","targetHints":{"allow":["GET"]}}],"collection":[{"href":"https:\/\/radiorevelacionfm.cl\/index.php?rest_route=\/wp\/v2\/posts"}],"about":[{"href":"https:\/\/radiorevelacionfm.cl\/index.php?rest_route=\/wp\/v2\/types\/post"}],"author":[{"embeddable":true,"href":"https:\/\/radiorevelacionfm.cl\/index.php?rest_route=\/wp\/v2\/users\/1"}],"replies":[{"embeddable":true,"href":"https:\/\/radiorevelacionfm.cl\/index.php?rest_route=%2Fwp%2Fv2%2Fcomments&post=20357"}],"version-history":[{"count":2,"href":"https:\/\/radiorevelacionfm.cl\/index.php?rest_route=\/wp\/v2\/posts\/20357\/revisions"}],"predecessor-version":[{"id":20378,"href":"https:\/\/radiorevelacionfm.cl\/index.php?rest_route=\/wp\/v2\/posts\/20357\/revisions\/20378"}],"wp:featuredmedia":[{"embeddable":true,"href":"https:\/\/radiorevelacionfm.cl\/index.php?rest_route=\/wp\/v2\/media\/20358"}],"wp:attachment":[{"href":"https:\/\/radiorevelacionfm.cl\/index.php?rest_route=%2Fwp%2Fv2%2Fmedia&parent=20357"}],"wp:term":[{"taxonomy":"category","embeddable":true,"href":"https:\/\/radiorevelacionfm.cl\/index.php?rest_route=%2Fwp%2Fv2%2Fcategories&post=20357"},{"taxonomy":"post_tag","embeddable":true,"href":"https:\/\/radiorevelacionfm.cl\/index.php?rest_route=%2Fwp%2Fv2%2Ftags&post=20357"}],"curies":[{"name":"wp","href":"https:\/\/api.w.org\/{rel}","templated":true}]}}