{"id":20353,"date":"2022-08-10T16:40:42","date_gmt":"2022-08-10T19:40:42","guid":{"rendered":"https:\/\/radiorevelacionfm.cl\/?p=20353"},"modified":"2022-08-10T16:40:42","modified_gmt":"2022-08-10T19:40:42","slug":"salud-reitera-importancia-del-autocuidado-en-el-mes-del-corazon","status":"publish","type":"post","link":"https:\/\/radiorevelacionfm.cl\/?p=20353","title":{"rendered":"Salud reitera importancia del autocuidado en el Mes del Coraz\u00f3n"},"content":{"rendered":"<div class=\"flex_column av_one_full  flex_column_div av-zero-column-padding first  avia-builder-el-0  el_before_av_one_full  avia-builder-el-first  \" style='border-radius:0px; '><div  class='avia-image-container  av-styling-    avia-builder-el-1  avia-builder-el-no-sibling  avia-align-center '  itemprop=\"image\" itemscope=\"itemscope\" itemtype=\"https:\/\/schema.org\/ImageObject\"  ><div class='avia-image-container-inner'><div class='avia-image-overlay-wrap'><img decoding=\"async\" class='wp-image-20354 avia-img-lazy-loading-not-20354 avia_image' src=\"https:\/\/radiorevelacionfm.cl\/wp-content\/uploads\/2022\/08\/autocuidado-mes-corazon1-1_optimized-1.jpg\" alt='' title='autocuidado-mes-coraz\u00f3n1-(1)_optimized (1)' height=\"600\" width=\"876\"  itemprop=\"thumbnailUrl\" srcset=\"https:\/\/radiorevelacionfm.cl\/wp-content\/uploads\/2022\/08\/autocuidado-mes-corazon1-1_optimized-1.jpg 876w, https:\/\/radiorevelacionfm.cl\/wp-content\/uploads\/2022\/08\/autocuidado-mes-corazon1-1_optimized-1-300x205.jpg 300w, https:\/\/radiorevelacionfm.cl\/wp-content\/uploads\/2022\/08\/autocuidado-mes-corazon1-1_optimized-1-768x526.jpg 768w, https:\/\/radiorevelacionfm.cl\/wp-content\/uploads\/2022\/08\/autocuidado-mes-corazon1-1_optimized-1-705x483.jpg 705w, https:\/\/radiorevelacionfm.cl\/wp-content\/uploads\/2022\/08\/autocuidado-mes-corazon1-1_optimized-1-600x411.jpg 600w\" sizes=\"(max-width: 876px) 100vw, 876px\" \/><\/div><\/div><\/div><\/div><div class=\"flex_column av_one_full  flex_column_div av-zero-column-padding first  avia-builder-el-2  el_after_av_one_full  el_before_av_one_full  column-top-margin\" style='border-radius:0px; '><section class=\"av_textblock_section \"  itemscope=\"itemscope\" itemtype=\"https:\/\/schema.org\/BlogPosting\" itemprop=\"blogPost\" ><div class='avia_textblock  '   itemprop=\"text\" ><p style=\"text-align: center;\"><span style=\"font-size: 18pt;\"><strong>Salud reitera importancia del autocuidado en el Mes del Coraz\u00f3n <\/strong><\/span><\/p>\n<div id=\"gtx-trans\" style=\"position: absolute; left: -50px; top: 4.31534px;\">\n<div class=\"gtx-trans-icon\"><\/div>\n<\/div>\n<\/div><\/section><\/div><div class=\"flex_column av_one_full  flex_column_div av-zero-column-padding first  avia-builder-el-4  el_after_av_one_full  el_before_av_hr  column-top-margin\" style='border-radius:0px; '><section class=\"av_textblock_section \"  itemscope=\"itemscope\" itemtype=\"https:\/\/schema.org\/BlogPosting\" itemprop=\"blogPost\" ><div class='avia_textblock  '   itemprop=\"text\" ><p style=\"text-align: justify;\">Ante la presencia de usuarios y profesionales del CESFAM de Puerto Ays\u00e9n, se llev\u00f3 a cabo el lanzamiento del Mes del Coraz\u00f3n, actividad que en esta oportunidad tiene como lema \u201cCuida tu coraz\u00f3n. La enfermedad cardiovascular mata\u201d donde se busca reforzar las medidas de autocuidado respecto a mantener estilos de vida saludable para prevenir enfermedades cardiovasculares; situaci\u00f3n que en el caso de la regi\u00f3n de Ays\u00e9n, constituye la segunda causa de fallecimientos entre la poblaci\u00f3n local (178 casos durante el a\u00f1o 2021).<\/p>\n<p style=\"text-align: justify;\">As\u00ed lo manifest\u00f3 la Seremi de Salud Ays\u00e9n, Carmen Monsalve, qui\u00e9n adem\u00e1s valor\u00f3 el trabajo en conjunto que se realiza entre todos los sectores de salud para potenciar los cuidados frente a las enfermedades cardiovasculares.\u00a0 \u201cEn el CESFAM de Puerto Ays\u00e9n lanzamos este hito que da inicio a la celebraci\u00f3n del mes del coraz\u00f3n.\u00a0 Lo importante es poder trabajar en conjunto como sector, sembrando la promoci\u00f3n y prevenci\u00f3n para evitar que nuestra ciudadan\u00eda se enferme, a prop\u00f3sito de los factores de riesgo que nos puedan llevar a un infarto al coraz\u00f3n o un accidente cerebrovascular.\u00a0 En nuestra regi\u00f3n, hoy las enfermedades cardiovasculares ocupan la segunda causa de muerte, y hay muchos factores de riesgo que se pueden intervenir para evitar que estas enfermedades causen la mortalidad en nuestra comunidad\u201d, puntualiz\u00f3.<\/p>\n<p style=\"text-align: justify;\">Dentro de las principales medidas de autocuidado, se encuentra mantener estilos de vida saludable, como mantener una alimentaci\u00f3n balanceada y realizar actividad f\u00edsica en forma peri\u00f3dica, tal como lo manifest\u00f3 la Dra. Bel\u00e9n Morales, Encargada del Programa de Salud Cardiovascular del CESFAM de Puerto Ays\u00e9n. \u201cLa primera recomendaci\u00f3n es hacerse un chequeo como el examen m\u00e9dico preventivo de forma anual, este examen se puede solicitar directamente en el CESFAM o centros de salud, el cual se realiza durante todo el a\u00f1o. Adem\u00e1s, es importante mantener un peso saludable lo cual est\u00e1 muy relacionado con tener una alimentaci\u00f3n sana que incorpore frutas y verduras de forma regular; al igual que hacer ejercicio, el ejercicio es tan importante como respirar, como dormir, es una necesidad fisiol\u00f3gica del cuerpo, incluso se recomienda que uno haga actividad f\u00edsica como m\u00ednimo 50 minutos, tres veces a la semana\u201d.<\/p>\n<p style=\"text-align: justify;\">De esta forma, es importante mencionar que los ex\u00e1menes de medicina preventiva pueden ser solicitados directamente en los centros de salud p\u00fablica, mientras que en el caso de usuarios particulares, deben tomar contacto con sus ISAPRES.<\/p>\n<p style=\"text-align: justify;\">La evidencia nos se\u00f1ala que el tabaquismo, la hipertensi\u00f3n arterial, la diabetes, el colesterol elevado, obesidad, sedentarismo y dieta no saludable son los principales factores de riesgo de un IAM, por lo que el 80% de las enfermedades cardio cerebrovasculares son evitables, de acuerdo a la OMS, siguiendo Estilos de Vida Saludables.<\/p>\n<\/div><\/section><\/div><div  style='height:50px' class='hr hr-invisible   avia-builder-el-6  el_after_av_one_full  el_before_av_social_share '><span class='hr-inner ' ><span class='hr-inner-style'><\/span><\/span><\/div><\/p>\n<div  class='av-social-sharing-box  avia-builder-el-7  el_after_av_hr  el_before_av_hr  '><div class='av-share-box'><h5 class='av-share-link-description av-no-toc '>Compartir esta noticia<\/h5><ul class='av-share-box-list noLightbox'><li class='av-share-link av-social-link-facebook' ><a target=\"_blank\" aria-label=\"Compartir en Facebook\" href='https:\/\/www.facebook.com\/sharer.php?u=https:\/\/radiorevelacionfm.cl\/?p=20353&#038;t=Salud%20reitera%20importancia%20del%20autocuidado%20en%20el%20Mes%20del%20Coraz%C3%B3n' aria-hidden='false' data-av_icon='\ue8f3' data-av_iconfont='entypo-fontello' title='' data-avia-related-tooltip='Compartir en Facebook' rel=\"noopener\"><span class='avia_hidden_link_text'>Compartir en Facebook<\/span><\/a><\/li><li class='av-share-link av-social-link-twitter' ><a target=\"_blank\" aria-label=\"Compartir en Twitter\" href='https:\/\/twitter.com\/share?text=Salud%20reitera%20importancia%20del%20autocuidado%20en%20el%20Mes%20del%20Coraz%C3%B3n&#038;url=https:\/\/radiorevelacionfm.cl\/?p=20353' aria-hidden='false' data-av_icon='\ue8f1' data-av_iconfont='entypo-fontello' title='' data-avia-related-tooltip='Compartir en Twitter' rel=\"noopener\"><span class='avia_hidden_link_text'>Compartir en Twitter<\/span><\/a><\/li><li class='av-share-link av-social-link-whatsapp' ><a target=\"_blank\" aria-label=\"Compartir en Whatsapp\" href='https:\/\/api.whatsapp.com\/send?text=https:\/\/radiorevelacionfm.cl\/?p=20353' aria-hidden='false' data-av_icon='\uf232' data-av_iconfont='entypo-fontello' title='' data-avia-related-tooltip='Compartir en Whatsapp' rel=\"noopener\"><span class='avia_hidden_link_text'>Compartir en Whatsapp<\/span><\/a><\/li><li class='av-share-link av-social-link-linkedin' ><a target=\"_blank\" aria-label=\"Compartir en LinkedIn\" href='https:\/\/linkedin.com\/shareArticle?mini=true&#038;title=Salud%20reitera%20importancia%20del%20autocuidado%20en%20el%20Mes%20del%20Coraz%C3%B3n&#038;url=https:\/\/radiorevelacionfm.cl\/?p=20353' aria-hidden='false' data-av_icon='\ue8fc' data-av_iconfont='entypo-fontello' title='' data-avia-related-tooltip='Compartir en LinkedIn' rel=\"noopener\"><span class='avia_hidden_link_text'>Compartir en LinkedIn<\/span><\/a><\/li><li class='av-share-link av-social-link-mail' ><a  aria-label=\"Compartir por correo\" href='mailto:?subject=Salud%20reitera%20importancia%20del%20autocuidado%20en%20el%20Mes%20del%20Coraz%C3%B3n&#038;body=https:\/\/radiorevelacionfm.cl\/?p=20353' aria-hidden='false' data-av_icon='\ue805' data-av_iconfont='entypo-fontello' title='' data-avia-related-tooltip='Compartir por correo'><span class='avia_hidden_link_text'>Compartir por correo<\/span><\/a><\/li><\/ul><\/div><\/div>\n<div  style='height:50px' class='hr hr-invisible   avia-builder-el-8  el_after_av_social_share  el_before_av_comments_list '><span class='hr-inner ' ><span class='hr-inner-style'><\/span><\/span><\/div>\n<div  class='av-buildercomment  av-blog-meta-html-info-disabled av-blog-meta-tag-disabled  '><\/div>\n","protected":false},"excerpt":{"rendered":"","protected":false},"author":1,"featured_media":20354,"comment_status":"open","ping_status":"open","sticky":false,"template":"","format":"standard","meta":{"footnotes":""},"categories":[46],"tags":[],"class_list":["post-20353","post","type-post","status-publish","format-standard","has-post-thumbnail","hentry","category-salud"],"jetpack_featured_media_url":"https:\/\/radiorevelacionfm.cl\/wp-content\/uploads\/2022\/08\/autocuidado-mes-corazon1-1_optimized-1.jpg","_links":{"self":[{"href":"https:\/\/radiorevelacionfm.cl\/index.php?rest_route=\/wp\/v2\/posts\/20353","targetHints":{"allow":["GET"]}}],"collection":[{"href":"https:\/\/radiorevelacionfm.cl\/index.php?rest_route=\/wp\/v2\/posts"}],"about":[{"href":"https:\/\/radiorevelacionfm.cl\/index.php?rest_route=\/wp\/v2\/types\/post"}],"author":[{"embeddable":true,"href":"https:\/\/radiorevelacionfm.cl\/index.php?rest_route=\/wp\/v2\/users\/1"}],"replies":[{"embeddable":true,"href":"https:\/\/radiorevelacionfm.cl\/index.php?rest_route=%2Fwp%2Fv2%2Fcomments&post=20353"}],"version-history":[{"count":2,"href":"https:\/\/radiorevelacionfm.cl\/index.php?rest_route=\/wp\/v2\/posts\/20353\/revisions"}],"predecessor-version":[{"id":20356,"href":"https:\/\/radiorevelacionfm.cl\/index.php?rest_route=\/wp\/v2\/posts\/20353\/revisions\/20356"}],"wp:featuredmedia":[{"embeddable":true,"href":"https:\/\/radiorevelacionfm.cl\/index.php?rest_route=\/wp\/v2\/media\/20354"}],"wp:attachment":[{"href":"https:\/\/radiorevelacionfm.cl\/index.php?rest_route=%2Fwp%2Fv2%2Fmedia&parent=20353"}],"wp:term":[{"taxonomy":"category","embeddable":true,"href":"https:\/\/radiorevelacionfm.cl\/index.php?rest_route=%2Fwp%2Fv2%2Fcategories&post=20353"},{"taxonomy":"post_tag","embeddable":true,"href":"https:\/\/radiorevelacionfm.cl\/index.php?rest_route=%2Fwp%2Fv2%2Ftags&post=20353"}],"curies":[{"name":"wp","href":"https:\/\/api.w.org\/{rel}","templated":true}]}}