{"id":20345,"date":"2022-08-10T15:54:26","date_gmt":"2022-08-10T18:54:26","guid":{"rendered":"https:\/\/radiorevelacionfm.cl\/?p=20345"},"modified":"2022-08-10T16:09:00","modified_gmt":"2022-08-10T19:09:00","slug":"molestia-existe-en-la-comunidad-de-puerto-gala-ya-que-no-podran-votar-en-su-localidad-en-el-proximo-plebiscito","status":"publish","type":"post","link":"https:\/\/radiorevelacionfm.cl\/?p=20345","title":{"rendered":"Molestia existe en la comunidad de Puerto Gala ya que no podr\u00e1n votar en su localidad en el pr\u00f3ximo Plebiscito"},"content":{"rendered":"<div class=\"flex_column av_one_full  flex_column_div av-zero-column-padding first  avia-builder-el-0  el_before_av_one_full  avia-builder-el-first  \" style='border-radius:0px; '><div  class='avia-image-container  av-styling-    avia-builder-el-1  avia-builder-el-no-sibling  avia-align-center '  itemprop=\"image\" itemscope=\"itemscope\" itemtype=\"https:\/\/schema.org\/ImageObject\"  ><div class='avia-image-container-inner'><div class='avia-image-overlay-wrap'><img decoding=\"async\" class='wp-image-20346 avia-img-lazy-loading-not-20346 avia_image' src=\"https:\/\/radiorevelacionfm.cl\/wp-content\/uploads\/2022\/08\/292172848_563125785528406_290103160319827127_n-1-1_optimized-1.jpg\" alt='' title='292172848_563125785528406_290103160319827127_n-(1)-(1)_optimized (1)' height=\"600\" width=\"1067\"  itemprop=\"thumbnailUrl\" srcset=\"https:\/\/radiorevelacionfm.cl\/wp-content\/uploads\/2022\/08\/292172848_563125785528406_290103160319827127_n-1-1_optimized-1.jpg 1067w, https:\/\/radiorevelacionfm.cl\/wp-content\/uploads\/2022\/08\/292172848_563125785528406_290103160319827127_n-1-1_optimized-1-300x169.jpg 300w, https:\/\/radiorevelacionfm.cl\/wp-content\/uploads\/2022\/08\/292172848_563125785528406_290103160319827127_n-1-1_optimized-1-1030x579.jpg 1030w, https:\/\/radiorevelacionfm.cl\/wp-content\/uploads\/2022\/08\/292172848_563125785528406_290103160319827127_n-1-1_optimized-1-768x432.jpg 768w, https:\/\/radiorevelacionfm.cl\/wp-content\/uploads\/2022\/08\/292172848_563125785528406_290103160319827127_n-1-1_optimized-1-705x396.jpg 705w, https:\/\/radiorevelacionfm.cl\/wp-content\/uploads\/2022\/08\/292172848_563125785528406_290103160319827127_n-1-1_optimized-1-600x337.jpg 600w\" sizes=\"(max-width: 1067px) 100vw, 1067px\" \/><\/div><\/div><\/div><\/div>\n<div class=\"flex_column av_one_full  flex_column_div av-zero-column-padding first  avia-builder-el-2  el_after_av_one_full  el_before_av_one_full  column-top-margin\" style='border-radius:0px; '><section class=\"av_textblock_section \"  itemscope=\"itemscope\" itemtype=\"https:\/\/schema.org\/BlogPosting\" itemprop=\"blogPost\" ><div class='avia_textblock  '   itemprop=\"text\" ><p style=\"text-align: center;\"><strong><span style=\"font-size: 18pt;\">Molestia existe en la comunidad de Puerto Gala ya que no podr\u00e1n votar en su localidad en el pr\u00f3ximo Plebiscito<\/span><\/strong><\/p>\n<div id=\"gtx-trans\" style=\"position: absolute; left: -50px; top: 4.31534px;\">\n<div class=\"gtx-trans-icon\"><\/div>\n<\/div>\n<\/div><\/section><\/div>\n<div class=\"flex_column av_one_full  flex_column_div av-zero-column-padding first  avia-builder-el-4  el_after_av_one_full  el_before_av_hr  column-top-margin\" style='border-radius:0px; '><section class=\"av_textblock_section \"  itemscope=\"itemscope\" itemtype=\"https:\/\/schema.org\/BlogPosting\" itemprop=\"blogPost\" ><div class='avia_textblock  '   itemprop=\"text\" ><p style=\"text-align: justify;\">Esto debido a que recientemente el SERVEL, inform\u00f3 que Puerto Gala no ser\u00e1 habilitado para el pr\u00f3ximo 4 de septiembre cuando se desarrolle el Plebiscito de Salida. Cabe recordar que solo meses atr\u00e1s el organismo oficializ\u00f3 a dicha localidad como nuevo local de votaci\u00f3n en la regi\u00f3n de Ays\u00e9n.<\/p>\n<p style=\"text-align: justify;\">Este cambio, afectar\u00e1 a m\u00e1s de 130 votantes inscritos entre Puerto Gala y Melimoyu, las razones que argument\u00f3 SERVEL fueron entregadas al Alcalde de Cisnes \u201clo primero es porque el anuncio de llamado a elecci\u00f3n se hizo hace un poquito m\u00e1s de un mes atr\u00e1s, y obviamente significaba que se ten\u00eda que armar todo el aparataje eleccionario. Adem\u00e1s, el Registro Civil argument\u00f3 que no ten\u00eda personal para llevar adelante el proceso de validaciones que ten\u00eda que hacerse en la localidad. Y se sumaban consideraciones de las Fuerzas Armadas que ten\u00edan que armase una log\u00edstica distinta para llegar al lugar\u201d, se\u00f1al\u00f3 el edil.<\/p>\n<p style=\"text-align: justify;\">Ante esta situaci\u00f3n, el alcalde Roncagliolo revel\u00f3 otro detalles: \u201cno es una decisi\u00f3n que se haya tomando en la regi\u00f3n de Ays\u00e9n, donde se valid\u00f3 este punto. Por lo tanto, el informe favorable lleg\u00f3 a Santiago. Pero como el SERVEL es una entidad aut\u00f3noma, fue su consejo asesor el que tom\u00f3 la decisi\u00f3n de que Puerto Gala no entrara en esta elecci\u00f3n\u201d.<\/p>\n<p style=\"text-align: justify;\">A pesar de que los esfuerzos comunitarios, municipales y regionales se hicieron en conjunto con el apoyo de diferentes autoridades, esta nueva informaci\u00f3n es un rev\u00e9s para la comuna. Es por esto, que Roncagliolo remarc\u00f3: \u201ctiene que haber una decisi\u00f3n de Estado o de Gobierno para ver c\u00f3mo suplir una expectativa que ya estaba presente. Lamentamos la situaci\u00f3n que est\u00e1 pasando\u201d.<\/p>\n<p style=\"text-align: justify;\">Por su parte la dirigente de Puerto Gala, Blanca Zambrano, manifest\u00f3 su molestia ante el nuevo anuncio indicando \u00abestamos bajoneados y desilusionados, es una falta de respeto a nuestras autoridades, a nosotros como comunidad\u201d.<\/p>\n<p style=\"text-align: justify;\">Desde el municipio de Cisnes informaron que seguir\u00e1n presionando e intentando revertir esta situaci\u00f3n, para que Puerto Gala sea punto de votaci\u00f3n, el escenario es desfavorable y es poco probable que a menos de un mes de las elecciones, SERVEL haga un nuevo cambio, por lo que los habitantes del litoral deber\u00e1n trasladarse hasta Puerto Cisnes para cumplir con el voto obligatorio.<\/p>\n<\/div><\/section><\/div><div  style='height:50px' class='hr hr-invisible   avia-builder-el-6  el_after_av_one_full  el_before_av_social_share '><span class='hr-inner ' ><span class='hr-inner-style'><\/span><\/span><\/div><\/p>\n<div  class='av-social-sharing-box  avia-builder-el-7  el_after_av_hr  el_before_av_hr  '><div class='av-share-box'><h5 class='av-share-link-description av-no-toc '>Compartir esta noticia<\/h5><ul class='av-share-box-list noLightbox'><li class='av-share-link av-social-link-facebook' ><a target=\"_blank\" aria-label=\"Compartir en Facebook\" href='https:\/\/www.facebook.com\/sharer.php?u=https:\/\/radiorevelacionfm.cl\/?p=20345&#038;t=Molestia%20existe%20en%20la%20comunidad%20de%20Puerto%20Gala%20ya%20que%20no%20podr%C3%A1n%20votar%20en%20su%20localidad%20en%20el%20pr%C3%B3ximo%20Plebiscito' aria-hidden='false' data-av_icon='\ue8f3' data-av_iconfont='entypo-fontello' title='' data-avia-related-tooltip='Compartir en Facebook' rel=\"noopener\"><span class='avia_hidden_link_text'>Compartir en Facebook<\/span><\/a><\/li><li class='av-share-link av-social-link-twitter' ><a target=\"_blank\" aria-label=\"Compartir en Twitter\" href='https:\/\/twitter.com\/share?text=Molestia%20existe%20en%20la%20comunidad%20de%20Puerto%20Gala%20ya%20que%20no%20podr%C3%A1n%20votar%20en%20su%20localidad%20en%20el%20pr%C3%B3ximo%20Plebiscito&#038;url=https:\/\/radiorevelacionfm.cl\/?p=20345' aria-hidden='false' data-av_icon='\ue8f1' data-av_iconfont='entypo-fontello' title='' data-avia-related-tooltip='Compartir en Twitter' rel=\"noopener\"><span class='avia_hidden_link_text'>Compartir en Twitter<\/span><\/a><\/li><li class='av-share-link av-social-link-whatsapp' ><a target=\"_blank\" aria-label=\"Compartir en Whatsapp\" href='https:\/\/api.whatsapp.com\/send?text=https:\/\/radiorevelacionfm.cl\/?p=20345' aria-hidden='false' data-av_icon='\uf232' data-av_iconfont='entypo-fontello' title='' data-avia-related-tooltip='Compartir en Whatsapp' rel=\"noopener\"><span class='avia_hidden_link_text'>Compartir en Whatsapp<\/span><\/a><\/li><li class='av-share-link av-social-link-linkedin' ><a target=\"_blank\" aria-label=\"Compartir en LinkedIn\" href='https:\/\/linkedin.com\/shareArticle?mini=true&#038;title=Molestia%20existe%20en%20la%20comunidad%20de%20Puerto%20Gala%20ya%20que%20no%20podr%C3%A1n%20votar%20en%20su%20localidad%20en%20el%20pr%C3%B3ximo%20Plebiscito&#038;url=https:\/\/radiorevelacionfm.cl\/?p=20345' aria-hidden='false' data-av_icon='\ue8fc' data-av_iconfont='entypo-fontello' title='' data-avia-related-tooltip='Compartir en LinkedIn' rel=\"noopener\"><span class='avia_hidden_link_text'>Compartir en LinkedIn<\/span><\/a><\/li><li class='av-share-link av-social-link-mail' ><a  aria-label=\"Compartir por correo\" href='mailto:?subject=Molestia%20existe%20en%20la%20comunidad%20de%20Puerto%20Gala%20ya%20que%20no%20podr%C3%A1n%20votar%20en%20su%20localidad%20en%20el%20pr%C3%B3ximo%20Plebiscito&#038;body=https:\/\/radiorevelacionfm.cl\/?p=20345' aria-hidden='false' data-av_icon='\ue805' data-av_iconfont='entypo-fontello' title='' data-avia-related-tooltip='Compartir por correo'><span class='avia_hidden_link_text'>Compartir por correo<\/span><\/a><\/li><\/ul><\/div><\/div>\n<div  style='height:50px' class='hr hr-invisible   avia-builder-el-8  el_after_av_social_share  el_before_av_comments_list '><span class='hr-inner ' ><span class='hr-inner-style'><\/span><\/span><\/div>\n<div  class='av-buildercomment  av-blog-meta-html-info-disabled av-blog-meta-tag-disabled  '><\/div>\n","protected":false},"excerpt":{"rendered":"","protected":false},"author":1,"featured_media":20346,"comment_status":"open","ping_status":"open","sticky":false,"template":"","format":"standard","meta":{"footnotes":""},"categories":[38],"tags":[],"class_list":["post-20345","post","type-post","status-publish","format-standard","has-post-thumbnail","hentry","category-regional"],"jetpack_featured_media_url":"https:\/\/radiorevelacionfm.cl\/wp-content\/uploads\/2022\/08\/292172848_563125785528406_290103160319827127_n-1-1_optimized-1.jpg","_links":{"self":[{"href":"https:\/\/radiorevelacionfm.cl\/index.php?rest_route=\/wp\/v2\/posts\/20345","targetHints":{"allow":["GET"]}}],"collection":[{"href":"https:\/\/radiorevelacionfm.cl\/index.php?rest_route=\/wp\/v2\/posts"}],"about":[{"href":"https:\/\/radiorevelacionfm.cl\/index.php?rest_route=\/wp\/v2\/types\/post"}],"author":[{"embeddable":true,"href":"https:\/\/radiorevelacionfm.cl\/index.php?rest_route=\/wp\/v2\/users\/1"}],"replies":[{"embeddable":true,"href":"https:\/\/radiorevelacionfm.cl\/index.php?rest_route=%2Fwp%2Fv2%2Fcomments&post=20345"}],"version-history":[{"count":3,"href":"https:\/\/radiorevelacionfm.cl\/index.php?rest_route=\/wp\/v2\/posts\/20345\/revisions"}],"predecessor-version":[{"id":20350,"href":"https:\/\/radiorevelacionfm.cl\/index.php?rest_route=\/wp\/v2\/posts\/20345\/revisions\/20350"}],"wp:featuredmedia":[{"embeddable":true,"href":"https:\/\/radiorevelacionfm.cl\/index.php?rest_route=\/wp\/v2\/media\/20346"}],"wp:attachment":[{"href":"https:\/\/radiorevelacionfm.cl\/index.php?rest_route=%2Fwp%2Fv2%2Fmedia&parent=20345"}],"wp:term":[{"taxonomy":"category","embeddable":true,"href":"https:\/\/radiorevelacionfm.cl\/index.php?rest_route=%2Fwp%2Fv2%2Fcategories&post=20345"},{"taxonomy":"post_tag","embeddable":true,"href":"https:\/\/radiorevelacionfm.cl\/index.php?rest_route=%2Fwp%2Fv2%2Ftags&post=20345"}],"curies":[{"name":"wp","href":"https:\/\/api.w.org\/{rel}","templated":true}]}}