{"id":20342,"date":"2022-08-11T11:15:14","date_gmt":"2022-08-11T14:15:14","guid":{"rendered":"https:\/\/radiorevelacionfm.cl\/?p=20342"},"modified":"2022-08-11T11:15:14","modified_gmt":"2022-08-11T14:15:14","slug":"mas-de-370-personas-de-la-region-de-aysen-recibiran-el-bono-para-trabajadores-y-trabajadoras-de-cultura","status":"publish","type":"post","link":"https:\/\/radiorevelacionfm.cl\/?p=20342","title":{"rendered":"M\u00e1s de 370 personas de la Regi\u00f3n de Ays\u00e9n recibir\u00e1n el bono para trabajadores y trabajadoras de cultura"},"content":{"rendered":"<div class=\"flex_column av_one_full  flex_column_div av-zero-column-padding first  avia-builder-el-0  el_before_av_one_full  avia-builder-el-first  \" style='border-radius:0px; '><div  class='avia-image-container  av-styling-    avia-builder-el-1  avia-builder-el-no-sibling  avia-align-center '  itemprop=\"image\" itemscope=\"itemscope\" itemtype=\"https:\/\/schema.org\/ImageObject\"  ><div class='avia-image-container-inner'><div class='avia-image-overlay-wrap'><img decoding=\"async\" class='wp-image-20343 avia-img-lazy-loading-not-20343 avia_image' src=\"https:\/\/radiorevelacionfm.cl\/wp-content\/uploads\/2022\/08\/bono-cultura-1-1_optimized.jpg\" alt='' title='bono-cultura-(1)-(1)_optimized' height=\"600\" width=\"899\"  itemprop=\"thumbnailUrl\" srcset=\"https:\/\/radiorevelacionfm.cl\/wp-content\/uploads\/2022\/08\/bono-cultura-1-1_optimized.jpg 899w, https:\/\/radiorevelacionfm.cl\/wp-content\/uploads\/2022\/08\/bono-cultura-1-1_optimized-300x200.jpg 300w, https:\/\/radiorevelacionfm.cl\/wp-content\/uploads\/2022\/08\/bono-cultura-1-1_optimized-768x513.jpg 768w, https:\/\/radiorevelacionfm.cl\/wp-content\/uploads\/2022\/08\/bono-cultura-1-1_optimized-705x471.jpg 705w, https:\/\/radiorevelacionfm.cl\/wp-content\/uploads\/2022\/08\/bono-cultura-1-1_optimized-600x400.jpg 600w\" sizes=\"(max-width: 899px) 100vw, 899px\" \/><\/div><\/div><\/div><\/div><div class=\"flex_column av_one_full  flex_column_div av-zero-column-padding first  avia-builder-el-2  el_after_av_one_full  el_before_av_one_full  column-top-margin\" style='border-radius:0px; '><section class=\"av_textblock_section \"  itemscope=\"itemscope\" itemtype=\"https:\/\/schema.org\/BlogPosting\" itemprop=\"blogPost\" ><div class='avia_textblock  '   itemprop=\"text\" ><p style=\"text-align: center;\"><span style=\"font-size: 18pt;\"><b>M\u00e1s de 370 personas de la Regi\u00f3n de Ays\u00e9n recibir\u00e1n el bono para trabajadores y trabajadoras de cultura<\/b><\/span><\/p>\n<div id=\"gtx-trans\" style=\"position: absolute; left: -50px; top: 4.31534px;\">\n<div class=\"gtx-trans-icon\"><\/div>\n<\/div>\n<\/div><\/section><\/div><div class=\"flex_column av_one_full  flex_column_div av-zero-column-padding first  avia-builder-el-4  el_after_av_one_full  el_before_av_hr  column-top-margin\" style='border-radius:0px; '><section class=\"av_textblock_section \"  itemscope=\"itemscope\" itemtype=\"https:\/\/schema.org\/BlogPosting\" itemprop=\"blogPost\" ><div class='avia_textblock  '   itemprop=\"text\" ><p class=\"v1p6\" style=\"text-align: justify;\">Finaliz\u00f3 el proceso de postulaci\u00f3n y adjudicaci\u00f3n del Bono para trabajadoras y trabajadores culturales, conocido como Ley Patricio Manns, que surgi\u00f3 tras un largo proceso de escucha por parte del Ministerio de las Culturas, de sindicatos, gremios y organizaciones sociales del sector que se abocaron a la misi\u00f3n de visibilizar la crisis vivida durante la pandemia.<\/p>\n<p class=\"v1p6\" style=\"text-align: justify;\">A nivel nacional, el bono de $450.000 lo recibir\u00e1n por \u00fanica vez 30.351 personas, la mayor\u00eda mujeres. Un 64% pertenece al 40% de menos ingresos.<span class=\"v1Apple-converted-space\">\u00a0<\/span><\/p>\n<p class=\"v1p6\" style=\"text-align: justify;\">El Seremi de Culturas Ays\u00e9n, Felipe Quiroz, dijo que \u00abse trata de una medida que fue incorporada en el Plan Chile Apoya de Gobierno del Presidente Gabriel Boric que va en directo beneficio de nuestro sector, que se vio fuertemente perjudicado por la pandemia. En la Regi\u00f3n de Ays\u00e9n, el bono lo recibir\u00e1 el 80% de los postulantes, seg\u00fan su Registro Social de Hogares y su escala de ingresos. Esto equivale a 373 trabajadoras y trabajadores culturales de nuestro territorio\u00bb.<\/p>\n<p class=\"v1p6\" style=\"text-align: justify;\">La entrega del bono a los beneficiarios se realizar\u00e1 a partir del\u00a012 de agosto\u00a0a trav\u00e9s de la red de pagos del Instituto de Previsi\u00f3n Social.<\/p>\n<p class=\"v1p6\" style=\"text-align: justify;\">Si indicaste una cuenta bancaria personal, ser\u00e1 depositado a trav\u00e9s de la misma. Si no indicaste una cuenta, el pago ser\u00e1 presencial y podr\u00e1s retirarlo en la sucursal de Banco Estado m\u00e1s cercana a tu domicilio. Cuando el pago est\u00e9 disponible para ser retirado, recibir\u00e1s un correo dando aviso. La red de pago de Banco Estado incluye sucursales bancarias y Serviestado.<\/p>\n<p class=\"v1p6\" style=\"text-align: justify;\">Si todav\u00eda no sabes si eres beneficiario, puedes revisar en bono.cultura.gob.cl y verificar la informaci\u00f3n o escribir con tus antecedentes al correo\u00a0<a href=\"mailto:bono@cultura.gob.cl\" rel=\"noreferrer\"><span class=\"v1s1\"><b>bono@cultura.gob.cl<\/b><\/span><\/a>.<\/p>\n<\/div><\/section><\/div><div  style='height:50px' class='hr hr-invisible   avia-builder-el-6  el_after_av_one_full  el_before_av_social_share '><span class='hr-inner ' ><span class='hr-inner-style'><\/span><\/span><\/div><\/p>\n<div  class='av-social-sharing-box  avia-builder-el-7  el_after_av_hr  el_before_av_hr  '><div class='av-share-box'><h5 class='av-share-link-description av-no-toc '>Compartir esta noticia<\/h5><ul class='av-share-box-list noLightbox'><li class='av-share-link av-social-link-facebook' ><a target=\"_blank\" aria-label=\"Compartir en Facebook\" href='https:\/\/www.facebook.com\/sharer.php?u=https:\/\/radiorevelacionfm.cl\/?p=20342&#038;t=M%C3%A1s%20de%20370%20personas%20de%20la%20Regi%C3%B3n%20de%20Ays%C3%A9n%20recibir%C3%A1n%20el%20bono%20para%20trabajadores%20y%20trabajadoras%20de%20cultura' aria-hidden='false' data-av_icon='\ue8f3' data-av_iconfont='entypo-fontello' title='' data-avia-related-tooltip='Compartir en Facebook' rel=\"noopener\"><span class='avia_hidden_link_text'>Compartir en Facebook<\/span><\/a><\/li><li class='av-share-link av-social-link-twitter' ><a target=\"_blank\" aria-label=\"Compartir en Twitter\" href='https:\/\/twitter.com\/share?text=M%C3%A1s%20de%20370%20personas%20de%20la%20Regi%C3%B3n%20de%20Ays%C3%A9n%20recibir%C3%A1n%20el%20bono%20para%20trabajadores%20y%20trabajadoras%20de%20cultura&#038;url=https:\/\/radiorevelacionfm.cl\/?p=20342' aria-hidden='false' data-av_icon='\ue8f1' data-av_iconfont='entypo-fontello' title='' data-avia-related-tooltip='Compartir en Twitter' rel=\"noopener\"><span class='avia_hidden_link_text'>Compartir en Twitter<\/span><\/a><\/li><li class='av-share-link av-social-link-whatsapp' ><a target=\"_blank\" aria-label=\"Compartir en Whatsapp\" href='https:\/\/api.whatsapp.com\/send?text=https:\/\/radiorevelacionfm.cl\/?p=20342' aria-hidden='false' data-av_icon='\uf232' data-av_iconfont='entypo-fontello' title='' data-avia-related-tooltip='Compartir en Whatsapp' rel=\"noopener\"><span class='avia_hidden_link_text'>Compartir en Whatsapp<\/span><\/a><\/li><li class='av-share-link av-social-link-linkedin' ><a target=\"_blank\" aria-label=\"Compartir en LinkedIn\" href='https:\/\/linkedin.com\/shareArticle?mini=true&#038;title=M%C3%A1s%20de%20370%20personas%20de%20la%20Regi%C3%B3n%20de%20Ays%C3%A9n%20recibir%C3%A1n%20el%20bono%20para%20trabajadores%20y%20trabajadoras%20de%20cultura&#038;url=https:\/\/radiorevelacionfm.cl\/?p=20342' aria-hidden='false' data-av_icon='\ue8fc' data-av_iconfont='entypo-fontello' title='' data-avia-related-tooltip='Compartir en LinkedIn' rel=\"noopener\"><span class='avia_hidden_link_text'>Compartir en LinkedIn<\/span><\/a><\/li><li class='av-share-link av-social-link-mail' ><a  aria-label=\"Compartir por correo\" href='mailto:?subject=M%C3%A1s%20de%20370%20personas%20de%20la%20Regi%C3%B3n%20de%20Ays%C3%A9n%20recibir%C3%A1n%20el%20bono%20para%20trabajadores%20y%20trabajadoras%20de%20cultura&#038;body=https:\/\/radiorevelacionfm.cl\/?p=20342' aria-hidden='false' data-av_icon='\ue805' data-av_iconfont='entypo-fontello' title='' data-avia-related-tooltip='Compartir por correo'><span class='avia_hidden_link_text'>Compartir por correo<\/span><\/a><\/li><\/ul><\/div><\/div>\n<div  style='height:50px' class='hr hr-invisible   avia-builder-el-8  el_after_av_social_share  el_before_av_comments_list '><span class='hr-inner ' ><span class='hr-inner-style'><\/span><\/span><\/div>\n<div  class='av-buildercomment  av-blog-meta-html-info-disabled av-blog-meta-tag-disabled  '><\/div>\n","protected":false},"excerpt":{"rendered":"","protected":false},"author":1,"featured_media":20343,"comment_status":"open","ping_status":"open","sticky":false,"template":"","format":"standard","meta":{"footnotes":""},"categories":[52],"tags":[],"class_list":["post-20342","post","type-post","status-publish","format-standard","has-post-thumbnail","hentry","category-cultura"],"jetpack_featured_media_url":"https:\/\/radiorevelacionfm.cl\/wp-content\/uploads\/2022\/08\/bono-cultura-1-1_optimized.jpg","_links":{"self":[{"href":"https:\/\/radiorevelacionfm.cl\/index.php?rest_route=\/wp\/v2\/posts\/20342","targetHints":{"allow":["GET"]}}],"collection":[{"href":"https:\/\/radiorevelacionfm.cl\/index.php?rest_route=\/wp\/v2\/posts"}],"about":[{"href":"https:\/\/radiorevelacionfm.cl\/index.php?rest_route=\/wp\/v2\/types\/post"}],"author":[{"embeddable":true,"href":"https:\/\/radiorevelacionfm.cl\/index.php?rest_route=\/wp\/v2\/users\/1"}],"replies":[{"embeddable":true,"href":"https:\/\/radiorevelacionfm.cl\/index.php?rest_route=%2Fwp%2Fv2%2Fcomments&post=20342"}],"version-history":[{"count":2,"href":"https:\/\/radiorevelacionfm.cl\/index.php?rest_route=\/wp\/v2\/posts\/20342\/revisions"}],"predecessor-version":[{"id":20384,"href":"https:\/\/radiorevelacionfm.cl\/index.php?rest_route=\/wp\/v2\/posts\/20342\/revisions\/20384"}],"wp:featuredmedia":[{"embeddable":true,"href":"https:\/\/radiorevelacionfm.cl\/index.php?rest_route=\/wp\/v2\/media\/20343"}],"wp:attachment":[{"href":"https:\/\/radiorevelacionfm.cl\/index.php?rest_route=%2Fwp%2Fv2%2Fmedia&parent=20342"}],"wp:term":[{"taxonomy":"category","embeddable":true,"href":"https:\/\/radiorevelacionfm.cl\/index.php?rest_route=%2Fwp%2Fv2%2Fcategories&post=20342"},{"taxonomy":"post_tag","embeddable":true,"href":"https:\/\/radiorevelacionfm.cl\/index.php?rest_route=%2Fwp%2Fv2%2Ftags&post=20342"}],"curies":[{"name":"wp","href":"https:\/\/api.w.org\/{rel}","templated":true}]}}