{"id":20340,"date":"2022-08-10T16:03:38","date_gmt":"2022-08-10T19:03:38","guid":{"rendered":"https:\/\/radiorevelacionfm.cl\/?p=20340"},"modified":"2022-08-10T16:03:38","modified_gmt":"2022-08-10T19:03:38","slug":"calisto-valoro-aprobacion-de-proyecto-que-posterga-traspaso-de-colegios-desde-los-municipios-a-los-slep","status":"publish","type":"post","link":"https:\/\/radiorevelacionfm.cl\/?p=20340","title":{"rendered":"Calisto valor\u00f3 aprobaci\u00f3n de proyecto que posterga traspaso de colegios desde los municipios a los SLEP"},"content":{"rendered":"<div class=\"flex_column av_one_full  flex_column_div av-zero-column-padding first  avia-builder-el-0  el_before_av_one_full  avia-builder-el-first  \" style='border-radius:0px; '><div  class='avia-image-container  av-styling-    avia-builder-el-1  avia-builder-el-no-sibling  avia-align-center '  itemprop=\"image\" itemscope=\"itemscope\" itemtype=\"https:\/\/schema.org\/ImageObject\"  ><div class='avia-image-container-inner'><div class='avia-image-overlay-wrap'><img decoding=\"async\" class='wp-image-18646 avia-img-lazy-loading-not-18646 avia_image' src=\"https:\/\/radiorevelacionfm.cl\/wp-content\/uploads\/2022\/06\/CALISTO-2022-1-1.jpg\" alt='' title='CALISTO 2022 (1) (1)' height=\"600\" width=\"1022\"  itemprop=\"thumbnailUrl\" srcset=\"https:\/\/radiorevelacionfm.cl\/wp-content\/uploads\/2022\/06\/CALISTO-2022-1-1.jpg 1022w, https:\/\/radiorevelacionfm.cl\/wp-content\/uploads\/2022\/06\/CALISTO-2022-1-1-300x176.jpg 300w, https:\/\/radiorevelacionfm.cl\/wp-content\/uploads\/2022\/06\/CALISTO-2022-1-1-768x451.jpg 768w, https:\/\/radiorevelacionfm.cl\/wp-content\/uploads\/2022\/06\/CALISTO-2022-1-1-705x414.jpg 705w, https:\/\/radiorevelacionfm.cl\/wp-content\/uploads\/2022\/06\/CALISTO-2022-1-1-600x352.jpg 600w\" sizes=\"(max-width: 1022px) 100vw, 1022px\" \/><\/div><\/div><\/div><\/div><div class=\"flex_column av_one_full  flex_column_div av-zero-column-padding first  avia-builder-el-2  el_after_av_one_full  el_before_av_one_full  column-top-margin\" style='border-radius:0px; '><section class=\"av_textblock_section \"  itemscope=\"itemscope\" itemtype=\"https:\/\/schema.org\/BlogPosting\" itemprop=\"blogPost\" ><div class='avia_textblock  '   itemprop=\"text\" ><p style=\"text-align: center;\"><strong><span style=\"font-size: 18pt;\">Calisto valor\u00f3 aprobaci\u00f3n de proyecto que posterga traspaso de colegios desde los municipios a los SLEP<\/span><\/strong><\/p>\n<div id=\"gtx-trans\" style=\"position: absolute; left: -50px; top: 4.31534px;\">\n<div class=\"gtx-trans-icon\"><\/div>\n<\/div>\n<\/div><\/section><\/div><div class=\"flex_column av_one_full  flex_column_div av-zero-column-padding first  avia-builder-el-4  el_after_av_one_full  el_before_av_hr  column-top-margin\" style='border-radius:0px; '><section class=\"av_textblock_section \"  itemscope=\"itemscope\" itemtype=\"https:\/\/schema.org\/BlogPosting\" itemprop=\"blogPost\" ><div class='avia_textblock  '   itemprop=\"text\" ><p style=\"font-weight: 400; text-align: justify;\">Como una gran noticia calific\u00f3 el diputado Miguel \u00c1ngel Calisto la aprobaci\u00f3n en la C\u00e1mara del proyecto de ley que posterga la entrada en vigencia del traspaso del servicio educacional desde las municipalidades y corporaciones municipales, a los Servicios Locales de Educaci\u00f3n.<\/p>\n<p style=\"font-weight: 400; text-align: justify;\">Seg\u00fan el legislador, \u201caprobamos un proyecto para postergar la entrada en vigencia\u00a0el traspaso del servicio educacional desde las municipalidades y corporaciones municipales, a los Servicios Locales de Educaci\u00f3n. Esto se concretar\u00e1 el 1 de enero de 2024. Esto permitir\u00e1 subsanar los problemas de aplicaci\u00f3n que ha tenido esta ley en otras regiones\u201d.<\/p>\n<p style=\"font-weight: 400; text-align: justify;\">\u201cLamentablemente, estos servicios que traspasan la educaci\u00f3n desde el Municipio al Estado, han tenido problemas de aplicabilidad por el exacerbado centralismo. No queremos que esto ocurra en la Regi\u00f3n\u201d, indic\u00f3.<\/p>\n<p style=\"font-weight: 400; text-align: justify;\">Calisto asegur\u00f3 que \u201cesta ley incorpora tambi\u00e9n los incentivos al retiro para los profesores y todo el personal de educaci\u00f3n. Algo muy importante es que se incorpor\u00f3 por primera vez a los trabajadores de los Jardines Infantiles VTF, de tal manera que no tengan que recurrir a instancias judiciales, sino que por ley estar\u00e1 garantizado que tendr\u00e1n incentivo al retiro\u201d.<\/p>\n<p style=\"font-weight: 400; text-align: justify;\">\u201cNosotros tambi\u00e9n creemos que se debe mejorar las condiciones de asignaciones de los asistentes de la educaci\u00f3n, son quienes reciben menos ingresos en el sistema. El proyecto involucraba la suspensi\u00f3n de la evaluaci\u00f3n docente, lamentablemente esto no se aprob\u00f3. No podemos cargarle la mano a quienes ya tienen una alta carga laboral en el colegio y terminan trabajando tambi\u00e9n en sus casas\u201d, se\u00f1al\u00f3 el parlamentario.<\/p>\n<p style=\"font-weight: 400; text-align: justify;\">Adem\u00e1s, declar\u00f3 que \u201ctenemos que garantizar que nuestros profesores recuperen la dignidad, y esto pasa por mejores incentivos al retiro, por mejorar sus asignaciones, porque los profesores son el alma, el coraz\u00f3n de la educaci\u00f3n, y por eso queremos que eso quede reflejado en esta ley que aprobamos\u201d.<\/p>\n<p style=\"font-weight: 400; text-align: justify;\">\u201cTambi\u00e9n es importante se\u00f1alar que esta ley que se comenzar\u00e1 a aplicarse el 2024 en Ays\u00e9n, nos permite prepararnos. Por ejemplo, hay que determinar que va a ocurrir con los funcionarios que trabajan en los DAEM. Con este traspaso, que iba a ser en marzo, iban a quedar sin sueldos, fuera del sistema.\u201d, afirm\u00f3<\/p>\n<p style=\"font-weight: 400; text-align: justify;\">Finalmente, el diputado Calisto se\u00f1al\u00f3 que \u201cdebemos comprender que el sistema educativo se compone de personas, que son muy importantes para el Servicio de la Educaci\u00f3n. Nosotros aprobamos esta ley con el compromiso por parte del Ministro de apoyar econ\u00f3micamente en la deuda que tienen los municipios con los profesores y asistentes de educaci\u00f3n, para poder mejorarles sus ingresos, de tal manera que en el traspaso a la educaci\u00f3n p\u00fablica tengan mejores asignaciones pagadas por el Estado\u201d.<\/p>\n<\/div><\/section><\/div><div  style='height:50px' class='hr hr-invisible   avia-builder-el-6  el_after_av_one_full  el_before_av_social_share '><span class='hr-inner ' ><span class='hr-inner-style'><\/span><\/span><\/div><\/p>\n<div  class='av-social-sharing-box  avia-builder-el-7  el_after_av_hr  el_before_av_hr  '><div class='av-share-box'><h5 class='av-share-link-description av-no-toc '>Compartir esta noticia<\/h5><ul class='av-share-box-list noLightbox'><li class='av-share-link av-social-link-facebook' ><a target=\"_blank\" aria-label=\"Compartir en Facebook\" href='https:\/\/www.facebook.com\/sharer.php?u=https:\/\/radiorevelacionfm.cl\/?p=20340&#038;t=Calisto%20valor%C3%B3%20aprobaci%C3%B3n%20de%20proyecto%20que%20posterga%20traspaso%20de%20colegios%20desde%20los%20municipios%20a%20los%20SLEP' aria-hidden='false' data-av_icon='\ue8f3' data-av_iconfont='entypo-fontello' title='' data-avia-related-tooltip='Compartir en Facebook' rel=\"noopener\"><span class='avia_hidden_link_text'>Compartir en Facebook<\/span><\/a><\/li><li class='av-share-link av-social-link-twitter' ><a target=\"_blank\" aria-label=\"Compartir en Twitter\" href='https:\/\/twitter.com\/share?text=Calisto%20valor%C3%B3%20aprobaci%C3%B3n%20de%20proyecto%20que%20posterga%20traspaso%20de%20colegios%20desde%20los%20municipios%20a%20los%20SLEP&#038;url=https:\/\/radiorevelacionfm.cl\/?p=20340' aria-hidden='false' data-av_icon='\ue8f1' data-av_iconfont='entypo-fontello' title='' data-avia-related-tooltip='Compartir en Twitter' rel=\"noopener\"><span class='avia_hidden_link_text'>Compartir en Twitter<\/span><\/a><\/li><li class='av-share-link av-social-link-whatsapp' ><a target=\"_blank\" aria-label=\"Compartir en Whatsapp\" href='https:\/\/api.whatsapp.com\/send?text=https:\/\/radiorevelacionfm.cl\/?p=20340' aria-hidden='false' data-av_icon='\uf232' data-av_iconfont='entypo-fontello' title='' data-avia-related-tooltip='Compartir en Whatsapp' rel=\"noopener\"><span class='avia_hidden_link_text'>Compartir en Whatsapp<\/span><\/a><\/li><li class='av-share-link av-social-link-linkedin' ><a target=\"_blank\" aria-label=\"Compartir en LinkedIn\" href='https:\/\/linkedin.com\/shareArticle?mini=true&#038;title=Calisto%20valor%C3%B3%20aprobaci%C3%B3n%20de%20proyecto%20que%20posterga%20traspaso%20de%20colegios%20desde%20los%20municipios%20a%20los%20SLEP&#038;url=https:\/\/radiorevelacionfm.cl\/?p=20340' aria-hidden='false' data-av_icon='\ue8fc' data-av_iconfont='entypo-fontello' title='' data-avia-related-tooltip='Compartir en LinkedIn' rel=\"noopener\"><span class='avia_hidden_link_text'>Compartir en LinkedIn<\/span><\/a><\/li><li class='av-share-link av-social-link-mail' ><a  aria-label=\"Compartir por correo\" href='mailto:?subject=Calisto%20valor%C3%B3%20aprobaci%C3%B3n%20de%20proyecto%20que%20posterga%20traspaso%20de%20colegios%20desde%20los%20municipios%20a%20los%20SLEP&#038;body=https:\/\/radiorevelacionfm.cl\/?p=20340' aria-hidden='false' data-av_icon='\ue805' data-av_iconfont='entypo-fontello' title='' data-avia-related-tooltip='Compartir por correo'><span class='avia_hidden_link_text'>Compartir por correo<\/span><\/a><\/li><\/ul><\/div><\/div>\n<div  style='height:50px' class='hr hr-invisible   avia-builder-el-8  el_after_av_social_share  el_before_av_comments_list '><span class='hr-inner ' ><span class='hr-inner-style'><\/span><\/span><\/div>\n<div  class='av-buildercomment  av-blog-meta-html-info-disabled av-blog-meta-tag-disabled  '><\/div>\n","protected":false},"excerpt":{"rendered":"","protected":false},"author":1,"featured_media":18646,"comment_status":"open","ping_status":"open","sticky":false,"template":"","format":"standard","meta":{"footnotes":""},"categories":[35],"tags":[],"class_list":["post-20340","post","type-post","status-publish","format-standard","has-post-thumbnail","hentry","category-politica"],"jetpack_featured_media_url":"https:\/\/radiorevelacionfm.cl\/wp-content\/uploads\/2022\/06\/CALISTO-2022-1-1.jpg","_links":{"self":[{"href":"https:\/\/radiorevelacionfm.cl\/index.php?rest_route=\/wp\/v2\/posts\/20340","targetHints":{"allow":["GET"]}}],"collection":[{"href":"https:\/\/radiorevelacionfm.cl\/index.php?rest_route=\/wp\/v2\/posts"}],"about":[{"href":"https:\/\/radiorevelacionfm.cl\/index.php?rest_route=\/wp\/v2\/types\/post"}],"author":[{"embeddable":true,"href":"https:\/\/radiorevelacionfm.cl\/index.php?rest_route=\/wp\/v2\/users\/1"}],"replies":[{"embeddable":true,"href":"https:\/\/radiorevelacionfm.cl\/index.php?rest_route=%2Fwp%2Fv2%2Fcomments&post=20340"}],"version-history":[{"count":2,"href":"https:\/\/radiorevelacionfm.cl\/index.php?rest_route=\/wp\/v2\/posts\/20340\/revisions"}],"predecessor-version":[{"id":20352,"href":"https:\/\/radiorevelacionfm.cl\/index.php?rest_route=\/wp\/v2\/posts\/20340\/revisions\/20352"}],"wp:featuredmedia":[{"embeddable":true,"href":"https:\/\/radiorevelacionfm.cl\/index.php?rest_route=\/wp\/v2\/media\/18646"}],"wp:attachment":[{"href":"https:\/\/radiorevelacionfm.cl\/index.php?rest_route=%2Fwp%2Fv2%2Fmedia&parent=20340"}],"wp:term":[{"taxonomy":"category","embeddable":true,"href":"https:\/\/radiorevelacionfm.cl\/index.php?rest_route=%2Fwp%2Fv2%2Fcategories&post=20340"},{"taxonomy":"post_tag","embeddable":true,"href":"https:\/\/radiorevelacionfm.cl\/index.php?rest_route=%2Fwp%2Fv2%2Ftags&post=20340"}],"curies":[{"name":"wp","href":"https:\/\/api.w.org\/{rel}","templated":true}]}}