{"id":20336,"date":"2022-08-10T17:57:34","date_gmt":"2022-08-10T20:57:34","guid":{"rendered":"https:\/\/radiorevelacionfm.cl\/?p=20336"},"modified":"2022-08-10T17:57:34","modified_gmt":"2022-08-10T20:57:34","slug":"mineduc-dio-inicio-al-periodo-de-postulacion-para-la-admision-escolar-2023","status":"publish","type":"post","link":"https:\/\/radiorevelacionfm.cl\/?p=20336","title":{"rendered":"Mineduc dio inicio al periodo de postulaci\u00f3n para la Admisi\u00f3n Escolar 2023"},"content":{"rendered":"<div class=\"flex_column av_one_full  flex_column_div av-zero-column-padding first  avia-builder-el-0  el_before_av_one_full  avia-builder-el-first  \" style='border-radius:0px; '><div  class='avia-image-container  av-styling-    avia-builder-el-1  avia-builder-el-no-sibling  avia-align-center '  itemprop=\"image\" itemscope=\"itemscope\" itemtype=\"https:\/\/schema.org\/ImageObject\"  ><div class='avia-image-container-inner'><div class='avia-image-overlay-wrap'><img decoding=\"async\" class='wp-image-20338 avia-img-lazy-loading-not-20338 avia_image' src=\"https:\/\/radiorevelacionfm.cl\/wp-content\/uploads\/2022\/08\/admision-escolar1-1-1.jpg\" alt='' title='admisi\u00f3n escolar1 (1) (1)' height=\"600\" width=\"898\"  itemprop=\"thumbnailUrl\" srcset=\"https:\/\/radiorevelacionfm.cl\/wp-content\/uploads\/2022\/08\/admision-escolar1-1-1.jpg 898w, https:\/\/radiorevelacionfm.cl\/wp-content\/uploads\/2022\/08\/admision-escolar1-1-1-300x200.jpg 300w, https:\/\/radiorevelacionfm.cl\/wp-content\/uploads\/2022\/08\/admision-escolar1-1-1-768x513.jpg 768w, https:\/\/radiorevelacionfm.cl\/wp-content\/uploads\/2022\/08\/admision-escolar1-1-1-705x471.jpg 705w, https:\/\/radiorevelacionfm.cl\/wp-content\/uploads\/2022\/08\/admision-escolar1-1-1-600x401.jpg 600w\" sizes=\"(max-width: 898px) 100vw, 898px\" \/><\/div><\/div><\/div><\/div><div class=\"flex_column av_one_full  flex_column_div av-zero-column-padding first  avia-builder-el-2  el_after_av_one_full  el_before_av_one_full  column-top-margin\" style='border-radius:0px; '><section class=\"av_textblock_section \"  itemscope=\"itemscope\" itemtype=\"https:\/\/schema.org\/BlogPosting\" itemprop=\"blogPost\" ><div class='avia_textblock  '   itemprop=\"text\" ><p style=\"text-align: center;\"><strong><span style=\"font-size: 18pt;\">Mineduc dio inicio al periodo de postulaci\u00f3n para la Admisi\u00f3n Escolar 2023<\/span><\/strong><\/p>\n<div id=\"gtx-trans\" style=\"position: absolute; left: -50px; top: 4.31534px;\">\n<div class=\"gtx-trans-icon\"><\/div>\n<\/div>\n<\/div><\/section><\/div><div class=\"flex_column av_one_full  flex_column_div av-zero-column-padding first  avia-builder-el-4  el_after_av_one_full  el_before_av_hr  column-top-margin\" style='border-radius:0px; '><section class=\"av_textblock_section \"  itemscope=\"itemscope\" itemtype=\"https:\/\/schema.org\/BlogPosting\" itemprop=\"blogPost\" ><div class='avia_textblock  '   itemprop=\"text\" ><p class=\"v1MsoNormal\" style=\"text-align: justify;\">Hoy comienza el periodo de postulaci\u00f3n para la Admisi\u00f3n Escolar para el a\u00f1o acad\u00e9mico 2023, proceso que debe realizarse a trav\u00e9s de la plataforma web\u00a0<a href=\"https:\/\/nam02.safelinks.protection.outlook.com\/?url=http%3A%2F%2Fwww.sistemadeadmisionescolar.cl%2F&amp;data=05%7C01%7Ccamilo.gomez%40mineduc.cl%7C379ffbbbf7f243ad4ecf08da7ae35d45%7C2e4cfe500580414093874ecde39def60%7C0%7C0%7C637957414218200468%7CUnknown%7CTWFpbGZsb3d8eyJWIjoiMC4wLjAwMDAiLCJQIjoiV2luMzIiLCJBTiI6Ik1haWwiLCJXVCI6Mn0%3D%7C3000%7C%7C%7C&amp;sdata=chDjCOqQ%2B%2Fsa%2BiZdwrujWFSwsteXwnP%2BrCT5fFpdP1k%3D&amp;reserved=0\" target=\"_blank\" rel=\"noopener noreferrer\">www.sistemadeadmisionescolar.cl<\/a>\u00a0y que estar\u00e1 disponible hasta el mi\u00e9rcoles 7 de septiembre.<\/p>\n<p class=\"v1MsoNormal\" style=\"text-align: justify;\">El\u00a0Ministro de Educaci\u00f3n, Marco Antonio \u00c1vila, visit\u00f3 el principal centro de atenci\u00f3n presencial de la Regi\u00f3n Metropolitana, Centro Cultural Estaci\u00f3n Mapocho, para dar inicio a este proceso.<\/p>\n<p class=\"v1MsoNormal\" style=\"text-align: justify;\">\u201cHacemos un llamado a las familias que participar\u00e1n de este proceso a que se informen sobre las caracter\u00edsticas y proyectos educativos de los establecimientos de su zona, puedan ver las distintas alternativas a las que pueden postular y tambi\u00e9n a que realicen este proceso dentro de los plazos establecidos. Como Ministerio de Educaci\u00f3n hemos dispuesto y dispondremos de toda la informaci\u00f3n necesaria para guiar y acompa\u00f1ar a las familias en este importante proceso, en todas sus etapas, junto con el despliegue territorial de nuestros equipos en el pa\u00eds\u2019\u2019, se\u00f1al\u00f3 el ministro \u00c1vila.<\/p>\n<p class=\"v1MsoNormal\" style=\"text-align: justify;\">Al respecto,\u00a0la Seremi de Educaci\u00f3n de Ays\u00e9n Isabel Garrido Casassa\u00a0coment\u00f3 que \u201cEste sistema \u00fanico de admisi\u00f3n, que permite postular a todos los establecimientos que reciben financiamiento del Estado, tiene el objetivo de eliminar las barreras de entrada a la educaci\u00f3n y a los diversos proyectos educativos que ofrecen las escuelas, colegios y liceos que son financiados con recursos estatales. Es decir son las familias las que eligen las escuelas y no al rev\u00e9s\u201d.<\/p>\n<p class=\"v1MsoNormal\" style=\"text-align: justify;\"><b>\u00a0<\/b><\/p>\n<p class=\"v1MsoNormal\" style=\"text-align: justify;\"><b>Puntos de atenci\u00f3n presencial<\/b><\/p>\n<p class=\"v1MsoNormal\" style=\"text-align: justify;\">Isabel Garrido record\u00f3 que \u201cEl proceso de postulaci\u00f3n se realiza 100% en l\u00ednea a trav\u00e9s del sitio web\u00a0<a href=\"https:\/\/nam02.safelinks.protection.outlook.com\/?url=http%3A%2F%2Fwww.sistemadeadmisionescolar.cl%2F&amp;data=05%7C01%7Ccamilo.gomez%40mineduc.cl%7C379ffbbbf7f243ad4ecf08da7ae35d45%7C2e4cfe500580414093874ecde39def60%7C0%7C0%7C637957414218200468%7CUnknown%7CTWFpbGZsb3d8eyJWIjoiMC4wLjAwMDAiLCJQIjoiV2luMzIiLCJBTiI6Ik1haWwiLCJXVCI6Mn0%3D%7C3000%7C%7C%7C&amp;sdata=chDjCOqQ%2B%2Fsa%2BiZdwrujWFSwsteXwnP%2BrCT5fFpdP1k%3D&amp;reserved=0\" target=\"_blank\" rel=\"noopener noreferrer\">www.sistemadeadmisionescolar.cl<\/a>. De todas formas, el Ministerio de Educaci\u00f3n dispondr\u00e1 puntos de atenci\u00f3n presencial a lo largo de todo el pa\u00eds, para atender a las personas que necesiten ayuda u orientaci\u00f3n. Estos puntos se encuentran publicados en el mismo sitio. El Ministerio de Educaci\u00f3n habilit\u00f3 diferentes puntos en el pa\u00eds como tambi\u00e9n las Secretar\u00edas Regionales Ministeriales y Direcciones Provinciales de cada regi\u00f3n, para aquellos apoderados que no tengan computador o internet o necesiten resolver dudas. En la Regi\u00f3n de Ays\u00e9n pueden concurrir a las oficinas Ayuda Mineduc ubicadas en calle Francisco Bilbao 540 y en el Departamento Provincial de Educaci\u00f3n Coyhaique ubicado en calle Dussen 229 Coyhaique\u201d.<\/p>\n<p class=\"v1MsoNormal\" style=\"text-align: justify;\">Para concurrir a los puntos de atenci\u00f3n, se deber\u00e1 tener lo siguiente:<\/p>\n<ul style=\"text-align: justify;\" type=\"disc\">\n<li class=\"v1MsoNormal\">C\u00e9dulas de identidad vigentes del o la apoderada y del postulante (estudiante).<\/li>\n<li class=\"v1MsoNormal\">Las personas extranjeras que no cuenten con RUN chileno (el apoderado y\/o el alumno) deber\u00e1n ir a alguna oficina de Ayuda Mineduc para que los habiliten como usuario.<\/li>\n<\/ul>\n<p class=\"v1MsoNormal\" style=\"text-align: justify;\">Tambi\u00e9n en\u00a0<a href=\"https:\/\/nam02.safelinks.protection.outlook.com\/?url=http%3A%2F%2Fwww.sistemadeadmisionescolar.cl%2F&amp;data=05%7C01%7Ccamilo.gomez%40mineduc.cl%7C379ffbbbf7f243ad4ecf08da7ae35d45%7C2e4cfe500580414093874ecde39def60%7C0%7C0%7C637957414218200468%7CUnknown%7CTWFpbGZsb3d8eyJWIjoiMC4wLjAwMDAiLCJQIjoiV2luMzIiLCJBTiI6Ik1haWwiLCJXVCI6Mn0%3D%7C3000%7C%7C%7C&amp;sdata=chDjCOqQ%2B%2Fsa%2BiZdwrujWFSwsteXwnP%2BrCT5fFpdP1k%3D&amp;reserved=0\" target=\"_blank\" rel=\"noopener noreferrer\">www.sistemadeadmisionescolar.cl<\/a>\u00a0las familias encontrar\u00e1n informaci\u00f3n relevante para definir su postulaci\u00f3n, como el Proyecto Educativo y Reglamento Interno de los establecimientos, su ubicaci\u00f3n, si tienen copago o son gratuitos, las actividades extraprogram\u00e1ticas que desarrollan, la cantidad de vacantes, entre otras.<\/p>\n<p class=\"v1MsoNormal\" style=\"text-align: justify;\">La postulaci\u00f3n se puede realizar hasta el 7 de septiembre. Postular antes o despu\u00e9s no influye en la asignaci\u00f3n de vacantes, pues todos quienes postulen dentro del plazo tendr\u00e1n las mismas oportunidades.<\/p>\n<p class=\"v1MsoNormal\" style=\"text-align: justify;\">En el caso de las familias extranjeras, podr\u00eda requerirse alg\u00fan tr\u00e1mite previo antes de postular, como obtener identificaci\u00f3n provisoria para el apoderado\/a o estudiante. Todos estos tr\u00e1mites se pueden hacer en l\u00ednea en\u00a0<a href=\"https:\/\/nam02.safelinks.protection.outlook.com\/?url=http%3A%2F%2Fwww.ayudamineduc.cl%2Ftramites-en-linea&amp;data=05%7C01%7Ccamilo.gomez%40mineduc.cl%7C379ffbbbf7f243ad4ecf08da7ae35d45%7C2e4cfe500580414093874ecde39def60%7C0%7C0%7C637957414218200468%7CUnknown%7CTWFpbGZsb3d8eyJWIjoiMC4wLjAwMDAiLCJQIjoiV2luMzIiLCJBTiI6Ik1haWwiLCJXVCI6Mn0%3D%7C3000%7C%7C%7C&amp;sdata=on1p6EDYmbjGICeJI%2FL%2FK79FFnTCy1zOwxW4AgoGP2o%3D&amp;reserved=0\" target=\"_blank\" rel=\"noopener noreferrer\">www.ayudamineduc.cl\/tramites-en-linea<\/a>.<\/p>\n<p class=\"v1MsoNormal\" style=\"text-align: justify;\">Los resultados de esta etapa se conocer\u00e1n entre el 24 y el 28 de octubre.<\/p>\n<p class=\"v1MsoNormal\" style=\"text-align: justify;\"><b>\u00bfQui\u00e9nes deben postular?<\/b><\/p>\n<p class=\"v1MsoNormal\" style=\"text-align: justify;\">Deben postular las y los estudiantes que ingresen por primera vez a un establecimiento p\u00fablico o particular subvencionado, quienes quieran cambiarse de establecimiento o se encuentren actualmente en un establecimiento que no tiene continuidad en el siguiente nivel, y quienes quieran reingresar al sistema escolar.<\/p>\n<p class=\"v1MsoNormal\" style=\"text-align: justify;\"><b>\u00bfQui\u00e9nes NO deben postular al proceso de Admisi\u00f3n Escolar 2023?<\/b><\/p>\n<p class=\"v1MsoNormal\" style=\"text-align: justify;\">Quienes no desean cambiarse de establecimiento, quienes quieren ingresar a un jard\u00edn Junji, Integra, escuelas de p\u00e1rvulos, a una escuela de Educaci\u00f3n Especial o un establecimiento que imparta Educaci\u00f3n de Adultos, y quienes quieran ingresar a un establecimiento particular pagado.<\/p>\n<p class=\"v1MsoNormal\" style=\"text-align: justify;\"><b>\u00bfCu\u00e1les son los pasos para postular al proceso de Admisi\u00f3n Escolar 2023?<\/b><\/p>\n<ol style=\"text-align: justify;\" start=\"1\" type=\"1\">\n<li class=\"v1MsoNormal\">Contar con RUN chileno, o en el caso de familias extranjeras, contar con el Identificador Provisorio Escolar (IPE) y\/o el Identificador Provisorio del Apoderado (IPA), seg\u00fan corresponda.<b><\/b><\/li>\n<li class=\"v1MsoNormal\">Entrar a la p\u00e1gina web\u00a0<a href=\"https:\/\/nam02.safelinks.protection.outlook.com\/?url=http%3A%2F%2Fwww.sistemadeadmisionescolar.cl%2F&amp;data=05%7C01%7Ccamilo.gomez%40mineduc.cl%7C379ffbbbf7f243ad4ecf08da7ae35d45%7C2e4cfe500580414093874ecde39def60%7C0%7C0%7C637957414218200468%7CUnknown%7CTWFpbGZsb3d8eyJWIjoiMC4wLjAwMDAiLCJQIjoiV2luMzIiLCJBTiI6Ik1haWwiLCJXVCI6Mn0%3D%7C3000%7C%7C%7C&amp;sdata=chDjCOqQ%2B%2Fsa%2BiZdwrujWFSwsteXwnP%2BrCT5fFpdP1k%3D&amp;reserved=0\" target=\"_blank\" rel=\"noopener noreferrer\">www.sistemadeadmisionescolar.cl<\/a>\u00a0e ingresar con las credenciales de usuario. En caso de no estar registrado, antes de postular deber\u00e1 ingresar a \u2018\u2019REGISTRARME\u2019\u2019 y completar toda la informaci\u00f3n solicitada. S\u00f3lo podr\u00e1n registrarse y realizar la postulaci\u00f3n las personas con relaci\u00f3n consangu\u00ednea con el estudiante o no consangu\u00ednea, pero que tengan la tutor\u00eda legal.<\/li>\n<li class=\"v1MsoNormal\">Luego de ingresar a la plataforma web con las credenciales de usuario, el apoderado puede buscar informaci\u00f3n acerca de los establecimientos educacionales de inter\u00e9s para su(s) hijo(a)(s), agregarlos en su listado y ordenarlos de acuerdo a su preferencia.<\/li>\n<\/ol>\n<p class=\"v1MsoNormal\" style=\"text-align: justify;\">Como \u00faltimo paso, se env\u00eda la postulaci\u00f3n y se descarga el comprobante. Al finalizar, hay que cerrar la sesi\u00f3n. El comprobante ser\u00e1 enviado al correo electr\u00f3nico registrado.<\/p>\n<\/div><\/section><\/div><div  style='height:50px' class='hr hr-invisible   avia-builder-el-6  el_after_av_one_full  el_before_av_social_share '><span class='hr-inner ' ><span class='hr-inner-style'><\/span><\/span><\/div><\/p>\n<div  class='av-social-sharing-box  avia-builder-el-7  el_after_av_hr  el_before_av_hr  '><div class='av-share-box'><h5 class='av-share-link-description av-no-toc '>Compartir esta noticia<\/h5><ul class='av-share-box-list noLightbox'><li class='av-share-link av-social-link-facebook' ><a target=\"_blank\" aria-label=\"Compartir en Facebook\" href='https:\/\/www.facebook.com\/sharer.php?u=https:\/\/radiorevelacionfm.cl\/?p=20336&#038;t=Mineduc%20dio%20inicio%20al%20periodo%20de%20postulaci%C3%B3n%20para%20la%20Admisi%C3%B3n%20Escolar%202023' aria-hidden='false' data-av_icon='\ue8f3' data-av_iconfont='entypo-fontello' title='' data-avia-related-tooltip='Compartir en Facebook' rel=\"noopener\"><span class='avia_hidden_link_text'>Compartir en Facebook<\/span><\/a><\/li><li class='av-share-link av-social-link-twitter' ><a target=\"_blank\" aria-label=\"Compartir en Twitter\" href='https:\/\/twitter.com\/share?text=Mineduc%20dio%20inicio%20al%20periodo%20de%20postulaci%C3%B3n%20para%20la%20Admisi%C3%B3n%20Escolar%202023&#038;url=https:\/\/radiorevelacionfm.cl\/?p=20336' aria-hidden='false' data-av_icon='\ue8f1' data-av_iconfont='entypo-fontello' title='' data-avia-related-tooltip='Compartir en Twitter' rel=\"noopener\"><span class='avia_hidden_link_text'>Compartir en Twitter<\/span><\/a><\/li><li class='av-share-link av-social-link-whatsapp' ><a target=\"_blank\" aria-label=\"Compartir en Whatsapp\" href='https:\/\/api.whatsapp.com\/send?text=https:\/\/radiorevelacionfm.cl\/?p=20336' aria-hidden='false' data-av_icon='\uf232' data-av_iconfont='entypo-fontello' title='' data-avia-related-tooltip='Compartir en Whatsapp' rel=\"noopener\"><span class='avia_hidden_link_text'>Compartir en Whatsapp<\/span><\/a><\/li><li class='av-share-link av-social-link-linkedin' ><a target=\"_blank\" aria-label=\"Compartir en LinkedIn\" href='https:\/\/linkedin.com\/shareArticle?mini=true&#038;title=Mineduc%20dio%20inicio%20al%20periodo%20de%20postulaci%C3%B3n%20para%20la%20Admisi%C3%B3n%20Escolar%202023&#038;url=https:\/\/radiorevelacionfm.cl\/?p=20336' aria-hidden='false' data-av_icon='\ue8fc' data-av_iconfont='entypo-fontello' title='' data-avia-related-tooltip='Compartir en LinkedIn' rel=\"noopener\"><span class='avia_hidden_link_text'>Compartir en LinkedIn<\/span><\/a><\/li><li class='av-share-link av-social-link-mail' ><a  aria-label=\"Compartir por correo\" href='mailto:?subject=Mineduc%20dio%20inicio%20al%20periodo%20de%20postulaci%C3%B3n%20para%20la%20Admisi%C3%B3n%20Escolar%202023&#038;body=https:\/\/radiorevelacionfm.cl\/?p=20336' aria-hidden='false' data-av_icon='\ue805' data-av_iconfont='entypo-fontello' title='' data-avia-related-tooltip='Compartir por correo'><span class='avia_hidden_link_text'>Compartir por correo<\/span><\/a><\/li><\/ul><\/div><\/div>\n<div  style='height:50px' class='hr hr-invisible   avia-builder-el-8  el_after_av_social_share  el_before_av_comments_list '><span class='hr-inner ' ><span class='hr-inner-style'><\/span><\/span><\/div>\n<div  class='av-buildercomment  av-blog-meta-html-info-disabled av-blog-meta-tag-disabled  '><\/div>\n","protected":false},"excerpt":{"rendered":"","protected":false},"author":1,"featured_media":20338,"comment_status":"open","ping_status":"open","sticky":false,"template":"","format":"standard","meta":{"footnotes":""},"categories":[49],"tags":[],"class_list":["post-20336","post","type-post","status-publish","format-standard","has-post-thumbnail","hentry","category-educacion"],"jetpack_featured_media_url":"https:\/\/radiorevelacionfm.cl\/wp-content\/uploads\/2022\/08\/admision-escolar1-1-1.jpg","_links":{"self":[{"href":"https:\/\/radiorevelacionfm.cl\/index.php?rest_route=\/wp\/v2\/posts\/20336","targetHints":{"allow":["GET"]}}],"collection":[{"href":"https:\/\/radiorevelacionfm.cl\/index.php?rest_route=\/wp\/v2\/posts"}],"about":[{"href":"https:\/\/radiorevelacionfm.cl\/index.php?rest_route=\/wp\/v2\/types\/post"}],"author":[{"embeddable":true,"href":"https:\/\/radiorevelacionfm.cl\/index.php?rest_route=\/wp\/v2\/users\/1"}],"replies":[{"embeddable":true,"href":"https:\/\/radiorevelacionfm.cl\/index.php?rest_route=%2Fwp%2Fv2%2Fcomments&post=20336"}],"version-history":[{"count":2,"href":"https:\/\/radiorevelacionfm.cl\/index.php?rest_route=\/wp\/v2\/posts\/20336\/revisions"}],"predecessor-version":[{"id":20360,"href":"https:\/\/radiorevelacionfm.cl\/index.php?rest_route=\/wp\/v2\/posts\/20336\/revisions\/20360"}],"wp:featuredmedia":[{"embeddable":true,"href":"https:\/\/radiorevelacionfm.cl\/index.php?rest_route=\/wp\/v2\/media\/20338"}],"wp:attachment":[{"href":"https:\/\/radiorevelacionfm.cl\/index.php?rest_route=%2Fwp%2Fv2%2Fmedia&parent=20336"}],"wp:term":[{"taxonomy":"category","embeddable":true,"href":"https:\/\/radiorevelacionfm.cl\/index.php?rest_route=%2Fwp%2Fv2%2Fcategories&post=20336"},{"taxonomy":"post_tag","embeddable":true,"href":"https:\/\/radiorevelacionfm.cl\/index.php?rest_route=%2Fwp%2Fv2%2Ftags&post=20336"}],"curies":[{"name":"wp","href":"https:\/\/api.w.org\/{rel}","templated":true}]}}