{"id":2033,"date":"2021-01-22T18:47:56","date_gmt":"2021-01-22T21:47:56","guid":{"rendered":"https:\/\/radiorevelacionfm.cl\/?p=2033"},"modified":"2021-01-22T18:47:56","modified_gmt":"2021-01-22T21:47:56","slug":"director-del-ssa-se-refiere-a-denuncia-de-acoso-sexual-nuestro-servicio-siempre-velara-por-el-bienestar-de-sus-funcionarios","status":"publish","type":"post","link":"https:\/\/radiorevelacionfm.cl\/?p=2033","title":{"rendered":"Director del SSA se refiere a denuncia de Acoso Sexual: \u201cNuestro Servicio siempre velar\u00e1 por el bienestar de sus funcionarios\u201d"},"content":{"rendered":"<div class=\"flex_column av_one_full  flex_column_div av-zero-column-padding first  avia-builder-el-0  el_before_av_one_full  avia-builder-el-first  \" style='border-radius:0px; '><div  class='avia-image-container  av-styling-    avia-builder-el-1  avia-builder-el-no-sibling  avia-align-center '  itemprop=\"image\" itemscope=\"itemscope\" itemtype=\"https:\/\/schema.org\/ImageObject\"  ><div class='avia-image-container-inner'><div class='avia-image-overlay-wrap'><img decoding=\"async\" class='wp-image-0 avia-img-lazy-loading-not-0 avia_image' src=\"https:\/\/radiorevelacionfm.cl\/wp-content\/uploads\/2021\/01\/Director-SSA-1.png\" alt='' title=''   itemprop=\"thumbnailUrl\"  \/><\/div><\/div><\/div><\/div><div class=\"flex_column av_one_full  flex_column_div av-zero-column-padding first  avia-builder-el-2  el_after_av_one_full  el_before_av_one_full  column-top-margin\" style='border-radius:0px; '><section class=\"av_textblock_section \"  itemscope=\"itemscope\" itemtype=\"https:\/\/schema.org\/BlogPosting\" itemprop=\"blogPost\" ><div class='avia_textblock  '   itemprop=\"text\" ><p style=\"text-align: center;\"><span style=\"font-size: 18pt;\"><strong>Director del SSA se refiere a denuncia de Acoso Sexual: \u201cNuestro Servicio siempre velar\u00e1 por el bienestar de sus funcionarios\u201d<\/strong><\/span><\/p>\n<div id=\"gtx-trans\" style=\"position: absolute; left: -50px; top: 4.31534px;\">\n<div class=\"gtx-trans-icon\"><\/div>\n<\/div>\n<\/div><\/section><\/div><div class=\"flex_column av_one_full  flex_column_div av-zero-column-padding first  avia-builder-el-4  el_after_av_one_full  el_before_av_hr  column-top-margin\" style='border-radius:0px; '><section class=\"av_textblock_section \"  itemscope=\"itemscope\" itemtype=\"https:\/\/schema.org\/BlogPosting\" itemprop=\"blogPost\" ><div class='avia_textblock  '   itemprop=\"text\" ><p style=\"text-align: justify;\">El director del Servicio de Salud Ays\u00e9n, Gabriel Burgos, se refiri\u00f3 a la denuncia de acoso sexual y vulneraci\u00f3n de derechos fundamentales que una trabajadora de la entidad dispuso en contra de otro funcionario del mismo servicio, y cuya causa se encuentra en tramitaci\u00f3n en el Juzgado del Trabajo.<\/p>\n<p style=\"text-align: justify;\">\u201cEstamos muy pendientes de esta denuncia, y debemos mencionar que desde que nuestra funcionaria comunic\u00f3 la situaci\u00f3n se instruy\u00f3 un sumario administrativo que se encuentra en curso. Adem\u00e1s, se activaron todos los protocolos correspondientes para brindarle el apoyo a trav\u00e9s de nuestra unidad de calidad de vida y externa como es la mutualidad respectiva\u201d, indic\u00f3 Burgos.<\/p>\n<p style=\"text-align: justify;\">Asimismo, el directivo destac\u00f3, \u201ca partir de la fecha de la denuncia, a nuestra funcionaria se le ha ido renovando su contrato de trabajo, como as\u00ed tambi\u00e9n se consensuo la modalidad de teletrabajo y apoyar al Hospital de Ays\u00e9n, entendiendo que ella es de esa ciudad, de manera de evitar su traslado diario a Coyhaique\u201d.<\/p>\n<p style=\"text-align: justify;\">Destacar igualmente, que el Fiscal -que es la \u00fanica persona que tiene esta atribuci\u00f3n- determin\u00f3 que el funcionario inculpado contin\u00fae con sus labores mientras se desarrolla la investigaci\u00f3n.<\/p>\n<p style=\"text-align: justify;\">\u201cNuestro Servicio siempre velar\u00e1 por el bienestar de sus funcionarios, entendiendo que es importante que las personas se sientan de la mejor forma en sus lugares de trabajo. Adem\u00e1s, nuestro compromiso es que en toda ocasi\u00f3n se van a ejecutar los protocolos correspondientes en distintas situaciones que sucedan, de manera de aclarar todos los temas\u201d, puntualiz\u00f3 Gabriel Burgos, director del Servicio de Salud Ays\u00e9n.<\/p>\n<p style=\"text-align: justify;\">Para finalizar, el Servicio de Salud Ays\u00e9n cuenta con un Procedimiento Interno de denuncia, investigaci\u00f3n y sanci\u00f3n del maltrato, acoso laboral y acoso sexual, lo que permite contar con un instrumento adecuado de apoyo, que puede ser utilizado por toda persona, independiente de su calidad jur\u00eddica ya sea titular, contrata, suplencia, compra de servicio, honorario e incluso, alumnos en pr\u00e1ctica.<\/p>\n<\/div><\/section><\/div><div  style='height:50px' class='hr hr-invisible   avia-builder-el-6  el_after_av_one_full  el_before_av_social_share '><span class='hr-inner ' ><span class='hr-inner-style'><\/span><\/span><\/div><\/p>\n<div  class='av-social-sharing-box  avia-builder-el-7  el_after_av_hr  el_before_av_hr  '><div class='av-share-box'><h5 class='av-share-link-description av-no-toc '>Compartir esta noticia<\/h5><ul class='av-share-box-list noLightbox'><li class='av-share-link av-social-link-facebook' ><a target=\"_blank\" aria-label=\"Compartir en Facebook\" href='https:\/\/www.facebook.com\/sharer.php?u=https:\/\/radiorevelacionfm.cl\/?p=2033&#038;t=Director%20del%20SSA%20se%20refiere%20a%20denuncia%20de%20Acoso%20Sexual%3A%20%E2%80%9CNuestro%20Servicio%20siempre%20velar%C3%A1%20por%20el%20bienestar%20de%20sus%20funcionarios%E2%80%9D' aria-hidden='false' data-av_icon='\ue8f3' data-av_iconfont='entypo-fontello' title='' data-avia-related-tooltip='Compartir en Facebook' rel=\"noopener\"><span class='avia_hidden_link_text'>Compartir en Facebook<\/span><\/a><\/li><li class='av-share-link av-social-link-twitter' ><a target=\"_blank\" aria-label=\"Compartir en Twitter\" href='https:\/\/twitter.com\/share?text=Director%20del%20SSA%20se%20refiere%20a%20denuncia%20de%20Acoso%20Sexual%3A%20%E2%80%9CNuestro%20Servicio%20siempre%20velar%C3%A1%20por%20el%20bienestar%20de%20sus%20funcionarios%E2%80%9D&#038;url=https:\/\/radiorevelacionfm.cl\/?p=2033' aria-hidden='false' data-av_icon='\ue8f1' data-av_iconfont='entypo-fontello' title='' data-avia-related-tooltip='Compartir en Twitter' rel=\"noopener\"><span class='avia_hidden_link_text'>Compartir en Twitter<\/span><\/a><\/li><li class='av-share-link av-social-link-whatsapp' ><a target=\"_blank\" aria-label=\"Compartir en Whatsapp\" href='https:\/\/api.whatsapp.com\/send?text=https:\/\/radiorevelacionfm.cl\/?p=2033' aria-hidden='false' data-av_icon='\uf232' data-av_iconfont='entypo-fontello' title='' data-avia-related-tooltip='Compartir en Whatsapp' rel=\"noopener\"><span class='avia_hidden_link_text'>Compartir en Whatsapp<\/span><\/a><\/li><li class='av-share-link av-social-link-linkedin' ><a target=\"_blank\" aria-label=\"Compartir en LinkedIn\" href='https:\/\/linkedin.com\/shareArticle?mini=true&#038;title=Director%20del%20SSA%20se%20refiere%20a%20denuncia%20de%20Acoso%20Sexual%3A%20%E2%80%9CNuestro%20Servicio%20siempre%20velar%C3%A1%20por%20el%20bienestar%20de%20sus%20funcionarios%E2%80%9D&#038;url=https:\/\/radiorevelacionfm.cl\/?p=2033' aria-hidden='false' data-av_icon='\ue8fc' data-av_iconfont='entypo-fontello' title='' data-avia-related-tooltip='Compartir en LinkedIn' rel=\"noopener\"><span class='avia_hidden_link_text'>Compartir en LinkedIn<\/span><\/a><\/li><li class='av-share-link av-social-link-mail' ><a  aria-label=\"Compartir por correo\" href='mailto:?subject=Director%20del%20SSA%20se%20refiere%20a%20denuncia%20de%20Acoso%20Sexual%3A%20%E2%80%9CNuestro%20Servicio%20siempre%20velar%C3%A1%20por%20el%20bienestar%20de%20sus%20funcionarios%E2%80%9D&#038;body=https:\/\/radiorevelacionfm.cl\/?p=2033' aria-hidden='false' data-av_icon='\ue805' data-av_iconfont='entypo-fontello' title='' data-avia-related-tooltip='Compartir por correo'><span class='avia_hidden_link_text'>Compartir por correo<\/span><\/a><\/li><\/ul><\/div><\/div>\n<div  style='height:50px' class='hr hr-invisible   avia-builder-el-8  el_after_av_social_share  el_before_av_comments_list '><span class='hr-inner ' ><span class='hr-inner-style'><\/span><\/span><\/div>\n<div  class='av-buildercomment  av-blog-meta-html-info-disabled av-blog-meta-tag-disabled  '><\/div>\n","protected":false},"excerpt":{"rendered":"","protected":false},"author":1,"featured_media":0,"comment_status":"open","ping_status":"open","sticky":false,"template":"","format":"standard","meta":{"footnotes":""},"categories":[38],"tags":[],"class_list":["post-2033","post","type-post","status-publish","format-standard","hentry","category-regional"],"jetpack_featured_media_url":"","_links":{"self":[{"href":"https:\/\/radiorevelacionfm.cl\/index.php?rest_route=\/wp\/v2\/posts\/2033","targetHints":{"allow":["GET"]}}],"collection":[{"href":"https:\/\/radiorevelacionfm.cl\/index.php?rest_route=\/wp\/v2\/posts"}],"about":[{"href":"https:\/\/radiorevelacionfm.cl\/index.php?rest_route=\/wp\/v2\/types\/post"}],"author":[{"embeddable":true,"href":"https:\/\/radiorevelacionfm.cl\/index.php?rest_route=\/wp\/v2\/users\/1"}],"replies":[{"embeddable":true,"href":"https:\/\/radiorevelacionfm.cl\/index.php?rest_route=%2Fwp%2Fv2%2Fcomments&post=2033"}],"version-history":[{"count":1,"href":"https:\/\/radiorevelacionfm.cl\/index.php?rest_route=\/wp\/v2\/posts\/2033\/revisions"}],"predecessor-version":[{"id":2035,"href":"https:\/\/radiorevelacionfm.cl\/index.php?rest_route=\/wp\/v2\/posts\/2033\/revisions\/2035"}],"wp:attachment":[{"href":"https:\/\/radiorevelacionfm.cl\/index.php?rest_route=%2Fwp%2Fv2%2Fmedia&parent=2033"}],"wp:term":[{"taxonomy":"category","embeddable":true,"href":"https:\/\/radiorevelacionfm.cl\/index.php?rest_route=%2Fwp%2Fv2%2Fcategories&post=2033"},{"taxonomy":"post_tag","embeddable":true,"href":"https:\/\/radiorevelacionfm.cl\/index.php?rest_route=%2Fwp%2Fv2%2Ftags&post=2033"}],"curies":[{"name":"wp","href":"https:\/\/api.w.org\/{rel}","templated":true}]}}