{"id":20321,"date":"2022-08-13T22:32:17","date_gmt":"2022-08-14T01:32:17","guid":{"rendered":"https:\/\/radiorevelacionfm.cl\/?p=20321"},"modified":"2022-08-13T22:32:17","modified_gmt":"2022-08-14T01:32:17","slug":"a-nivel-nacional-hasta-181-detenciones-por-parte-de-carabineros-registran-delincuentes-aprehendidos-este-ano-por-delitos-graves","status":"publish","type":"post","link":"https:\/\/radiorevelacionfm.cl\/?p=20321","title":{"rendered":"A nivel nacional: hasta 181 detenciones por parte de Carabineros registran delincuentes aprehendidos este a\u00f1o por delitos graves"},"content":{"rendered":"<div class=\"flex_column av_one_full  flex_column_div av-zero-column-padding first  avia-builder-el-0  el_before_av_one_full  avia-builder-el-first  \" style='border-radius:0px; '><div  class='avia-image-container  av-styling-    avia-builder-el-1  avia-builder-el-no-sibling  avia-align-center '  itemprop=\"image\" itemscope=\"itemscope\" itemtype=\"https:\/\/schema.org\/ImageObject\"  ><div class='avia-image-container-inner'><div class='avia-image-overlay-wrap'><img decoding=\"async\" class='wp-image-20322 avia-img-lazy-loading-not-20322 avia_image' src=\"https:\/\/radiorevelacionfm.cl\/wp-content\/uploads\/2022\/08\/0faa3ea4-8728-426d-9013-f812487a55fb-1-1_optimized.jpg\" alt='' title='0faa3ea4-8728-426d-9013-f812487a55fb-(1)-(1)_optimized' height=\"600\" width=\"913\"  itemprop=\"thumbnailUrl\" srcset=\"https:\/\/radiorevelacionfm.cl\/wp-content\/uploads\/2022\/08\/0faa3ea4-8728-426d-9013-f812487a55fb-1-1_optimized.jpg 913w, https:\/\/radiorevelacionfm.cl\/wp-content\/uploads\/2022\/08\/0faa3ea4-8728-426d-9013-f812487a55fb-1-1_optimized-300x197.jpg 300w, https:\/\/radiorevelacionfm.cl\/wp-content\/uploads\/2022\/08\/0faa3ea4-8728-426d-9013-f812487a55fb-1-1_optimized-768x505.jpg 768w, https:\/\/radiorevelacionfm.cl\/wp-content\/uploads\/2022\/08\/0faa3ea4-8728-426d-9013-f812487a55fb-1-1_optimized-705x463.jpg 705w, https:\/\/radiorevelacionfm.cl\/wp-content\/uploads\/2022\/08\/0faa3ea4-8728-426d-9013-f812487a55fb-1-1_optimized-600x394.jpg 600w\" sizes=\"(max-width: 913px) 100vw, 913px\" \/><\/div><\/div><\/div><\/div><div class=\"flex_column av_one_full  flex_column_div av-zero-column-padding first  avia-builder-el-2  el_after_av_one_full  el_before_av_one_full  column-top-margin\" style='border-radius:0px; '><section class=\"av_textblock_section \"  itemscope=\"itemscope\" itemtype=\"https:\/\/schema.org\/BlogPosting\" itemprop=\"blogPost\" ><div class='avia_textblock  '   itemprop=\"text\" ><p style=\"text-align: center;\"><strong><span style=\"font-size: 18pt;\">A nivel nacional: hasta 181 detenciones por parte de Carabineros registran delincuentes aprehendidos este a\u00f1o por delitos graves<\/span><\/strong><\/p>\n<div id=\"gtx-trans\" style=\"position: absolute; left: -50px; top: 4.31534px;\">\n<div class=\"gtx-trans-icon\"><\/div>\n<\/div>\n<\/div><\/section><\/div><div class=\"flex_column av_one_full  flex_column_div av-zero-column-padding first  avia-builder-el-4  el_after_av_one_full  el_before_av_hr  column-top-margin\" style='border-radius:0px; '><section class=\"av_textblock_section \"  itemscope=\"itemscope\" itemtype=\"https:\/\/schema.org\/BlogPosting\" itemprop=\"blogPost\" ><div class='avia_textblock  '   itemprop=\"text\" ><p class=\"v1MsoNormal\" style=\"text-align: justify;\">Un revelador an\u00e1lisis dio a conocer la polic\u00eda uniformada respecto a la delincuencia que afecta al pa\u00eds. Seg\u00fan inform\u00f3 el Director Nacional de Orden y Seguridad, General Inspector Marcelo Araya Zapata, hasta 181 detenciones por parte de Carabineros registran los delincuentes m\u00e1s prol\u00edficos entre los aprehendidos este a\u00f1o por cometer delitos graves. En este caso, se trata de un antisocial de 31 a\u00f1os, oriundo de Limache, quien ha sido capturado desde 2005 por diversos il\u00edcitos; entre ellos, hurtos y, la m\u00e1s reciente, por robo.<\/p>\n<p class=\"v1MsoNormal\" style=\"text-align: justify;\">\u00abLas reiteraciones delictuales m\u00e1s importantes se dan entre los detenidos de este a\u00f1o por robos (con violencia y con fuerza), pues el 84% de ellos, que corresponde a m\u00e1s de diez mil sujetos, registra m\u00e1s de una detenci\u00f3n por parte de Carabineros y el 57% (6.006 personas) ha sido capturado por nuestro personal en m\u00e1s de diez ocasiones. Lo m\u00e1s preocupante es que en este \u00faltimo grupo hay quienes no solo han cometido robos, sino tambi\u00e9n homicidio, violaci\u00f3n, lesiones e infracciones a la Ley de Drogas y de Armas\u00bb, se\u00f1al\u00f3 el alto oficial.<\/p>\n<p class=\"v1MsoNormal\" style=\"text-align: justify;\">\u00abEstas cifras son una muestra clara del compromiso a toda prueba y el trabajo incansable de nuestros carabineros, que se arriesgan a diario por proteger a la ciudadan\u00eda y cumplen con su deber todas las veces que sea necesario. As\u00ed seguiremos haci\u00e9ndolo. Pueden contar con eso\u00bb, afirm\u00f3.<\/p>\n<p class=\"v1MsoNormal\" style=\"text-align: justify;\">\u00abAprovecho de destacar, en nombre de nuestro General Director y el m\u00edo propio, el esfuerzo inagotable de los 60 mil hombres y mujeres que forman Carabineros. \u00a0\u00a0\u00a0La suma de estas voluntades que, d\u00eda y noche se esmeran por resguardar a todos los habitantes del pa\u00eds, es la que est\u00e1 premiando la ciudadan\u00eda con su confianza, que sigue creciendo y que por cierto, tambi\u00e9n agradecemos\u00bb, enfatiz\u00f3 el General Inspector Araya.<\/p>\n<p class=\"v1MsoNormal\" style=\"text-align: justify;\"><b>Robo violento de veh\u00edculos<\/b><\/p>\n<p class=\"v1MsoNormal\" style=\"text-align: justify;\">Acerca del Robo Violento de Veh\u00edculos (portonazos y encerronas), el estudio del Departamento de An\u00e1lisis Criminal arroja que el 70% de los detenidos de este a\u00f1o cuenta con m\u00e1s de una detenci\u00f3n por parte de Carabineros. Y el 24% ha sido aprehendido por los uniformados m\u00e1s de diez veces. El r\u00e9cord de 131 detenciones lo tiene un hombre de 39 a\u00f1os, de la ciudad de Los \u00c1ngeles, quien desde 2005 tambi\u00e9n ha sido sorprendido circulando con \u00f3rdenes judiciales pendientes y cometiendo hurtos, lo que da cuenta de su evoluci\u00f3n criminal hacia hechos cada vez m\u00e1s violentos.<\/p>\n<p class=\"v1MsoNormal\" style=\"text-align: justify;\"><b>Infracciones a la Ley de Armas<\/b><\/p>\n<p class=\"v1MsoNormal\" style=\"text-align: justify;\">El m\u00e1s reiterativo de los aprehendidos este a\u00f1o por infracci\u00f3n a la Ley de Armas, es oriundo de Osorno, tiene 40 a\u00f1os y 108 detenciones por Carabineros desde 2005. Aunque tambi\u00e9n ha cometido robos en su trayectoria criminal.<\/p>\n<p class=\"v1MsoNormal\" style=\"text-align: justify;\">De este grupo de aprehendidos por usar o portar armas, el 71% ha sido capturado en m\u00e1s de una ocasi\u00f3n por los uniformados, y el 30% ha sido conducido a los calabozos de comisar\u00edas m\u00e1s de diez veces. Aqu\u00ed figuran individuos que tambi\u00e9n han protagonizado homicidios, violaciones y lesiones, entre otros il\u00edcitos graves.<\/p>\n<\/div><\/section><\/div><div  style='height:50px' class='hr hr-invisible   avia-builder-el-6  el_after_av_one_full  el_before_av_social_share '><span class='hr-inner ' ><span class='hr-inner-style'><\/span><\/span><\/div><\/p>\n<div  class='av-social-sharing-box  avia-builder-el-7  el_after_av_hr  el_before_av_hr  '><div class='av-share-box'><h5 class='av-share-link-description av-no-toc '>Compartir esta noticia<\/h5><ul class='av-share-box-list noLightbox'><li class='av-share-link av-social-link-facebook' ><a target=\"_blank\" aria-label=\"Compartir en Facebook\" href='https:\/\/www.facebook.com\/sharer.php?u=https:\/\/radiorevelacionfm.cl\/?p=20321&#038;t=A%20nivel%20nacional%3A%20hasta%20181%20detenciones%20por%20parte%20de%20Carabineros%20registran%20delincuentes%20aprehendidos%20este%20a%C3%B1o%20por%20delitos%20graves' aria-hidden='false' data-av_icon='\ue8f3' data-av_iconfont='entypo-fontello' title='' data-avia-related-tooltip='Compartir en Facebook' rel=\"noopener\"><span class='avia_hidden_link_text'>Compartir en Facebook<\/span><\/a><\/li><li class='av-share-link av-social-link-twitter' ><a target=\"_blank\" aria-label=\"Compartir en Twitter\" href='https:\/\/twitter.com\/share?text=A%20nivel%20nacional%3A%20hasta%20181%20detenciones%20por%20parte%20de%20Carabineros%20registran%20delincuentes%20aprehendidos%20este%20a%C3%B1o%20por%20delitos%20graves&#038;url=https:\/\/radiorevelacionfm.cl\/?p=20321' aria-hidden='false' data-av_icon='\ue8f1' data-av_iconfont='entypo-fontello' title='' data-avia-related-tooltip='Compartir en Twitter' rel=\"noopener\"><span class='avia_hidden_link_text'>Compartir en Twitter<\/span><\/a><\/li><li class='av-share-link av-social-link-whatsapp' ><a target=\"_blank\" aria-label=\"Compartir en Whatsapp\" href='https:\/\/api.whatsapp.com\/send?text=https:\/\/radiorevelacionfm.cl\/?p=20321' aria-hidden='false' data-av_icon='\uf232' data-av_iconfont='entypo-fontello' title='' data-avia-related-tooltip='Compartir en Whatsapp' rel=\"noopener\"><span class='avia_hidden_link_text'>Compartir en Whatsapp<\/span><\/a><\/li><li class='av-share-link av-social-link-linkedin' ><a target=\"_blank\" aria-label=\"Compartir en LinkedIn\" href='https:\/\/linkedin.com\/shareArticle?mini=true&#038;title=A%20nivel%20nacional%3A%20hasta%20181%20detenciones%20por%20parte%20de%20Carabineros%20registran%20delincuentes%20aprehendidos%20este%20a%C3%B1o%20por%20delitos%20graves&#038;url=https:\/\/radiorevelacionfm.cl\/?p=20321' aria-hidden='false' data-av_icon='\ue8fc' data-av_iconfont='entypo-fontello' title='' data-avia-related-tooltip='Compartir en LinkedIn' rel=\"noopener\"><span class='avia_hidden_link_text'>Compartir en LinkedIn<\/span><\/a><\/li><li class='av-share-link av-social-link-mail' ><a  aria-label=\"Compartir por correo\" href='mailto:?subject=A%20nivel%20nacional%3A%20hasta%20181%20detenciones%20por%20parte%20de%20Carabineros%20registran%20delincuentes%20aprehendidos%20este%20a%C3%B1o%20por%20delitos%20graves&#038;body=https:\/\/radiorevelacionfm.cl\/?p=20321' aria-hidden='false' data-av_icon='\ue805' data-av_iconfont='entypo-fontello' title='' data-avia-related-tooltip='Compartir por correo'><span class='avia_hidden_link_text'>Compartir por correo<\/span><\/a><\/li><\/ul><\/div><\/div>\n<div  style='height:50px' class='hr hr-invisible   avia-builder-el-8  el_after_av_social_share  el_before_av_comments_list '><span class='hr-inner ' ><span class='hr-inner-style'><\/span><\/span><\/div>\n<div  class='av-buildercomment  av-blog-meta-html-info-disabled av-blog-meta-tag-disabled  '><\/div>\n","protected":false},"excerpt":{"rendered":"","protected":false},"author":1,"featured_media":20322,"comment_status":"open","ping_status":"open","sticky":false,"template":"","format":"standard","meta":{"footnotes":""},"categories":[36],"tags":[],"class_list":["post-20321","post","type-post","status-publish","format-standard","has-post-thumbnail","hentry","category-policial"],"jetpack_featured_media_url":"https:\/\/radiorevelacionfm.cl\/wp-content\/uploads\/2022\/08\/0faa3ea4-8728-426d-9013-f812487a55fb-1-1_optimized.jpg","_links":{"self":[{"href":"https:\/\/radiorevelacionfm.cl\/index.php?rest_route=\/wp\/v2\/posts\/20321","targetHints":{"allow":["GET"]}}],"collection":[{"href":"https:\/\/radiorevelacionfm.cl\/index.php?rest_route=\/wp\/v2\/posts"}],"about":[{"href":"https:\/\/radiorevelacionfm.cl\/index.php?rest_route=\/wp\/v2\/types\/post"}],"author":[{"embeddable":true,"href":"https:\/\/radiorevelacionfm.cl\/index.php?rest_route=\/wp\/v2\/users\/1"}],"replies":[{"embeddable":true,"href":"https:\/\/radiorevelacionfm.cl\/index.php?rest_route=%2Fwp%2Fv2%2Fcomments&post=20321"}],"version-history":[{"count":2,"href":"https:\/\/radiorevelacionfm.cl\/index.php?rest_route=\/wp\/v2\/posts\/20321\/revisions"}],"predecessor-version":[{"id":20494,"href":"https:\/\/radiorevelacionfm.cl\/index.php?rest_route=\/wp\/v2\/posts\/20321\/revisions\/20494"}],"wp:featuredmedia":[{"embeddable":true,"href":"https:\/\/radiorevelacionfm.cl\/index.php?rest_route=\/wp\/v2\/media\/20322"}],"wp:attachment":[{"href":"https:\/\/radiorevelacionfm.cl\/index.php?rest_route=%2Fwp%2Fv2%2Fmedia&parent=20321"}],"wp:term":[{"taxonomy":"category","embeddable":true,"href":"https:\/\/radiorevelacionfm.cl\/index.php?rest_route=%2Fwp%2Fv2%2Fcategories&post=20321"},{"taxonomy":"post_tag","embeddable":true,"href":"https:\/\/radiorevelacionfm.cl\/index.php?rest_route=%2Fwp%2Fv2%2Ftags&post=20321"}],"curies":[{"name":"wp","href":"https:\/\/api.w.org\/{rel}","templated":true}]}}